{"id":10563,"date":"2018-11-01T13:05:44","date_gmt":"2018-11-01T12:05:44","guid":{"rendered":"http:\/\/www.lagottoromagnolo.org\/?p=10563"},"modified":"2025-01-28T07:57:22","modified_gmt":"2025-01-28T06:57:22","slug":"considerazioni-sul-portamento-della-coda-del-lagotto-romagnolo","status":"publish","type":"post","link":"http:\/\/www.lagottoromagnolo.org\/?p=10563","title":{"rendered":"Considerazioni sul portamento della coda del Lagotto Romagnolo"},"content":{"rendered":"<p><a href=\"http:\/\/www.lagottoromagnolo.org\/?page_id=74\">&gt;Indietro<\/a><\/p>\n<h4 style=\"text-align: center;\">di <strong>Andrea Langianni<\/strong><\/h4>\n<p style=\"text-align: center;\">Immagini di Laura Tanos<\/p>\n<p>Negli ultimi anni questa razza ha vissuto un\u2019 importante evoluzione e trovo opportuno cercare di fare un po\u2019 di chiarezza su questo argomento al fine di dare agli interessati gli strumenti per portare avanti un buon lavoro di selezione.<\/p>\n<p>Partendo dalle evidenze, di seguito viene riportato ci\u00f2 che \u00e8 scritto riguardo alla coda:<\/p>\n<p><strong>Dal libro \u201cIl Lagotto Romagnolo storie di cani e tartufai\u201d del Prof. Giovanni Morsiani del 1996.<br \/>\n<\/strong>CODA: Inserita a met\u00e0 altezza, affusolata alla punta, se stesa sfiora il garretto. E\u2019 ricoperta di pelo lanoso e ispido. Portata a scimitarra in riposo, si alza decisamente in attenzione. In lavoro o quando il cane \u00e8 eccitato pu\u00f2 essere portata anche notevolmente rialzata sulla linea del dorso, mai per\u00f2 incurvata ad anello.<\/p>\n<p><strong>Dallo Standard in vigore dal 01\/01\/2016<\/strong><br \/>\nCODA: Inserita non troppo alta n\u00e9 troppo bassa; si assottiglia verso l\u2019estremit\u00e0. Quando \u00e8 pendente, dovrebbe giusto arrivare al garretto. La coda \u00e8 ricoperta di pelo lanoso e ispido. A riposo \u00e8 portata a scimitarra; in attenzione decisamente rialzata. Al lavoro, o quando il cane \u00e8 eccitato pu\u00f2 essere portata sul dorso, ma mai arrotolata.<\/p>\n<p><strong>Dal libro di Morsiani e dal Commento allo Standard del 18\/11\/2017<br \/>\n<\/strong>CODA: La coda, inserita a mezza altezza, affusolata alla punta, se stesa sfiora il garretto. Portata a scimitarra in riposo, si rialza in attenzione. Quando l&#8217;animale \u00e8 eccitato o lavora, pu\u00f2 essere pi\u00f9 o meno sollevata sulla linea del dorso, ma mai incurvata ad anello (coda da volpino) o piegata sul dorso. I cuccioli portano sempre la coda arricciata.<br \/>\nDa penalizzare la coda a bandiera, corta (sopra il tarso), a candela. Difetto grave anche la coda \u00abfra le gambe\u00bb, segno di timidezza e turbe caratteriali. Per un cane da lavoro, come il Lagotto, che deve avere carattere e temperamento, fra i due difetti \u00e8 sempre meno grave quello della coda cosiddetta \u00aballegra\u00bb, purch\u00e9 non da terrier.<\/p>\n<p>Tra i difetti gravi: \u201cCoda piegata sul dorso o incurvata ad anello\u201d<\/p>\n<p>Illustrazione tratta dal libro di Morsiani:<\/p>\n<p><img loading=\"lazy\" decoding=\"async\" class=\"aligncenter wp-image-10564 size-large\" src=\"http:\/\/www.lagottoromagnolo.org\/wp-content\/uploads\/coda01-668x1024.jpg\" alt=\"\" width=\"668\" height=\"1024\" srcset=\"http:\/\/www.lagottoromagnolo.org\/wp-content\/uploads\/coda01-668x1024.jpg 668w, http:\/\/www.lagottoromagnolo.org\/wp-content\/uploads\/coda01-98x150.jpg 98w, http:\/\/www.lagottoromagnolo.org\/wp-content\/uploads\/coda01-196x300.jpg 196w, http:\/\/www.lagottoromagnolo.org\/wp-content\/uploads\/coda01.jpg 880w\" sizes=\"auto, (max-width: 668px) 100vw, 668px\" \/><\/p>\n<p>Partendo da quanto sopra, vorrei focalizzarmi sul portamento della coda quando il cane \u00e8 in movimento, sta lavorando oppure \u00e8 eccitato e per fare questo \u00e8 necessario partire dalla costruzione del cane. A mio avviso, una cosa di fondamentale importanza \u00e8 che siano rispettate le caratteristiche della groppa e quindi che questa sia lunga ed inclinata di 25\u00b0\/30\u00b0. Se la groppa sar\u00e0 corretta, la coda non potr\u00e0 essere inserita alta e di conseguenza non potr\u00e0 essere portata sul dorso, ma potr\u00e0 essere portata, correttamente, sopra la linea del dorso.<\/p>\n<p>Di seguito viene riportata un\u2019immagine che vuole illustrare vari tipo di portamento, indicando quelli corretti e quelli sbagliati:<\/p>\n<p><img loading=\"lazy\" decoding=\"async\" class=\"aligncenter size-full wp-image-10565\" src=\"http:\/\/www.lagottoromagnolo.org\/wp-content\/uploads\/coda02.jpg\" alt=\"\" width=\"656\" height=\"759\" srcset=\"http:\/\/www.lagottoromagnolo.org\/wp-content\/uploads\/coda02.jpg 656w, http:\/\/www.lagottoromagnolo.org\/wp-content\/uploads\/coda02-130x150.jpg 130w, http:\/\/www.lagottoromagnolo.org\/wp-content\/uploads\/coda02-259x300.jpg 259w\" sizes=\"auto, (max-width: 656px) 100vw, 656px\" \/><\/p>\n<p>(*) Questo tipo di coda \u00e8 da intendersi al limite tra una coda ben portata ed una mal portata, in quanto si pone notevolmente rialzata sulla linea del dorso, ma non si pu\u00f2 definire a candela, n\u00e9 tanto meno ricurva sul dorso.<\/p>\n<p>Da tener presente anche che il Lagotto, specialmente durante la cerca del tartufo, deve mostrare un brillante movimento di coda sempre crescente fino al raggiungimento del tartufo. Pertanto \u00e8 da preferire in questa circostanza una coda portata sul prolungamento della linea del dorso anzich\u00e9 portata a scimitarra.<\/p>\n<p>Tra i difetti gravi si parla anche di coda incurvata ad anello (coda da volpino), anche qui \u00e8 necessaria una precisazione, definiamo coda da volpino:<\/p>\n<p><img loading=\"lazy\" decoding=\"async\" class=\"size-full wp-image-10566 alignright\" src=\"http:\/\/www.lagottoromagnolo.org\/wp-content\/uploads\/coda03.jpg\" alt=\"\" width=\"162\" height=\"254\" srcset=\"http:\/\/www.lagottoromagnolo.org\/wp-content\/uploads\/coda03.jpg 162w, http:\/\/www.lagottoromagnolo.org\/wp-content\/uploads\/coda03-96x150.jpg 96w\" sizes=\"auto, (max-width: 162px) 100vw, 162px\" \/><br \/>\n<strong>Dallo standard del Volpino Italiano in vigore dal 01\/01\/2016<br \/>\n<\/strong>CODA: Inserita sul prolungamento della groppa, inserita alta e portata sempre arrotolata sul dorso e raggiungente il pi\u00f9 possibile il collo La sua lunghezza \u00e8 di poco inferiore all\u2019altezza al garrese. La coda \u00e8 robusta alla base e si assottiglia verso la punta; \u00e8 ricoperta da pelo lungo ed abbondante.<\/p>\n<p>&nbsp;<\/p>\n<p>&nbsp;<\/p>\n<p>&nbsp;<\/p>\n<p>&nbsp;<\/p>\n<p>Mentre l\u2019immagine riferita alla coda incurvata ad anello nel Lagotto \u00e8 questa:<img loading=\"lazy\" decoding=\"async\" class=\"wp-image-10567 size-medium alignright\" src=\"http:\/\/www.lagottoromagnolo.org\/wp-content\/uploads\/coda04-174x300.jpg\" alt=\"\" width=\"174\" height=\"300\" srcset=\"http:\/\/www.lagottoromagnolo.org\/wp-content\/uploads\/coda04-174x300.jpg 174w, http:\/\/www.lagottoromagnolo.org\/wp-content\/uploads\/coda04-87x150.jpg 87w, http:\/\/www.lagottoromagnolo.org\/wp-content\/uploads\/coda04.jpg 418w\" sizes=\"auto, (max-width: 174px) 100vw, 174px\" \/><\/p>\n<p>&nbsp;<\/p>\n<p>&nbsp;<\/p>\n<p>&nbsp;<\/p>\n<p>&nbsp;<\/p>\n<p>&nbsp;<\/p>\n<p>&nbsp;<\/p>\n<p>&nbsp;<\/p>\n<p>&nbsp;<\/p>\n<p>&nbsp;<\/p>\n<p>Questo tipo di coda lo si pu\u00f2 definire a candela (o bandiera) con la punta curva e credo sia meno grave rispetto alla coda da volpino anche se resta pur sempre un difetto.<\/p>\n<p>Cercando di definire una scala gerarchica del portamento della coda possiamo affermare che dalle pi\u00f9 corrette alle meno corrette vediamo:<\/p>\n<ul>\n<li>dritte ben portate<\/li>\n<li>dritte con la punta curva (o leggermente incurvate), ben portate<\/li>\n<li>dritte mal portate (a candela o ancora di pi\u00f9 sul dorso)<\/li>\n<li>mal portate con la punta curva<\/li>\n<li>mal portate ed eccessivamente curve (ad anello, coda di volpino, manico d\u2019ombrello).<\/li>\n<\/ul>\n<p>&nbsp;<\/p>\n<p>Affrontando questo argomento dal punto di vista delle esposizioni di bellezza, vedo spesso cani ai quali la coda viene sorretta in modo sbagliato.<br \/>\nNello specifico, forse con l\u2019intenzione di mantenere meglio in posa il cane, viene commesso l\u2019errore di tenere la coda con la mano in una posizione errata e spesso anche troppo alta e a bandiera come si pu\u00f2 vedere dalle immagini sotto riportate.<br \/>\nPoich\u00e9 a riposo deve essere portata a scimitarra, a meno che un cane non tenga \u201cla coda fra le gambe\u201d, sarebbe forse preferibile non toccarla, in modo che questa si trovi nella sua posizione naturale o al limite sorreggerla leggermente col palmo della mano rivolto verso l\u2019alto.<\/p>\n<p>Esempi di code tenute in maniera <span style=\"color: #ff0000;\"><strong>scorretta<\/strong><\/span>:<\/p>\n<p><img loading=\"lazy\" decoding=\"async\" class=\"aligncenter size-full wp-image-10568\" src=\"http:\/\/www.lagottoromagnolo.org\/wp-content\/uploads\/coda05.jpg\" alt=\"\" width=\"1339\" height=\"700\" srcset=\"http:\/\/www.lagottoromagnolo.org\/wp-content\/uploads\/coda05.jpg 1339w, http:\/\/www.lagottoromagnolo.org\/wp-content\/uploads\/coda05-150x78.jpg 150w, http:\/\/www.lagottoromagnolo.org\/wp-content\/uploads\/coda05-300x157.jpg 300w, http:\/\/www.lagottoromagnolo.org\/wp-content\/uploads\/coda05-1024x535.jpg 1024w\" sizes=\"auto, (max-width: 1339px) 100vw, 1339px\" \/><\/p>\n<p>Esempio di code tenute <span style=\"color: #ff0000;\"><strong>correttamente<\/strong><\/span>:<\/p>\n<p><img loading=\"lazy\" decoding=\"async\" class=\"aligncenter size-full wp-image-10569\" src=\"http:\/\/www.lagottoromagnolo.org\/wp-content\/uploads\/coda06.jpg\" alt=\"\" width=\"2100\" height=\"700\" srcset=\"http:\/\/www.lagottoromagnolo.org\/wp-content\/uploads\/coda06.jpg 2100w, http:\/\/www.lagottoromagnolo.org\/wp-content\/uploads\/coda06-150x50.jpg 150w, http:\/\/www.lagottoromagnolo.org\/wp-content\/uploads\/coda06-300x100.jpg 300w, http:\/\/www.lagottoromagnolo.org\/wp-content\/uploads\/coda06-1024x341.jpg 1024w\" sizes=\"auto, (max-width: 2100px) 100vw, 2100px\" \/><\/p>\n<p>Questo articolo \u00e8 frutto di considerazioni personali che spero non siano viste come la presunzione da parte mia di volermi &#8220;mettere in cattedra&#8221;, ma semplicemente come spunto di riflessione ed acquisizione di informazioni pi\u00f9 o meno importanti su questo aspetto del Lagotto Romagnolo.<\/p>\n<p><a href=\"http:\/\/www.lagottoromagnolo.org\/?page_id=74\">&gt;Indietro<\/a><\/p>\n","protected":false},"excerpt":{"rendered":"<p>&gt;Indietro di Andrea Langianni Immagini di Laura Tanos Negli ultimi anni questa razza ha vissuto un\u2019 importante evoluzione e trovo opportuno cercare di fare un po\u2019 di chiarezza su questo argomento al fine di dare agli interessati gli strumenti per <span class=\"excerpt-dots\">&hellip;<\/span> <a class=\"more-link\" href=\"http:\/\/www.lagottoromagnolo.org\/?p=10563\"><span class=\"more-msg\">Continua a leggere &rarr;<\/span><\/a><\/p>\n","protected":false},"author":2,"featured_media":0,"comment_status":"closed","ping_status":"closed","sticky":false,"template":"","format":"standard","meta":{"ngg_post_thumbnail":0,"footnotes":""},"categories":[33],"tags":[],"class_list":["post-10563","post","type-post","status-publish","format-standard","hentry","category-archivio"],"_links":{"self":[{"href":"http:\/\/www.lagottoromagnolo.org\/index.php?rest_route=\/wp\/v2\/posts\/10563","targetHints":{"allow":["GET"]}}],"collection":[{"href":"http:\/\/www.lagottoromagnolo.org\/index.php?rest_route=\/wp\/v2\/posts"}],"about":[{"href":"http:\/\/www.lagottoromagnolo.org\/index.php?rest_route=\/wp\/v2\/types\/post"}],"author":[{"embeddable":true,"href":"http:\/\/www.lagottoromagnolo.org\/index.php?rest_route=\/wp\/v2\/users\/2"}],"replies":[{"embeddable":true,"href":"http:\/\/www.lagottoromagnolo.org\/index.php?rest_route=%2Fwp%2Fv2%2Fcomments&post=10563"}],"version-history":[{"count":5,"href":"http:\/\/www.lagottoromagnolo.org\/index.php?rest_route=\/wp\/v2\/posts\/10563\/revisions"}],"predecessor-version":[{"id":20173,"href":"http:\/\/www.lagottoromagnolo.org\/index.php?rest_route=\/wp\/v2\/posts\/10563\/revisions\/20173"}],"wp:attachment":[{"href":"http:\/\/www.lagottoromagnolo.org\/index.php?rest_route=%2Fwp%2Fv2%2Fmedia&parent=10563"}],"wp:term":[{"taxonomy":"category","embeddable":true,"href":"http:\/\/www.lagottoromagnolo.org\/index.php?rest_route=%2Fwp%2Fv2%2Fcategories&post=10563"},{"taxonomy":"post_tag","embeddable":true,"href":"http:\/\/www.lagottoromagnolo.org\/index.php?rest_route=%2Fwp%2Fv2%2Ftags&post=10563"}],"curies":[{"name":"wp","href":"https:\/\/api.w.org\/{rel}","templated":true}]}}