{"id":1058,"date":"2015-12-29T00:01:22","date_gmt":"2015-12-28T23:01:22","guid":{"rendered":"http:\/\/www.lagottoromagnolo.org\/?p=1058"},"modified":"2017-08-14T23:08:30","modified_gmt":"2017-08-14T21:08:30","slug":"expo-2015","status":"publish","type":"post","link":"http:\/\/www.lagottoromagnolo.org\/?p=1058","title":{"rendered":"Expo 2015"},"content":{"rendered":"<p style=\"text-align: left;\"><a href=\"http:\/\/www.lagottoromagnolo.org\/?page_id=161\">&gt;Indietro<\/a><\/p>\n<p style=\"text-align: left;\"><a id=\"modena\"><\/a><span style=\"font-size: 6pt;\">.<\/span><\/p>\n<p style=\"text-align: center;\"><strong>ESPOSIZIONE INTERNAZIONALE \u2013 MOSTRA SPECIALE<\/strong><\/p>\n<p style=\"text-align: center;\"><strong>\u00a0MODENA\u00a0<\/strong><br \/>\n1 febbraio 2015<\/p>\n<p style=\"text-align: center;\">Giudice <strong>Alessandro Zeppi<\/strong>, 10 partecipanti<\/p>\n<p style=\"text-align: center;\">ngg_shortcode_0_placeholder<\/p>\n<p style=\"text-align: center;\"><strong>bob PAOLO della Taparina<\/strong> all. Farn\u00e8 M. prop. Venturini A.<br \/>\n<strong>bos Il Granaio dei Malatesta CARLETTA<\/strong> all. e prop. Benelli M.<\/p>\n<p><strong>Libera maschi<\/strong>: 1\u00b0 ecc cac cacib bob PAOLO della Taparina all. Farn\u00e8 M. prop. Venturini A., 2\u00b0 ecc ris.cac ris.cacib Il Granaio dei Malatesta DEMETRIO all. Benelli M. prop. Tonelli O.<br \/>\n<strong>Intermedia maschi<\/strong>: 1\u00b0 ecc ARGO all. Martelli M.C., prop. All. Terra Incognita<br \/>\n<strong>Giovani maschi<\/strong>: 1\u00b0 ecc Il Granaio dei Malatesta GIULIANO PALMA all. e prop. Benelli M.<\/p>\n<p><strong>Libera femmine<\/strong>: 1\u00b0 ecc cac cacib bos Il Granaio dei Malatesta CARLETTA all. e prop. Benelli M., 2\u00b0 ecc ris.cac ris.cacib WHOOPI Amici per Sempre all. Frei C. prop. Lachmann S., 3\u00b0 ecc Villa Bottacci PERLA all. Bottacci C. prop. Lucarelli F., 4\u00b0 ecc PERDINDIRINDINA della Taparina all. e prop. Farn\u00e8 M.<br \/>\n<strong>Giovani femmine<\/strong>: 1\u00b0 ecc miglior giovane MIRTILLA all. Marcelli M. prop. Danilo P.<br \/>\n<strong>Juniores femmine<\/strong>: 1\u00b0 mp miglior juniores Accompagnatore RAGAZZINA all. Preisigh H-W. prop. All. Terra Incognita<\/p>\n<hr \/>\n<p style=\"text-align: left;\"><a id=\"reggio\"><\/a><span style=\"font-size: 6pt;\">.<\/span><\/p>\n<p style=\"text-align: center;\"><strong>ESPOSIZIONE INTERNAZIONALE \u2013 MOSTRA SPECIALE<\/strong><\/p>\n<p style=\"text-align: center;\"><strong>REGGIO EMILIA<\/strong><br \/>\n15 marzo 2015<\/p>\n<p style=\"text-align: center;\">Giudice <strong>Francesco Balducci<\/strong>, 31 partecipanti<\/p>\n<p style=\"text-align: center;\">ngg_shortcode_1_placeholder<\/p>\n<p style=\"text-align: center;\">bob <strong>LUPIN di Campoleone<\/strong> all. e prop. Rondinini L.<br \/>\nbos <strong>PERDINDIRINDINA della Taparina<\/strong> all. e prop. Farn\u00e8 M.<\/p>\n<p><strong>Libera maschi<\/strong>: 1\u00b0 ecc, ris.cac, ris.cacib HANS delle Terre di Gu\u00e0 all. e prop. Mattiello Mauro, 2\u00b0 ecc Il Granaio dei Malatesta DEMETRIO all. Benelli M. prop. Tonelli O., 3\u00b0 ecc Il Granaio dei Malatesta SAURO all. e prop. Benelli M.<br \/>\n<strong>Intermedia maschi<\/strong>: 1\u00b0 ecc cac, cacib, miglior maschio, bob LUPIN di Campoleone all. e prop. Rondinini L., 2\u00b0 ecc MADIBA di Campoleone all. Rondinini L. prop. Tellini M., 3\u00b0 ecc CIOCORI\u2019 all. e prop. Auriti R.<br \/>\n<strong>Giovani maschi<\/strong>: 1\u00b0 ecc miglior giovane Il Granaio dei Malatesta GIULIANO PALMA all. e prop. Benelli M., 2\u00b0 ecc QUASIMODO della Taparina all. e prop. Farn\u00e8 M., 3\u00b0 ecc ACHILLE all. e prop. Nicolai M.<\/p>\n<p><strong>Libera femmine<\/strong>: 1\u00b0 ecc ris.cac ris.cacib Il Granaio dei Malatesta CARLETTA all. e prop. Benelli M., 2\u00b0 ecc OCTAVIA delle Terre di Gu\u00e0 all. Mattiello M. prop. Bortolan G., 3\u00b0 ecc ADELE wom Wapelstern all. Johannknecht C. prop. Ruoff U.<br \/>\n<strong>Intermedia femmine<\/strong>: 1\u00b0 ecc cac cacib miglior femmina bos PERDINDIRINDINA della Taparina all. e prop. Farn\u00e8 M., 2\u00b0 ecc LARA di Campoleone all. Rondinini L. prop. Langianni A.<br \/>\n<strong>Giovani femmine<\/strong>: 1\u00b0 ecc Il Granaio dei Malatesta ILENIA all. e prop. Benelli M., 2\u00b0 ecc RIECCOLA della Taparina all. Farn\u00e8 M. prop. Rosati B., 3\u00b0 ecc QUINTESSENZA della Taparina all. Farn\u00e8 M. prop. Santini E.<br \/>\n<strong>Juniores femmine<\/strong>: 1\u00b0 mp miglior juniores SINCERITA\u2019 della Taparina all. e prop. Farn\u00e8 M.<\/p>\n<hr \/>\n<p style=\"text-align: left;\"><a id=\"ercolano\"><\/a><span style=\"font-size: 6pt;\">.<\/span><\/p>\n<p style=\"text-align: center;\"><strong>RADUNO RAZZE ITALIANE<\/strong><\/p>\n<p style=\"text-align: center;\"><strong>ERCOLANO<\/strong><br \/>\n1 maggio 2015<\/p>\n<p style=\"text-align: center;\">ngg_shortcode_2_placeholder<\/p>\n<p style=\"text-align: center;\">Giudice<strong> Antonino Di Trapani<\/strong>, 28 partecipanti<\/p>\n<p style=\"text-align: center;\"><strong>bob NOE\u2019 del Monte della Dea<\/strong> all. Caira F. prop. Marcelli M.<br \/>\n<strong>bos BELEN del Peschio Vicale<\/strong> all. Orlandi G. prop. Ettorre A.<\/p>\n<p><strong>Campioni maschi<\/strong>: 1\u00b0 ecc miglior maschio, bob NOE del Monte della Dea all. Caira F. prop. Marcelli M., 2\u00b0 ecc CICO all. Caporale G. prop. Prizio V.<br \/>\n<strong>Libera maschi:<\/strong> 1\u00b0 ecc cac ARON all. e prop. Ettorre A., 2\u00b0 ecc ris.cac ANDY dei Colli Irpini all. Marinelli C. prop. Simeone G., 3\u00b0 ecc PAOLO della Taparina all. Farn\u00e8 M. prop. Venturini A.<br \/>\n<strong>Lavoro maschi:<\/strong> 1\u00b0 ecc cac TOPAZIO all. e prop. Marcelli M., 2\u00b0 ecc ris.cac MADIBA di Campoleone all. Rondinini L. prop. Tellini M., 3\u00b0 ecc SISCO all. e prop. Pontarelli L.<br \/>\n<strong>Intermedia maschi:<\/strong> 1\u00b0 ecc LUPIN di Campoleone all. e prop. Rondinini L.<br \/>\n<strong>Giovani maschi:<\/strong> 1\u00b0 mb RUSWELT dei Re D\u2019Abruzzo all. Milillo D., prop. Imparato R.<br \/>\n<strong>Juniores maschi:<\/strong> 1\u00b0 mp ALFIO all. e prop. Ettorre A.<br \/>\n<strong>Cuccioli maschi:<\/strong> 1\u00b0 mp ARES del Monte Drago all. e prop. Leone D.<\/p>\n<p><strong>Campioni femmine:<\/strong> 1\u00b0 ecc miglior femmina, bos BELEN del Peschio Vicale all. Orlandi G. prop. Ettorre A., 2\u00b0 ecc ADA all. Adesso G. prop. De Venezia E.<br \/>\n<strong>Libera femmine:<\/strong> 1\u00b0 ecc cac CLEO dei Colli Irpini all. Marinelli C. prop. Spagnolo C., 2\u00b0 ecc LICIA dei Re D\u2019Abruzzo all. Milillo D. prop. Baffi E.<br \/>\n<strong>Lavoro femmine:<\/strong> 1\u00b0 ecc cac URSULA del Monte della Dea all. Caira F. prop. Marcelli M., 2\u00b0 ecc ris.cac LARA di Campoleone all. Rondinini L. prop. Langianni A.<br \/>\n<strong>Intermedia femmine:<\/strong> 1\u00b0 ecc ris.cac QUINTESSENZA della Taparina all. Farn\u00e8 M. prop. Santini E.<br \/>\n<strong>Juniores femmine:<\/strong> 1\u00b0 mp miglior juniores, BIS juniores, GAIA all. Petronsi A. prop. Orlandi G., 2\u00b0 mp CUBA all. e prop. Palombo A., 3\u00b0 mp CRAZY all. Palombo A. prop. Ferragamo A.<br \/>\n<strong>Cuccioli femmine:<\/strong> 1\u00b0 mp miglior cucciolo ZARA all. Iannotta N. prop. Iannotta D.<\/p>\n<p><!-- default-view.php -->\n<div\n\tclass=\"ngg-galleryoverview default-view\n\t\t\"\n\tid=\"ngg-gallery-c400df90532729ac0036308ba7f8b3f0-1\"\n\tdata-nextgen-gallery-id=\"150\"\n\tdata-gallery-id=\"150\"\n\t\tdata-gallery-name=\"expo15\"\n\t>\n\n\t\t<!-- Thumbnails -->\n\t\t\t\t<div id=\"ngg-image-0\" class=\"ngg-gallery-thumbnail-box\n\t\t\t\t\t\t\t\tngg-6-columns\t\t\t\"\n\t\t\t>\n\t\t\t\t\t\t<div class=\"ngg-gallery-thumbnail\">\n\t\t<a href=\"http:\/\/www.lagottoromagnolo.org\/wp-content\/gallery\/expo15\/ercolano15-01.jpg?t=1502744912\"\n\t\t\ttitle=\"Campioni maschi: 1\u00b0 ecc miglior maschio, bob NOE del Monte della Dea all. Caira F. prop. Marcelli M., 2\u00b0 ecc CICO all. Caporale G. prop. Prizio V.\"\n\t\t\tdata-src=\"http:\/\/www.lagottoromagnolo.org\/wp-content\/gallery\/expo15\/ercolano15-01.jpg?t=1502744912\"\n\t\t\tdata-thumbnail=\"http:\/\/www.lagottoromagnolo.org\/wp-content\/gallery\/expo15\/thumbs\/thumbs_ercolano15-01.jpg?t=1502744912\"\n\t\t\tdata-image-id=\"1667\"\n\t\t\tdata-image-name=\"ercolano15-01.jpg\"\n\t\t\tdata-title=\"ercolano15-01\"\n\t\t\tdata-description=\"Campioni maschi: 1\u00b0 ecc miglior maschio, bob NOE del Monte della Dea all. Caira F. prop. Marcelli M., 2\u00b0 ecc CICO all. Caporale G. prop. Prizio V.\"\n\t\t\tdata-image-slug=\"ercolano15-01\"\n\t\t\t\t\t\t\t\t\t\t\t\t\t\t\t\t\t\t\t\tclass=\"ngg-fancybox\" rel=\"c400df90532729ac0036308ba7f8b3f0\">\n\t\t\t\t\t\t\t\t<img\n\t\t\t\t\ttitle=\"ercolano15-01\"\n\t\t\t\t\talt=\"ercolano15-01\"\n\t\t\t\t\tsrc=\"http:\/\/www.lagottoromagnolo.org\/wp-content\/gallery\/expo15\/thumbs\/thumbs_ercolano15-01.jpg?t=1502744912\"\n\t\t\t\t\twidth=\"100\"\n\t\t\t\t\theight=\"75\"\n\t\t\t\t\tstyle=\"max-width:100%;\"\n\t\t\t\t\/>\n\t\t\t<\/a>\n\t\t<\/div>\n\t\t\t\t\t\t\t<\/div>\n\t\t\t\n\t\t\t\t<div id=\"ngg-image-1\" class=\"ngg-gallery-thumbnail-box\n\t\t\t\t\t\t\t\tngg-6-columns\t\t\t\"\n\t\t\t>\n\t\t\t\t\t\t<div class=\"ngg-gallery-thumbnail\">\n\t\t<a href=\"http:\/\/www.lagottoromagnolo.org\/wp-content\/gallery\/expo15\/ercolano15-02.jpg?t=1502726667\"\n\t\t\ttitle=\"Libera maschi: 1\u00b0 ecc cac ARON all. e prop. Ettorre A., 2\u00b0 ecc ris.cac ANDY dei Colli Irpini all. Marinelli C. prop. Simeone G., 3\u00b0 ecc PAOLO della Taparina all. Farn\u00e8 M. prop. Venturini A. (da destra)\"\n\t\t\tdata-src=\"http:\/\/www.lagottoromagnolo.org\/wp-content\/gallery\/expo15\/ercolano15-02.jpg?t=1502726667\"\n\t\t\tdata-thumbnail=\"http:\/\/www.lagottoromagnolo.org\/wp-content\/gallery\/expo15\/thumbs\/thumbs_ercolano15-02.jpg?t=1502726667\"\n\t\t\tdata-image-id=\"1668\"\n\t\t\tdata-image-name=\"ercolano15-02.jpg\"\n\t\t\tdata-title=\"ercolano15-02\"\n\t\t\tdata-description=\"Libera maschi: 1\u00b0 ecc cac ARON all. e prop. Ettorre A., 2\u00b0 ecc ris.cac ANDY dei Colli Irpini all. Marinelli C. prop. Simeone G., 3\u00b0 ecc PAOLO della Taparina all. Farn\u00e8 M. prop. Venturini A. (da destra)\"\n\t\t\tdata-image-slug=\"ercolano15-02\"\n\t\t\t\t\t\t\t\t\t\t\t\t\t\t\t\t\t\t\t\tclass=\"ngg-fancybox\" rel=\"c400df90532729ac0036308ba7f8b3f0\">\n\t\t\t\t\t\t\t\t<img\n\t\t\t\t\ttitle=\"ercolano15-02\"\n\t\t\t\t\talt=\"ercolano15-02\"\n\t\t\t\t\tsrc=\"http:\/\/www.lagottoromagnolo.org\/wp-content\/gallery\/expo15\/thumbs\/thumbs_ercolano15-02.jpg?t=1502726667\"\n\t\t\t\t\twidth=\"100\"\n\t\t\t\t\theight=\"75\"\n\t\t\t\t\tstyle=\"max-width:100%;\"\n\t\t\t\t\/>\n\t\t\t<\/a>\n\t\t<\/div>\n\t\t\t\t\t\t\t<\/div>\n\t\t\t\n\t\t\t\t<div id=\"ngg-image-2\" class=\"ngg-gallery-thumbnail-box\n\t\t\t\t\t\t\t\tngg-6-columns\t\t\t\"\n\t\t\t>\n\t\t\t\t\t\t<div class=\"ngg-gallery-thumbnail\">\n\t\t<a href=\"http:\/\/www.lagottoromagnolo.org\/wp-content\/gallery\/expo15\/ercolano15-03.jpg?t=1502726667\"\n\t\t\ttitle=\"Lavoro maschi: 1\u00b0 ecc cac TOPAZIO all. e prop. Marcelli M., 3\u00b0 ecc SISCO all. e prop. Pontarelli L.\"\n\t\t\tdata-src=\"http:\/\/www.lagottoromagnolo.org\/wp-content\/gallery\/expo15\/ercolano15-03.jpg?t=1502726667\"\n\t\t\tdata-thumbnail=\"http:\/\/www.lagottoromagnolo.org\/wp-content\/gallery\/expo15\/thumbs\/thumbs_ercolano15-03.jpg?t=1502726667\"\n\t\t\tdata-image-id=\"1669\"\n\t\t\tdata-image-name=\"ercolano15-03.jpg\"\n\t\t\tdata-title=\"ercolano15-03\"\n\t\t\tdata-description=\"Lavoro maschi: 1\u00b0 ecc cac TOPAZIO all. e prop. Marcelli M., 3\u00b0 ecc SISCO all. e prop. Pontarelli L.\"\n\t\t\tdata-image-slug=\"ercolano15-03\"\n\t\t\t\t\t\t\t\t\t\t\t\t\t\t\t\t\t\t\t\tclass=\"ngg-fancybox\" rel=\"c400df90532729ac0036308ba7f8b3f0\">\n\t\t\t\t\t\t\t\t<img\n\t\t\t\t\ttitle=\"ercolano15-03\"\n\t\t\t\t\talt=\"ercolano15-03\"\n\t\t\t\t\tsrc=\"http:\/\/www.lagottoromagnolo.org\/wp-content\/gallery\/expo15\/thumbs\/thumbs_ercolano15-03.jpg?t=1502726667\"\n\t\t\t\t\twidth=\"100\"\n\t\t\t\t\theight=\"75\"\n\t\t\t\t\tstyle=\"max-width:100%;\"\n\t\t\t\t\/>\n\t\t\t<\/a>\n\t\t<\/div>\n\t\t\t\t\t\t\t<\/div>\n\t\t\t\n\t\t\t\t<div id=\"ngg-image-3\" class=\"ngg-gallery-thumbnail-box\n\t\t\t\t\t\t\t\tngg-6-columns\t\t\t\"\n\t\t\t>\n\t\t\t\t\t\t<div class=\"ngg-gallery-thumbnail\">\n\t\t<a href=\"http:\/\/www.lagottoromagnolo.org\/wp-content\/gallery\/expo15\/ercolano15-04.jpg?t=1502726667\"\n\t\t\ttitle=\"Lavoro maschi: (a destra) 2\u00b0 ecc ris.cac MADIBA di Campoleone all. Rondinini L. prop. Tellini M.,\"\n\t\t\tdata-src=\"http:\/\/www.lagottoromagnolo.org\/wp-content\/gallery\/expo15\/ercolano15-04.jpg?t=1502726667\"\n\t\t\tdata-thumbnail=\"http:\/\/www.lagottoromagnolo.org\/wp-content\/gallery\/expo15\/thumbs\/thumbs_ercolano15-04.jpg?t=1502726667\"\n\t\t\tdata-image-id=\"1670\"\n\t\t\tdata-image-name=\"ercolano15-04.jpg\"\n\t\t\tdata-title=\"ercolano15-04\"\n\t\t\tdata-description=\"Lavoro maschi: (a destra) 2\u00b0 ecc ris.cac MADIBA di Campoleone all. Rondinini L. prop. Tellini M.,\"\n\t\t\tdata-image-slug=\"ercolano15-04\"\n\t\t\t\t\t\t\t\t\t\t\t\t\t\t\t\t\t\t\t\tclass=\"ngg-fancybox\" rel=\"c400df90532729ac0036308ba7f8b3f0\">\n\t\t\t\t\t\t\t\t<img\n\t\t\t\t\ttitle=\"ercolano15-04\"\n\t\t\t\t\talt=\"ercolano15-04\"\n\t\t\t\t\tsrc=\"http:\/\/www.lagottoromagnolo.org\/wp-content\/gallery\/expo15\/thumbs\/thumbs_ercolano15-04.jpg?t=1502726667\"\n\t\t\t\t\twidth=\"100\"\n\t\t\t\t\theight=\"75\"\n\t\t\t\t\tstyle=\"max-width:100%;\"\n\t\t\t\t\/>\n\t\t\t<\/a>\n\t\t<\/div>\n\t\t\t\t\t\t\t<\/div>\n\t\t\t\n\t\t\t\t<div id=\"ngg-image-4\" class=\"ngg-gallery-thumbnail-box\n\t\t\t\t\t\t\t\tngg-6-columns\t\t\t\"\n\t\t\t>\n\t\t\t\t\t\t<div class=\"ngg-gallery-thumbnail\">\n\t\t<a href=\"http:\/\/www.lagottoromagnolo.org\/wp-content\/gallery\/expo15\/ercolano15-05.jpg?t=1502726667\"\n\t\t\ttitle=\"Giovani maschi: 1\u00b0 mb RUSWELT dei Re D&#039;Abruzzo all. Milillo D., prop. Imparato R.\"\n\t\t\tdata-src=\"http:\/\/www.lagottoromagnolo.org\/wp-content\/gallery\/expo15\/ercolano15-05.jpg?t=1502726667\"\n\t\t\tdata-thumbnail=\"http:\/\/www.lagottoromagnolo.org\/wp-content\/gallery\/expo15\/thumbs\/thumbs_ercolano15-05.jpg?t=1502726667\"\n\t\t\tdata-image-id=\"1671\"\n\t\t\tdata-image-name=\"ercolano15-05.jpg\"\n\t\t\tdata-title=\"ercolano15-05\"\n\t\t\tdata-description=\"Giovani maschi: 1\u00b0 mb RUSWELT dei Re D&#039;Abruzzo all. Milillo D., prop. Imparato R.\"\n\t\t\tdata-image-slug=\"ercolano15-05\"\n\t\t\t\t\t\t\t\t\t\t\t\t\t\t\t\t\t\t\t\tclass=\"ngg-fancybox\" rel=\"c400df90532729ac0036308ba7f8b3f0\">\n\t\t\t\t\t\t\t\t<img\n\t\t\t\t\ttitle=\"ercolano15-05\"\n\t\t\t\t\talt=\"ercolano15-05\"\n\t\t\t\t\tsrc=\"http:\/\/www.lagottoromagnolo.org\/wp-content\/gallery\/expo15\/thumbs\/thumbs_ercolano15-05.jpg?t=1502726667\"\n\t\t\t\t\twidth=\"100\"\n\t\t\t\t\theight=\"75\"\n\t\t\t\t\tstyle=\"max-width:100%;\"\n\t\t\t\t\/>\n\t\t\t<\/a>\n\t\t<\/div>\n\t\t\t\t\t\t\t<\/div>\n\t\t\t\n\t\t\t\t<div id=\"ngg-image-5\" class=\"ngg-gallery-thumbnail-box\n\t\t\t\t\t\t\t\tngg-6-columns\t\t\t\"\n\t\t\t>\n\t\t\t\t\t\t<div class=\"ngg-gallery-thumbnail\">\n\t\t<a href=\"http:\/\/www.lagottoromagnolo.org\/wp-content\/gallery\/expo15\/ercolano15-07.jpg?t=1502726667\"\n\t\t\ttitle=\"Campioni femmine: 1\u00b0 ecc miglior femmina, bos BELEn del Peschio Vicale all. Orlandi G. prop. Ettorre A., 2\u00b0 ecc ADA all. Adesso G. prop. De Venezia E.\"\n\t\t\tdata-src=\"http:\/\/www.lagottoromagnolo.org\/wp-content\/gallery\/expo15\/ercolano15-07.jpg?t=1502726667\"\n\t\t\tdata-thumbnail=\"http:\/\/www.lagottoromagnolo.org\/wp-content\/gallery\/expo15\/thumbs\/thumbs_ercolano15-07.jpg?t=1502726667\"\n\t\t\tdata-image-id=\"1672\"\n\t\t\tdata-image-name=\"ercolano15-07.jpg\"\n\t\t\tdata-title=\"ercolano15-07\"\n\t\t\tdata-description=\"Campioni femmine: 1\u00b0 ecc miglior femmina, bos BELEn del Peschio Vicale all. Orlandi G. prop. Ettorre A., 2\u00b0 ecc ADA all. Adesso G. prop. De Venezia E.\"\n\t\t\tdata-image-slug=\"ercolano15-07\"\n\t\t\t\t\t\t\t\t\t\t\t\t\t\t\t\t\t\t\t\tclass=\"ngg-fancybox\" rel=\"c400df90532729ac0036308ba7f8b3f0\">\n\t\t\t\t\t\t\t\t<img\n\t\t\t\t\ttitle=\"ercolano15-07\"\n\t\t\t\t\talt=\"ercolano15-07\"\n\t\t\t\t\tsrc=\"http:\/\/www.lagottoromagnolo.org\/wp-content\/gallery\/expo15\/thumbs\/thumbs_ercolano15-07.jpg?t=1502726667\"\n\t\t\t\t\twidth=\"100\"\n\t\t\t\t\theight=\"75\"\n\t\t\t\t\tstyle=\"max-width:100%;\"\n\t\t\t\t\/>\n\t\t\t<\/a>\n\t\t<\/div>\n\t\t\t\t\t\t\t<\/div>\n\t\t\t\n\t\t\t\t<div id=\"ngg-image-6\" class=\"ngg-gallery-thumbnail-box\n\t\t\t\t\t\t\t\tngg-6-columns\t\t\t\"\n\t\t\t>\n\t\t\t\t\t\t<div class=\"ngg-gallery-thumbnail\">\n\t\t<a href=\"http:\/\/www.lagottoromagnolo.org\/wp-content\/gallery\/expo15\/ercolano15-08.jpg?t=1502726667\"\n\t\t\ttitle=\"Libera femmine: 1\u00b0 ecc cac CLEO dei Colli Irpini all. Marinelli C. prop. Spagnolo C., 2\u00b0 ecc LICIA dei Re D&#039;Abruzzo all. Milillo D. prop. Baffi E.\"\n\t\t\tdata-src=\"http:\/\/www.lagottoromagnolo.org\/wp-content\/gallery\/expo15\/ercolano15-08.jpg?t=1502726667\"\n\t\t\tdata-thumbnail=\"http:\/\/www.lagottoromagnolo.org\/wp-content\/gallery\/expo15\/thumbs\/thumbs_ercolano15-08.jpg?t=1502726667\"\n\t\t\tdata-image-id=\"1673\"\n\t\t\tdata-image-name=\"ercolano15-08.jpg\"\n\t\t\tdata-title=\"ercolano15-08\"\n\t\t\tdata-description=\"Libera femmine: 1\u00b0 ecc cac CLEO dei Colli Irpini all. Marinelli C. prop. Spagnolo C., 2\u00b0 ecc LICIA dei Re D&#039;Abruzzo all. Milillo D. prop. Baffi E.\"\n\t\t\tdata-image-slug=\"ercolano15-08\"\n\t\t\t\t\t\t\t\t\t\t\t\t\t\t\t\t\t\t\t\tclass=\"ngg-fancybox\" rel=\"c400df90532729ac0036308ba7f8b3f0\">\n\t\t\t\t\t\t\t\t<img\n\t\t\t\t\ttitle=\"ercolano15-08\"\n\t\t\t\t\talt=\"ercolano15-08\"\n\t\t\t\t\tsrc=\"http:\/\/www.lagottoromagnolo.org\/wp-content\/gallery\/expo15\/thumbs\/thumbs_ercolano15-08.jpg?t=1502726667\"\n\t\t\t\t\twidth=\"100\"\n\t\t\t\t\theight=\"75\"\n\t\t\t\t\tstyle=\"max-width:100%;\"\n\t\t\t\t\/>\n\t\t\t<\/a>\n\t\t<\/div>\n\t\t\t\t\t\t\t<\/div>\n\t\t\t\n\t\t\t\t<div id=\"ngg-image-7\" class=\"ngg-gallery-thumbnail-box\n\t\t\t\t\t\t\t\tngg-6-columns\t\t\t\"\n\t\t\t>\n\t\t\t\t\t\t<div class=\"ngg-gallery-thumbnail\">\n\t\t<a href=\"http:\/\/www.lagottoromagnolo.org\/wp-content\/gallery\/expo15\/ercolano15-09.jpg?t=1502726667\"\n\t\t\ttitle=\"Juniores femmine: 1\u00b0 mp miglior juniores GAIA all. Petronsi A. prop. Orlandi G., 2\u00b0 mp CUBA all. e prop. Palombo A., 3\u00b0 mp CRAZY all. Palombo A. prop. Ferragamo A. (da destra)\"\n\t\t\tdata-src=\"http:\/\/www.lagottoromagnolo.org\/wp-content\/gallery\/expo15\/ercolano15-09.jpg?t=1502726667\"\n\t\t\tdata-thumbnail=\"http:\/\/www.lagottoromagnolo.org\/wp-content\/gallery\/expo15\/thumbs\/thumbs_ercolano15-09.jpg?t=1502726667\"\n\t\t\tdata-image-id=\"1674\"\n\t\t\tdata-image-name=\"ercolano15-09.jpg\"\n\t\t\tdata-title=\"ercolano15-09\"\n\t\t\tdata-description=\"Juniores femmine: 1\u00b0 mp miglior juniores GAIA all. Petronsi A. prop. Orlandi G., 2\u00b0 mp CUBA all. e prop. Palombo A., 3\u00b0 mp CRAZY all. Palombo A. prop. Ferragamo A. (da destra)\"\n\t\t\tdata-image-slug=\"ercolano15-09\"\n\t\t\t\t\t\t\t\t\t\t\t\t\t\t\t\t\t\t\t\tclass=\"ngg-fancybox\" rel=\"c400df90532729ac0036308ba7f8b3f0\">\n\t\t\t\t\t\t\t\t<img\n\t\t\t\t\ttitle=\"ercolano15-09\"\n\t\t\t\t\talt=\"ercolano15-09\"\n\t\t\t\t\tsrc=\"http:\/\/www.lagottoromagnolo.org\/wp-content\/gallery\/expo15\/thumbs\/thumbs_ercolano15-09.jpg?t=1502726667\"\n\t\t\t\t\twidth=\"100\"\n\t\t\t\t\theight=\"75\"\n\t\t\t\t\tstyle=\"max-width:100%;\"\n\t\t\t\t\/>\n\t\t\t<\/a>\n\t\t<\/div>\n\t\t\t\t\t\t\t<\/div>\n\t\t\t\n\t\t\t\t<div id=\"ngg-image-8\" class=\"ngg-gallery-thumbnail-box\n\t\t\t\t\t\t\t\tngg-6-columns\t\t\t\"\n\t\t\t>\n\t\t\t\t\t\t<div class=\"ngg-gallery-thumbnail\">\n\t\t<a href=\"http:\/\/www.lagottoromagnolo.org\/wp-content\/gallery\/expo15\/ercolano15-10.jpg?t=1502726667\"\n\t\t\ttitle=\"Cuccioli femmine: 1\u00b0 mp miglior cucciolo ZARA all. Iannotta N. prop. Iannotta D.\"\n\t\t\tdata-src=\"http:\/\/www.lagottoromagnolo.org\/wp-content\/gallery\/expo15\/ercolano15-10.jpg?t=1502726667\"\n\t\t\tdata-thumbnail=\"http:\/\/www.lagottoromagnolo.org\/wp-content\/gallery\/expo15\/thumbs\/thumbs_ercolano15-10.jpg?t=1502726667\"\n\t\t\tdata-image-id=\"1675\"\n\t\t\tdata-image-name=\"ercolano15-10.jpg\"\n\t\t\tdata-title=\"ercolano15-10\"\n\t\t\tdata-description=\"Cuccioli femmine: 1\u00b0 mp miglior cucciolo ZARA all. Iannotta N. prop. Iannotta D.\"\n\t\t\tdata-image-slug=\"ercolano15-10\"\n\t\t\t\t\t\t\t\t\t\t\t\t\t\t\t\t\t\t\t\tclass=\"ngg-fancybox\" rel=\"c400df90532729ac0036308ba7f8b3f0\">\n\t\t\t\t\t\t\t\t<img\n\t\t\t\t\ttitle=\"ercolano15-10\"\n\t\t\t\t\talt=\"ercolano15-10\"\n\t\t\t\t\tsrc=\"http:\/\/www.lagottoromagnolo.org\/wp-content\/gallery\/expo15\/thumbs\/thumbs_ercolano15-10.jpg?t=1502726667\"\n\t\t\t\t\twidth=\"100\"\n\t\t\t\t\theight=\"75\"\n\t\t\t\t\tstyle=\"max-width:100%;\"\n\t\t\t\t\/>\n\t\t\t<\/a>\n\t\t<\/div>\n\t\t\t\t\t\t\t<\/div>\n\t\t\t\n\t\t\t\t<div id=\"ngg-image-9\" class=\"ngg-gallery-thumbnail-box\n\t\t\t\t\t\t\t\tngg-6-columns\t\t\t\"\n\t\t\t>\n\t\t\t\t\t\t<div class=\"ngg-gallery-thumbnail\">\n\t\t<a href=\"http:\/\/www.lagottoromagnolo.org\/wp-content\/gallery\/expo15\/ercolano15-11.jpg?t=1502726667\"\n\t\t\ttitle=\"Miglior femmina, Campioni: Belen del Peschio Vicale, libera: Cleo dei Colli Irpini, lavoro: Ursula del Monte della Dea\"\n\t\t\tdata-src=\"http:\/\/www.lagottoromagnolo.org\/wp-content\/gallery\/expo15\/ercolano15-11.jpg?t=1502726667\"\n\t\t\tdata-thumbnail=\"http:\/\/www.lagottoromagnolo.org\/wp-content\/gallery\/expo15\/thumbs\/thumbs_ercolano15-11.jpg?t=1502726667\"\n\t\t\tdata-image-id=\"1676\"\n\t\t\tdata-image-name=\"ercolano15-11.jpg\"\n\t\t\tdata-title=\"ercolano15-11\"\n\t\t\tdata-description=\"Miglior femmina, Campioni: Belen del Peschio Vicale, libera: Cleo dei Colli Irpini, lavoro: Ursula del Monte della Dea\"\n\t\t\tdata-image-slug=\"ercolano15-11\"\n\t\t\t\t\t\t\t\t\t\t\t\t\t\t\t\t\t\t\t\tclass=\"ngg-fancybox\" rel=\"c400df90532729ac0036308ba7f8b3f0\">\n\t\t\t\t\t\t\t\t<img\n\t\t\t\t\ttitle=\"ercolano15-11\"\n\t\t\t\t\talt=\"ercolano15-11\"\n\t\t\t\t\tsrc=\"http:\/\/www.lagottoromagnolo.org\/wp-content\/gallery\/expo15\/thumbs\/thumbs_ercolano15-11.jpg?t=1502726667\"\n\t\t\t\t\twidth=\"100\"\n\t\t\t\t\theight=\"75\"\n\t\t\t\t\tstyle=\"max-width:100%;\"\n\t\t\t\t\/>\n\t\t\t<\/a>\n\t\t<\/div>\n\t\t\t\t\t\t\t<\/div>\n\t\t\t\n\t\t\t\t<div id=\"ngg-image-10\" class=\"ngg-gallery-thumbnail-box\n\t\t\t\t\t\t\t\tngg-6-columns\t\t\t\"\n\t\t\t>\n\t\t\t\t\t\t<div class=\"ngg-gallery-thumbnail\">\n\t\t<a href=\"http:\/\/www.lagottoromagnolo.org\/wp-content\/gallery\/expo15\/ercolano15-12.jpg?t=1553022520\"\n\t\t\ttitle=\"I due migliori soggetti della mostra bob NOE&#039; del Monte della Dea all. Caira F. prop. Marcelli M. e bos BELEN del Peschio Vicale all. Orlandi G. prop. Ettorre A.\"\n\t\t\tdata-src=\"http:\/\/www.lagottoromagnolo.org\/wp-content\/gallery\/expo15\/ercolano15-12.jpg?t=1553022520\"\n\t\t\tdata-thumbnail=\"http:\/\/www.lagottoromagnolo.org\/wp-content\/gallery\/expo15\/thumbs\/thumbs_ercolano15-12.jpg?t=1553022520\"\n\t\t\tdata-image-id=\"1677\"\n\t\t\tdata-image-name=\"ercolano15-12.jpg\"\n\t\t\tdata-title=\"ercolano15-12\"\n\t\t\tdata-description=\"I due migliori soggetti della mostra bob NOE&#039; del Monte della Dea all. Caira F. prop. Marcelli M. e bos BELEN del Peschio Vicale all. Orlandi G. prop. Ettorre A.\"\n\t\t\tdata-image-slug=\"ercolano15-12\"\n\t\t\t\t\t\t\t\t\t\t\t\t\t\t\t\t\t\t\t\tclass=\"ngg-fancybox\" rel=\"c400df90532729ac0036308ba7f8b3f0\">\n\t\t\t\t\t\t\t\t<img\n\t\t\t\t\ttitle=\"ercolano15-12\"\n\t\t\t\t\talt=\"ercolano15-12\"\n\t\t\t\t\tsrc=\"http:\/\/www.lagottoromagnolo.org\/wp-content\/gallery\/expo15\/thumbs\/thumbs_ercolano15-12.jpg?t=1553022520\"\n\t\t\t\t\twidth=\"100\"\n\t\t\t\t\theight=\"75\"\n\t\t\t\t\tstyle=\"max-width:100%;\"\n\t\t\t\t\/>\n\t\t\t<\/a>\n\t\t<\/div>\n\t\t\t\t\t\t\t<\/div>\n\t\t\t\n\t\n\t<br style=\"clear: both\" \/>\n\n\t\n\t\t<div class=\"ngg-clear\"><\/div>\n\t<\/div>\n<\/p>\n<hr \/>\n<p style=\"text-align: left;\"><a id=\"milanora\"><\/a><span style=\"font-size: 6pt;\">.<\/span><\/p>\n<p style=\"text-align: center;\"><strong>RADUNO\u00a0ENCI<\/strong><\/p>\n<p style=\"text-align: center;\"><strong>MILANO<\/strong><br \/>\n10 giugno 2015<\/p>\n<p style=\"text-align: center;\">\u00a0Giudice\u00a0<strong>Domenico Milillo,<\/strong>\u00a085 partecipanti<\/p>\n<p style=\"text-align: center;\">ngg_shortcode_3_placeholder<\/p>\n<p style=\"text-align: center;\"><strong>bob\u00a0CISCO\u00a0<\/strong>all. Gallerini F. prop. Ahlberg A.<br \/>\n<strong>bos\u00a0Gewitter LA NEBULOSA<\/strong>\u00a0all. e prop. Kalske E.<\/p>\n<p><strong>Campioni maschi<\/strong>:\u00a01\u00b0 ecc NOE\u2019 del Monte della Dea all. Caira F. prop. Marcelli M.,\u00a02\u00b0 ecc Praxtars CHICO FEDERICI all. e prop. Ludvigsen T.,\u00a03\u00b0 ecc Imperies HARPO HART all. Alhzen J. prop. Pettersson M. \u2013 Alhzen J.,\u00a04\u00b0 ecc Imperies IMAX IMPORTANTE\u00a0all. Alhzen Marmstad J. prop. Pettersson M. \u2013 Alhzen Marmstad J.<br \/>\n<strong>Libera maschi: <\/strong>1\u00b0 ecc cac,\u00a0miglior maschio, bob CISCO all. Gallerini F. prop. Ahlberg A.,\u00a02\u00b0 ecc ris.cac Wildfinn DACAPO all. Kuusinen S-M. prop. Kuusinen S-M. \u2013 Kuusinen J-J.,\u00a03\u00b0 ecc Rozebottel\u2019s BIG SPENDER all. e prop. Van Gemert K.,\u00a04\u00b0 ecc ORSO della Cascinetta all. Bassi F. prop. Sundsbarm H.<br \/>\n<strong>Intermedia maschi:\u00a0<\/strong>1\u00b0 ecc Regun MANGO all. Tanos L. prop. Killingmo K.,\u00a02\u00b0 ecc LUPIN di Campoleone all. e prop. Rondinini L.,\u00a03\u00b0 ecc ALFREDO Diamanti del Montecastello all. e prop. Rodler-Dettoli P.<br \/>\n<strong>Lavoro maschi:\u00a0<\/strong>1\u00b0 ecc cac TOPAZIO all. e prop. Marcelli M.,\u00a02\u00b0 ecc ris.cac MADIBA di Campoleone all. Rondinini L. prop. Tellini M.,\u00a03\u00b0 ecc DON GIOVANNI du Domaine de L\u2019Airolle all. e prop. Bego B.,\u00a04\u00b0 ecc CIOCORI\u2019 all. e prop. Auriti R.<br \/>\n<strong>Giovani maschi:\u00a0<\/strong>1\u00b0 ecc miglior maschio CAPO del Ginestreto all. Zavagli E. prop. Teromaa L. \u2013 Kalske E.,\u00a02\u00b0 ecc Praxtars IZAC ITALIANO all. e prop. Ludvigsen T.<br \/>\n<strong>Juniores maschi:\u00a0<\/strong>1\u00b0 mp ALFIO all. e prop. Ettorre A.,\u00a02\u00b0 mp RALPH di Villa dei Gruccioni all. e prop. Lucarelli F.,\u00a03\u00b0 p ROBBIE di Villa dei Gruccioni all. e prop. Lucarelli F.<br \/>\n<strong>Cuccioli maschi:\u00a0<\/strong>1\u00b0 mp Praxtars JANUARIUS all. e prop. Ludvigsen T.,\u00a02\u00b0 mp Bonbons Lr PLUTO BRUNO all. Pamp A. prop. Bondhus H.<br \/>\n<strong>Veterani maschi:\u00a0<\/strong>1\u00b0 ecc DARIO di Casa Cleo all. Landi L. prop. Van Gemert K.,\u00a02\u00b0 ecc GRECCIO del Amici per Sempre all. Frei C. prop. Fauth E.<\/p>\n<p><strong>Campioni femmine:\u00a0<\/strong>1\u00b0 ecc Gleska GOODY TWO \u00a0SHOES all. e prop. Backman C.,\u00a02\u00b0 ecc BELEN del Peschio Vicale all. Orlandi G. prop. Ettorre A.,\u00a03\u00b0 ecc Blixtra BELLADONNA all. Magnusson J. prop. Ekland E.,\u00a04\u00b0 mb FATA all. Martelli P. prop. Preisig H-W.<br \/>\n<strong>Libera femmine:\u00a0<\/strong>1\u00b0 ecc Wildfinn BARBERA all. e prop. Kuusinen S-M.,\u00a02\u00b0 ecc \u00a0Gleska MISS CHIEF all. e prop. Backman C.,\u00a03\u00b0 ecc Gewitter LA HERA all. Kalske E. prop. Rantapuu L.,\u00a04\u00b0 ecc Gleska MISS BEHAVING all. Backman C. prop. Hanssen H-H.<br \/>\n<strong>Intermedia femmine:\u00a0<\/strong>1\u00b0 ecc cac, miglior femmina, bos Gewitter LA NEBULOSA al. e prop. Kalske E.,\u00a02\u00b0 ecc ris.cac Rozebottel\u2019s MC MUFFIN all. e prop. Van Gemert K.,\u00a03\u00b0 ecc Il Granaio dei Malatesta ELIDE all. Benelli M. prop. Semenova E.,\u00a04\u00b0 ecc Soul to Soul DIVA DI MONDOVI all. e prop. Elkilsson M.<br \/>\n<strong>Lavoro femmine:\u00a0<\/strong>1\u00b0 ecc cac LARA di Campoleone all. Rondinini L. prop. Langianni A.,\u00a02\u00b0 ecc ris.cac FANCY-FAIR Golatiere du Trepont all. e prop. Geissant J-L.,\u00a03\u00b0 ecc MALITA ALFA all. Manara L. prop. Grilli C-G.<br \/>\n<strong>Giovani femmine:\u00a0<\/strong>1\u00b0 ecc Imperie\u2019s CHILI CAYENNE all.\u00a0Alhzen Marmstad J. prop. \u00a0Alhzen Marmstad J. &#8211;\u00a0Pettersson M.,\u00a02\u00b0 ecc Accompagnatore ROMA ROMANTICA all. Preisig H-W. prop. Backes T. \u2013 Backes U.,\u00a03\u00b0 ecc Gleska MYFLY all. Backman C. prop. Hildegunn M.,\u00a04\u00b0 ecc MUFFIN all. e prop. Bistocchi P.<br \/>\n<strong>Juniores femmine:\u00a0<\/strong>1\u00b0 mp RANDIE di Villa dei Gruccioni all. e prop. Lucarelli F.<br \/>\n<strong>Cuccioli femmine:\u00a0<\/strong>1\u00b0 mp Praxtars JUMPING JILL all. e prop. Ludvigsen T.,\u00a02\u00b0 p Accompagnatore TITINA all. e prop. Preisig H-W.<br \/>\n<strong>Veterani femmine:\u00a0<\/strong>1\u00b0 mb Comes Cordis CARAMELLA all. Ruoff U. prop. Preisig H-W.,\u00a02\u00b0 mb Nambervan NENYA all. e prop. Lallio K.,\u00a03\u00b0 mb Gaesten LEAPIN\u2019S LOTTIE AT MIANATRA all. Stenton G. prop. Deblasi R.<\/p>\n<p><!-- default-view.php -->\n<div\n\tclass=\"ngg-galleryoverview default-view\n\t\t\"\n\tid=\"ngg-gallery-74a4bb97e1790b2a31a44d31139f5be0-1\"\n\tdata-nextgen-gallery-id=\"150\"\n\tdata-gallery-id=\"150\"\n\t\tdata-gallery-name=\"expo15\"\n\t>\n\n\t\t<!-- Thumbnails -->\n\t\t\t\t<div id=\"ngg-image-0\" class=\"ngg-gallery-thumbnail-box\n\t\t\t\t\t\t\t\tngg-6-columns\t\t\t\"\n\t\t\t>\n\t\t\t\t\t\t<div class=\"ngg-gallery-thumbnail\">\n\t\t<a href=\"http:\/\/www.lagottoromagnolo.org\/wp-content\/gallery\/expo15\/milr15-01.jpg?t=1502744912\"\n\t\t\ttitle=\"Campioni maschi: 1\u00b0 ecc NOE\u2019 del Monte della Dea all. Caira F. prop. Marcelli M. 2\u00b0 ecc Praxtars CHICO FEDERICI all. e prop. Ludvigsen T. 3\u00b0 ecc Imperies HARPO HART all. Alhzen J. prop. Pettersson M. \u2013 Alhzen J. 4\u00b0 ecc Imperies IMAX IMPORTANTE all. Alhzen Marmstad J. prop. Pettersson M. \u2013 Alhzen Marmstad J.\"\n\t\t\tdata-src=\"http:\/\/www.lagottoromagnolo.org\/wp-content\/gallery\/expo15\/milr15-01.jpg?t=1502744912\"\n\t\t\tdata-thumbnail=\"http:\/\/www.lagottoromagnolo.org\/wp-content\/gallery\/expo15\/thumbs\/thumbs_milr15-01.jpg?t=1502744912\"\n\t\t\tdata-image-id=\"1641\"\n\t\t\tdata-image-name=\"milr15-01.jpg\"\n\t\t\tdata-title=\"milr15-01\"\n\t\t\tdata-description=\"Campioni maschi: 1\u00b0 ecc NOE\u2019 del Monte della Dea all. Caira F. prop. Marcelli M. 2\u00b0 ecc Praxtars CHICO FEDERICI all. e prop. Ludvigsen T. 3\u00b0 ecc Imperies HARPO HART all. Alhzen J. prop. Pettersson M. \u2013 Alhzen J. 4\u00b0 ecc Imperies IMAX IMPORTANTE all. Alhzen Marmstad J. prop. Pettersson M. \u2013 Alhzen Marmstad J.\"\n\t\t\tdata-image-slug=\"milr15-01\"\n\t\t\t\t\t\t\t\t\t\t\t\t\t\t\t\t\t\t\t\tclass=\"ngg-fancybox\" rel=\"74a4bb97e1790b2a31a44d31139f5be0\">\n\t\t\t\t\t\t\t\t<img\n\t\t\t\t\ttitle=\"milr15-01\"\n\t\t\t\t\talt=\"milr15-01\"\n\t\t\t\t\tsrc=\"http:\/\/www.lagottoromagnolo.org\/wp-content\/gallery\/expo15\/thumbs\/thumbs_milr15-01.jpg?t=1502744912\"\n\t\t\t\t\twidth=\"100\"\n\t\t\t\t\theight=\"75\"\n\t\t\t\t\tstyle=\"max-width:100%;\"\n\t\t\t\t\/>\n\t\t\t<\/a>\n\t\t<\/div>\n\t\t\t\t\t\t\t<\/div>\n\t\t\t\n\t\t\t\t<div id=\"ngg-image-1\" class=\"ngg-gallery-thumbnail-box\n\t\t\t\t\t\t\t\tngg-6-columns\t\t\t\"\n\t\t\t>\n\t\t\t\t\t\t<div class=\"ngg-gallery-thumbnail\">\n\t\t<a href=\"http:\/\/www.lagottoromagnolo.org\/wp-content\/gallery\/expo15\/milr15-02.jpg?t=1502726666\"\n\t\t\ttitle=\"Libera maschi: 1\u00b0 ecc cac, miglior maschio, bob CISCO all. Gallerini F. prop. Ahlberg A., 2\u00b0 ecc ris.cac Wildfinn DACAPO all. Kuusinen S-M. prop. Kuusinen S-M. \u2013 Kuusinen J-J., 3\u00b0 ecc Rozebottel\u2019s BIG SPENDER all. e prop. Van Gemert K., 4\u00b0 ecc ORSO della Cascinetta all. Bassi F. prop. Sundsbarm H.\"\n\t\t\tdata-src=\"http:\/\/www.lagottoromagnolo.org\/wp-content\/gallery\/expo15\/milr15-02.jpg?t=1502726666\"\n\t\t\tdata-thumbnail=\"http:\/\/www.lagottoromagnolo.org\/wp-content\/gallery\/expo15\/thumbs\/thumbs_milr15-02.jpg?t=1502726666\"\n\t\t\tdata-image-id=\"1642\"\n\t\t\tdata-image-name=\"milr15-02.jpg\"\n\t\t\tdata-title=\"milr15-02\"\n\t\t\tdata-description=\"Libera maschi: 1\u00b0 ecc cac, miglior maschio, bob CISCO all. Gallerini F. prop. Ahlberg A., 2\u00b0 ecc ris.cac Wildfinn DACAPO all. Kuusinen S-M. prop. Kuusinen S-M. \u2013 Kuusinen J-J., 3\u00b0 ecc Rozebottel\u2019s BIG SPENDER all. e prop. Van Gemert K., 4\u00b0 ecc ORSO della Cascinetta all. Bassi F. prop. Sundsbarm H.\"\n\t\t\tdata-image-slug=\"milr15-02\"\n\t\t\t\t\t\t\t\t\t\t\t\t\t\t\t\t\t\t\t\tclass=\"ngg-fancybox\" rel=\"74a4bb97e1790b2a31a44d31139f5be0\">\n\t\t\t\t\t\t\t\t<img\n\t\t\t\t\ttitle=\"milr15-02\"\n\t\t\t\t\talt=\"milr15-02\"\n\t\t\t\t\tsrc=\"http:\/\/www.lagottoromagnolo.org\/wp-content\/gallery\/expo15\/thumbs\/thumbs_milr15-02.jpg?t=1502726666\"\n\t\t\t\t\twidth=\"100\"\n\t\t\t\t\theight=\"75\"\n\t\t\t\t\tstyle=\"max-width:100%;\"\n\t\t\t\t\/>\n\t\t\t<\/a>\n\t\t<\/div>\n\t\t\t\t\t\t\t<\/div>\n\t\t\t\n\t\t\t\t<div id=\"ngg-image-2\" class=\"ngg-gallery-thumbnail-box\n\t\t\t\t\t\t\t\tngg-6-columns\t\t\t\"\n\t\t\t>\n\t\t\t\t\t\t<div class=\"ngg-gallery-thumbnail\">\n\t\t<a href=\"http:\/\/www.lagottoromagnolo.org\/wp-content\/gallery\/expo15\/milr15-03.jpg?t=1502726666\"\n\t\t\ttitle=\"Intermedia maschi: 1\u00b0 ecc Regun MANGO all. Tanos L. prop. Killingmo K. 2\u00b0 ecc LUPIN di Campoleone all. e prop. Rondinini L. 3\u00b0 ecc ALFREDO Diamanti del Montecastello all. e prop. Rodler-Dettoli P.\"\n\t\t\tdata-src=\"http:\/\/www.lagottoromagnolo.org\/wp-content\/gallery\/expo15\/milr15-03.jpg?t=1502726666\"\n\t\t\tdata-thumbnail=\"http:\/\/www.lagottoromagnolo.org\/wp-content\/gallery\/expo15\/thumbs\/thumbs_milr15-03.jpg?t=1502726666\"\n\t\t\tdata-image-id=\"1643\"\n\t\t\tdata-image-name=\"milr15-03.jpg\"\n\t\t\tdata-title=\"milr15-03\"\n\t\t\tdata-description=\"Intermedia maschi: 1\u00b0 ecc Regun MANGO all. Tanos L. prop. Killingmo K. 2\u00b0 ecc LUPIN di Campoleone all. e prop. Rondinini L. 3\u00b0 ecc ALFREDO Diamanti del Montecastello all. e prop. Rodler-Dettoli P.\"\n\t\t\tdata-image-slug=\"milr15-03\"\n\t\t\t\t\t\t\t\t\t\t\t\t\t\t\t\t\t\t\t\tclass=\"ngg-fancybox\" rel=\"74a4bb97e1790b2a31a44d31139f5be0\">\n\t\t\t\t\t\t\t\t<img\n\t\t\t\t\ttitle=\"milr15-03\"\n\t\t\t\t\talt=\"milr15-03\"\n\t\t\t\t\tsrc=\"http:\/\/www.lagottoromagnolo.org\/wp-content\/gallery\/expo15\/thumbs\/thumbs_milr15-03.jpg?t=1502726666\"\n\t\t\t\t\twidth=\"100\"\n\t\t\t\t\theight=\"75\"\n\t\t\t\t\tstyle=\"max-width:100%;\"\n\t\t\t\t\/>\n\t\t\t<\/a>\n\t\t<\/div>\n\t\t\t\t\t\t\t<\/div>\n\t\t\t\n\t\t\t\t<div id=\"ngg-image-3\" class=\"ngg-gallery-thumbnail-box\n\t\t\t\t\t\t\t\tngg-6-columns\t\t\t\"\n\t\t\t>\n\t\t\t\t\t\t<div class=\"ngg-gallery-thumbnail\">\n\t\t<a href=\"http:\/\/www.lagottoromagnolo.org\/wp-content\/gallery\/expo15\/milr15-04.jpg?t=1502726666\"\n\t\t\ttitle=\"Lavoro maschi: 1\u00b0 ecc cac TOPAZIO all. e prop. Marcelli M. 2\u00b0 ecc ris.cac MADIBA di Campoleone all. Rondinini L. prop. Tellini M. 3\u00b0 ecc DON GIOVANNI du Domaine de L\u2019Airolle all. e prop. Bego B. 4\u00b0 ecc CIOCORI\u2019 all. e prop. Auriti R.\"\n\t\t\tdata-src=\"http:\/\/www.lagottoromagnolo.org\/wp-content\/gallery\/expo15\/milr15-04.jpg?t=1502726666\"\n\t\t\tdata-thumbnail=\"http:\/\/www.lagottoromagnolo.org\/wp-content\/gallery\/expo15\/thumbs\/thumbs_milr15-04.jpg?t=1502726666\"\n\t\t\tdata-image-id=\"1644\"\n\t\t\tdata-image-name=\"milr15-04.jpg\"\n\t\t\tdata-title=\"milr15-04\"\n\t\t\tdata-description=\"Lavoro maschi: 1\u00b0 ecc cac TOPAZIO all. e prop. Marcelli M. 2\u00b0 ecc ris.cac MADIBA di Campoleone all. Rondinini L. prop. Tellini M. 3\u00b0 ecc DON GIOVANNI du Domaine de L\u2019Airolle all. e prop. Bego B. 4\u00b0 ecc CIOCORI\u2019 all. e prop. Auriti R.\"\n\t\t\tdata-image-slug=\"milr15-04\"\n\t\t\t\t\t\t\t\t\t\t\t\t\t\t\t\t\t\t\t\tclass=\"ngg-fancybox\" rel=\"74a4bb97e1790b2a31a44d31139f5be0\">\n\t\t\t\t\t\t\t\t<img\n\t\t\t\t\ttitle=\"milr15-04\"\n\t\t\t\t\talt=\"milr15-04\"\n\t\t\t\t\tsrc=\"http:\/\/www.lagottoromagnolo.org\/wp-content\/gallery\/expo15\/thumbs\/thumbs_milr15-04.jpg?t=1502726666\"\n\t\t\t\t\twidth=\"100\"\n\t\t\t\t\theight=\"75\"\n\t\t\t\t\tstyle=\"max-width:100%;\"\n\t\t\t\t\/>\n\t\t\t<\/a>\n\t\t<\/div>\n\t\t\t\t\t\t\t<\/div>\n\t\t\t\n\t\t\t\t<div id=\"ngg-image-4\" class=\"ngg-gallery-thumbnail-box\n\t\t\t\t\t\t\t\tngg-6-columns\t\t\t\"\n\t\t\t>\n\t\t\t\t\t\t<div class=\"ngg-gallery-thumbnail\">\n\t\t<a href=\"http:\/\/www.lagottoromagnolo.org\/wp-content\/gallery\/expo15\/milr15-05.jpg?t=1502726666\"\n\t\t\ttitle=\"Giovani maschi: 1\u00b0 ecc CAPO del Ginestreto all. Zavagli E. prop. Teromaa L. \u2013 Kalske E. 2\u00b0 ecc Praxtars IZAC ITALIANO all. e prop. Ludvigsen T.\"\n\t\t\tdata-src=\"http:\/\/www.lagottoromagnolo.org\/wp-content\/gallery\/expo15\/milr15-05.jpg?t=1502726666\"\n\t\t\tdata-thumbnail=\"http:\/\/www.lagottoromagnolo.org\/wp-content\/gallery\/expo15\/thumbs\/thumbs_milr15-05.jpg?t=1502726666\"\n\t\t\tdata-image-id=\"1645\"\n\t\t\tdata-image-name=\"milr15-05.jpg\"\n\t\t\tdata-title=\"milr15-05\"\n\t\t\tdata-description=\"Giovani maschi: 1\u00b0 ecc CAPO del Ginestreto all. Zavagli E. prop. Teromaa L. \u2013 Kalske E. 2\u00b0 ecc Praxtars IZAC ITALIANO all. e prop. Ludvigsen T.\"\n\t\t\tdata-image-slug=\"milr15-05\"\n\t\t\t\t\t\t\t\t\t\t\t\t\t\t\t\t\t\t\t\tclass=\"ngg-fancybox\" rel=\"74a4bb97e1790b2a31a44d31139f5be0\">\n\t\t\t\t\t\t\t\t<img\n\t\t\t\t\ttitle=\"milr15-05\"\n\t\t\t\t\talt=\"milr15-05\"\n\t\t\t\t\tsrc=\"http:\/\/www.lagottoromagnolo.org\/wp-content\/gallery\/expo15\/thumbs\/thumbs_milr15-05.jpg?t=1502726666\"\n\t\t\t\t\twidth=\"100\"\n\t\t\t\t\theight=\"75\"\n\t\t\t\t\tstyle=\"max-width:100%;\"\n\t\t\t\t\/>\n\t\t\t<\/a>\n\t\t<\/div>\n\t\t\t\t\t\t\t<\/div>\n\t\t\t\n\t\t\t\t<div id=\"ngg-image-5\" class=\"ngg-gallery-thumbnail-box\n\t\t\t\t\t\t\t\tngg-6-columns\t\t\t\"\n\t\t\t>\n\t\t\t\t\t\t<div class=\"ngg-gallery-thumbnail\">\n\t\t<a href=\"http:\/\/www.lagottoromagnolo.org\/wp-content\/gallery\/expo15\/milr15-06.jpg?t=1502726666\"\n\t\t\ttitle=\"Juniores maschi: 1\u00b0 mp ALFIO all. e prop. Ettorre A. 2\u00b0 mp RALPH di Villa dei Gruccioni all. e prop. Lucarelli F. 3\u00b0 p ROBBIE di Villa dei Gruccioni all. e prop. Lucarelli F.\"\n\t\t\tdata-src=\"http:\/\/www.lagottoromagnolo.org\/wp-content\/gallery\/expo15\/milr15-06.jpg?t=1502726666\"\n\t\t\tdata-thumbnail=\"http:\/\/www.lagottoromagnolo.org\/wp-content\/gallery\/expo15\/thumbs\/thumbs_milr15-06.jpg?t=1502726666\"\n\t\t\tdata-image-id=\"1646\"\n\t\t\tdata-image-name=\"milr15-06.jpg\"\n\t\t\tdata-title=\"milr15-06\"\n\t\t\tdata-description=\"Juniores maschi: 1\u00b0 mp ALFIO all. e prop. Ettorre A. 2\u00b0 mp RALPH di Villa dei Gruccioni all. e prop. Lucarelli F. 3\u00b0 p ROBBIE di Villa dei Gruccioni all. e prop. Lucarelli F.\"\n\t\t\tdata-image-slug=\"milr15-06\"\n\t\t\t\t\t\t\t\t\t\t\t\t\t\t\t\t\t\t\t\tclass=\"ngg-fancybox\" rel=\"74a4bb97e1790b2a31a44d31139f5be0\">\n\t\t\t\t\t\t\t\t<img\n\t\t\t\t\ttitle=\"milr15-06\"\n\t\t\t\t\talt=\"milr15-06\"\n\t\t\t\t\tsrc=\"http:\/\/www.lagottoromagnolo.org\/wp-content\/gallery\/expo15\/thumbs\/thumbs_milr15-06.jpg?t=1502726666\"\n\t\t\t\t\twidth=\"100\"\n\t\t\t\t\theight=\"75\"\n\t\t\t\t\tstyle=\"max-width:100%;\"\n\t\t\t\t\/>\n\t\t\t<\/a>\n\t\t<\/div>\n\t\t\t\t\t\t\t<\/div>\n\t\t\t\n\t\t\t\t<div id=\"ngg-image-6\" class=\"ngg-gallery-thumbnail-box\n\t\t\t\t\t\t\t\tngg-6-columns\t\t\t\"\n\t\t\t>\n\t\t\t\t\t\t<div class=\"ngg-gallery-thumbnail\">\n\t\t<a href=\"http:\/\/www.lagottoromagnolo.org\/wp-content\/gallery\/expo15\/milr15-07.jpg?t=1502726666\"\n\t\t\ttitle=\"Cuccioli maschi: 1\u00b0 mp Praxtars JANUARIUS all. e prop. Ludvigsen T. 2\u00b0 mp Bonbons Lr PLUTO BRUNO all. Pamp A. prop. Bondhus H.\"\n\t\t\tdata-src=\"http:\/\/www.lagottoromagnolo.org\/wp-content\/gallery\/expo15\/milr15-07.jpg?t=1502726666\"\n\t\t\tdata-thumbnail=\"http:\/\/www.lagottoromagnolo.org\/wp-content\/gallery\/expo15\/thumbs\/thumbs_milr15-07.jpg?t=1502726666\"\n\t\t\tdata-image-id=\"1647\"\n\t\t\tdata-image-name=\"milr15-07.jpg\"\n\t\t\tdata-title=\"milr15-07\"\n\t\t\tdata-description=\"Cuccioli maschi: 1\u00b0 mp Praxtars JANUARIUS all. e prop. Ludvigsen T. 2\u00b0 mp Bonbons Lr PLUTO BRUNO all. Pamp A. prop. Bondhus H.\"\n\t\t\tdata-image-slug=\"milr15-07\"\n\t\t\t\t\t\t\t\t\t\t\t\t\t\t\t\t\t\t\t\tclass=\"ngg-fancybox\" rel=\"74a4bb97e1790b2a31a44d31139f5be0\">\n\t\t\t\t\t\t\t\t<img\n\t\t\t\t\ttitle=\"milr15-07\"\n\t\t\t\t\talt=\"milr15-07\"\n\t\t\t\t\tsrc=\"http:\/\/www.lagottoromagnolo.org\/wp-content\/gallery\/expo15\/thumbs\/thumbs_milr15-07.jpg?t=1502726666\"\n\t\t\t\t\twidth=\"100\"\n\t\t\t\t\theight=\"75\"\n\t\t\t\t\tstyle=\"max-width:100%;\"\n\t\t\t\t\/>\n\t\t\t<\/a>\n\t\t<\/div>\n\t\t\t\t\t\t\t<\/div>\n\t\t\t\n\t\t\t\t<div id=\"ngg-image-7\" class=\"ngg-gallery-thumbnail-box\n\t\t\t\t\t\t\t\tngg-6-columns\t\t\t\"\n\t\t\t>\n\t\t\t\t\t\t<div class=\"ngg-gallery-thumbnail\">\n\t\t<a href=\"http:\/\/www.lagottoromagnolo.org\/wp-content\/gallery\/expo15\/milr15-08.jpg?t=1502726666\"\n\t\t\ttitle=\"Veterani maschi: 1\u00b0 ecc DARIO di Casa Cleo all. Landi L. prop. Van Gemert K. 2\u00b0 ecc GRECCIO del Amici per Sempre all. Frei C. prop. Fauth E.\"\n\t\t\tdata-src=\"http:\/\/www.lagottoromagnolo.org\/wp-content\/gallery\/expo15\/milr15-08.jpg?t=1502726666\"\n\t\t\tdata-thumbnail=\"http:\/\/www.lagottoromagnolo.org\/wp-content\/gallery\/expo15\/thumbs\/thumbs_milr15-08.jpg?t=1502726666\"\n\t\t\tdata-image-id=\"1648\"\n\t\t\tdata-image-name=\"milr15-08.jpg\"\n\t\t\tdata-title=\"milr15-08\"\n\t\t\tdata-description=\"Veterani maschi: 1\u00b0 ecc DARIO di Casa Cleo all. Landi L. prop. Van Gemert K. 2\u00b0 ecc GRECCIO del Amici per Sempre all. Frei C. prop. Fauth E.\"\n\t\t\tdata-image-slug=\"milr15-08\"\n\t\t\t\t\t\t\t\t\t\t\t\t\t\t\t\t\t\t\t\tclass=\"ngg-fancybox\" rel=\"74a4bb97e1790b2a31a44d31139f5be0\">\n\t\t\t\t\t\t\t\t<img\n\t\t\t\t\ttitle=\"milr15-08\"\n\t\t\t\t\talt=\"milr15-08\"\n\t\t\t\t\tsrc=\"http:\/\/www.lagottoromagnolo.org\/wp-content\/gallery\/expo15\/thumbs\/thumbs_milr15-08.jpg?t=1502726666\"\n\t\t\t\t\twidth=\"100\"\n\t\t\t\t\theight=\"75\"\n\t\t\t\t\tstyle=\"max-width:100%;\"\n\t\t\t\t\/>\n\t\t\t<\/a>\n\t\t<\/div>\n\t\t\t\t\t\t\t<\/div>\n\t\t\t\n\t\t\t\t<div id=\"ngg-image-8\" class=\"ngg-gallery-thumbnail-box\n\t\t\t\t\t\t\t\tngg-6-columns\t\t\t\"\n\t\t\t>\n\t\t\t\t\t\t<div class=\"ngg-gallery-thumbnail\">\n\t\t<a href=\"http:\/\/www.lagottoromagnolo.org\/wp-content\/gallery\/expo15\/milr15-09.jpg?t=1502726666\"\n\t\t\ttitle=\"Campioni femmine: 1\u00b0 ecc Gleska GOODY TWO SHOES all. e prop. Backman C. 2\u00b0 ecc BELEN del Peschio Vicale all. Orlandi G. prop. Ettorre A. 3\u00b0 ecc Blixtra BELLADONNA all. Magnusson J. prop. Ekland E. 4\u00b0 mb FATA all. Martelli P. prop. Preisig H-W.\"\n\t\t\tdata-src=\"http:\/\/www.lagottoromagnolo.org\/wp-content\/gallery\/expo15\/milr15-09.jpg?t=1502726666\"\n\t\t\tdata-thumbnail=\"http:\/\/www.lagottoromagnolo.org\/wp-content\/gallery\/expo15\/thumbs\/thumbs_milr15-09.jpg?t=1502726666\"\n\t\t\tdata-image-id=\"1649\"\n\t\t\tdata-image-name=\"milr15-09.jpg\"\n\t\t\tdata-title=\"milr15-09\"\n\t\t\tdata-description=\"Campioni femmine: 1\u00b0 ecc Gleska GOODY TWO SHOES all. e prop. Backman C. 2\u00b0 ecc BELEN del Peschio Vicale all. Orlandi G. prop. Ettorre A. 3\u00b0 ecc Blixtra BELLADONNA all. Magnusson J. prop. Ekland E. 4\u00b0 mb FATA all. Martelli P. prop. Preisig H-W.\"\n\t\t\tdata-image-slug=\"milr15-09\"\n\t\t\t\t\t\t\t\t\t\t\t\t\t\t\t\t\t\t\t\tclass=\"ngg-fancybox\" rel=\"74a4bb97e1790b2a31a44d31139f5be0\">\n\t\t\t\t\t\t\t\t<img\n\t\t\t\t\ttitle=\"milr15-09\"\n\t\t\t\t\talt=\"milr15-09\"\n\t\t\t\t\tsrc=\"http:\/\/www.lagottoromagnolo.org\/wp-content\/gallery\/expo15\/thumbs\/thumbs_milr15-09.jpg?t=1502726666\"\n\t\t\t\t\twidth=\"100\"\n\t\t\t\t\theight=\"75\"\n\t\t\t\t\tstyle=\"max-width:100%;\"\n\t\t\t\t\/>\n\t\t\t<\/a>\n\t\t<\/div>\n\t\t\t\t\t\t\t<\/div>\n\t\t\t\n\t\t\t\t<div id=\"ngg-image-9\" class=\"ngg-gallery-thumbnail-box\n\t\t\t\t\t\t\t\tngg-6-columns\t\t\t\"\n\t\t\t>\n\t\t\t\t\t\t<div class=\"ngg-gallery-thumbnail\">\n\t\t<a href=\"http:\/\/www.lagottoromagnolo.org\/wp-content\/gallery\/expo15\/milr15-10.jpg?t=1502726667\"\n\t\t\ttitle=\"Libera femmine: 1\u00b0 ecc Wildfinn BARBERA all. e prop. Kuusinen S-M. 2\u00b0 ecc Gleska MISS CHIEF all. e prop. Backman C. 3\u00b0 ecc Gewitter LA HERA all. Kalske E. prop. Rantapuu L. 4\u00b0 ecc Gleska MISS BEHAVING all. Backman C. prop. Hanssen H-H.\"\n\t\t\tdata-src=\"http:\/\/www.lagottoromagnolo.org\/wp-content\/gallery\/expo15\/milr15-10.jpg?t=1502726667\"\n\t\t\tdata-thumbnail=\"http:\/\/www.lagottoromagnolo.org\/wp-content\/gallery\/expo15\/thumbs\/thumbs_milr15-10.jpg?t=1502726667\"\n\t\t\tdata-image-id=\"1650\"\n\t\t\tdata-image-name=\"milr15-10.jpg\"\n\t\t\tdata-title=\"milr15-10\"\n\t\t\tdata-description=\"Libera femmine: 1\u00b0 ecc Wildfinn BARBERA all. e prop. Kuusinen S-M. 2\u00b0 ecc Gleska MISS CHIEF all. e prop. Backman C. 3\u00b0 ecc Gewitter LA HERA all. Kalske E. prop. Rantapuu L. 4\u00b0 ecc Gleska MISS BEHAVING all. Backman C. prop. Hanssen H-H.\"\n\t\t\tdata-image-slug=\"milr15-10\"\n\t\t\t\t\t\t\t\t\t\t\t\t\t\t\t\t\t\t\t\tclass=\"ngg-fancybox\" rel=\"74a4bb97e1790b2a31a44d31139f5be0\">\n\t\t\t\t\t\t\t\t<img\n\t\t\t\t\ttitle=\"milr15-10\"\n\t\t\t\t\talt=\"milr15-10\"\n\t\t\t\t\tsrc=\"http:\/\/www.lagottoromagnolo.org\/wp-content\/gallery\/expo15\/thumbs\/thumbs_milr15-10.jpg?t=1502726667\"\n\t\t\t\t\twidth=\"100\"\n\t\t\t\t\theight=\"75\"\n\t\t\t\t\tstyle=\"max-width:100%;\"\n\t\t\t\t\/>\n\t\t\t<\/a>\n\t\t<\/div>\n\t\t\t\t\t\t\t<\/div>\n\t\t\t\n\t\t\t\t<div id=\"ngg-image-10\" class=\"ngg-gallery-thumbnail-box\n\t\t\t\t\t\t\t\tngg-6-columns\t\t\t\"\n\t\t\t>\n\t\t\t\t\t\t<div class=\"ngg-gallery-thumbnail\">\n\t\t<a href=\"http:\/\/www.lagottoromagnolo.org\/wp-content\/gallery\/expo15\/milr15-11.jpg?t=1502726667\"\n\t\t\ttitle=\"Intermedia femmine: 1\u00b0 ecc cac, miglior femmina, bos Gewitter LA NEBULOSA al. e prop. Kalske E. 2\u00b0 ecc ris.cac Rozebottel\u2019s MC MUFFIN all. e prop. Van Gemert K. 3\u00b0 ecc Il Granaio dei Malatesta ELIDE all. Benelli M. prop. Semenova E. 4\u00b0 ecc Soul to Soul DIVA DI MONDOVI all. e prop. Elkilsson M.\"\n\t\t\tdata-src=\"http:\/\/www.lagottoromagnolo.org\/wp-content\/gallery\/expo15\/milr15-11.jpg?t=1502726667\"\n\t\t\tdata-thumbnail=\"http:\/\/www.lagottoromagnolo.org\/wp-content\/gallery\/expo15\/thumbs\/thumbs_milr15-11.jpg?t=1502726667\"\n\t\t\tdata-image-id=\"1651\"\n\t\t\tdata-image-name=\"milr15-11.jpg\"\n\t\t\tdata-title=\"milr15-11\"\n\t\t\tdata-description=\"Intermedia femmine: 1\u00b0 ecc cac, miglior femmina, bos Gewitter LA NEBULOSA al. e prop. Kalske E. 2\u00b0 ecc ris.cac Rozebottel\u2019s MC MUFFIN all. e prop. Van Gemert K. 3\u00b0 ecc Il Granaio dei Malatesta ELIDE all. Benelli M. prop. Semenova E. 4\u00b0 ecc Soul to Soul DIVA DI MONDOVI all. e prop. Elkilsson M.\"\n\t\t\tdata-image-slug=\"milr15-11\"\n\t\t\t\t\t\t\t\t\t\t\t\t\t\t\t\t\t\t\t\tclass=\"ngg-fancybox\" rel=\"74a4bb97e1790b2a31a44d31139f5be0\">\n\t\t\t\t\t\t\t\t<img\n\t\t\t\t\ttitle=\"milr15-11\"\n\t\t\t\t\talt=\"milr15-11\"\n\t\t\t\t\tsrc=\"http:\/\/www.lagottoromagnolo.org\/wp-content\/gallery\/expo15\/thumbs\/thumbs_milr15-11.jpg?t=1502726667\"\n\t\t\t\t\twidth=\"100\"\n\t\t\t\t\theight=\"75\"\n\t\t\t\t\tstyle=\"max-width:100%;\"\n\t\t\t\t\/>\n\t\t\t<\/a>\n\t\t<\/div>\n\t\t\t\t\t\t\t<\/div>\n\t\t\t\n\t\t\t\t<div id=\"ngg-image-11\" class=\"ngg-gallery-thumbnail-box\n\t\t\t\t\t\t\t\tngg-6-columns\t\t\t\"\n\t\t\t>\n\t\t\t\t\t\t<div class=\"ngg-gallery-thumbnail\">\n\t\t<a href=\"http:\/\/www.lagottoromagnolo.org\/wp-content\/gallery\/expo15\/milr15-12.jpg?t=1502726667\"\n\t\t\ttitle=\"Lavoro femmine: 1\u00b0 ecc cac LARA di Campoleone all. Rondinini L. prop. Langianni A. 2\u00b0 ecc ris.cac FANCY-FAIR Golatiere du Trepont all. e prop. Geissant J-L. 3\u00b0 ecc MALITA ALFA all. Manara L. prop. Grilli C-G.\"\n\t\t\tdata-src=\"http:\/\/www.lagottoromagnolo.org\/wp-content\/gallery\/expo15\/milr15-12.jpg?t=1502726667\"\n\t\t\tdata-thumbnail=\"http:\/\/www.lagottoromagnolo.org\/wp-content\/gallery\/expo15\/thumbs\/thumbs_milr15-12.jpg?t=1502726667\"\n\t\t\tdata-image-id=\"1652\"\n\t\t\tdata-image-name=\"milr15-12.jpg\"\n\t\t\tdata-title=\"milr15-12\"\n\t\t\tdata-description=\"Lavoro femmine: 1\u00b0 ecc cac LARA di Campoleone all. Rondinini L. prop. Langianni A. 2\u00b0 ecc ris.cac FANCY-FAIR Golatiere du Trepont all. e prop. Geissant J-L. 3\u00b0 ecc MALITA ALFA all. Manara L. prop. Grilli C-G.\"\n\t\t\tdata-image-slug=\"milr15-12\"\n\t\t\t\t\t\t\t\t\t\t\t\t\t\t\t\t\t\t\t\tclass=\"ngg-fancybox\" rel=\"74a4bb97e1790b2a31a44d31139f5be0\">\n\t\t\t\t\t\t\t\t<img\n\t\t\t\t\ttitle=\"milr15-12\"\n\t\t\t\t\talt=\"milr15-12\"\n\t\t\t\t\tsrc=\"http:\/\/www.lagottoromagnolo.org\/wp-content\/gallery\/expo15\/thumbs\/thumbs_milr15-12.jpg?t=1502726667\"\n\t\t\t\t\twidth=\"100\"\n\t\t\t\t\theight=\"75\"\n\t\t\t\t\tstyle=\"max-width:100%;\"\n\t\t\t\t\/>\n\t\t\t<\/a>\n\t\t<\/div>\n\t\t\t\t\t\t\t<\/div>\n\t\t\t\n\t\t\t\t<div id=\"ngg-image-12\" class=\"ngg-gallery-thumbnail-box\n\t\t\t\t\t\t\t\tngg-6-columns\t\t\t\"\n\t\t\t>\n\t\t\t\t\t\t<div class=\"ngg-gallery-thumbnail\">\n\t\t<a href=\"http:\/\/www.lagottoromagnolo.org\/wp-content\/gallery\/expo15\/milr15-13.jpg?t=1502726667\"\n\t\t\ttitle=\"Giovani femmine: 1\u00b0 ecc Imperie\u2019s CHILI CAYENNE all. Alhzen Marmstad J. prop. Alhzen Marmstad J. - Pettersson M. 2\u00b0 ecc Accompagnatore ROMA ROMANTICA all. Preisig H-W. prop. Backes T. \u2013 Backes U. 3\u00b0 ecc Gleska MYFLY all. Backman C. prop. Hildegunn M. 4\u00b0 ecc MUFFIN all. e prop. Bistocchi P.\"\n\t\t\tdata-src=\"http:\/\/www.lagottoromagnolo.org\/wp-content\/gallery\/expo15\/milr15-13.jpg?t=1502726667\"\n\t\t\tdata-thumbnail=\"http:\/\/www.lagottoromagnolo.org\/wp-content\/gallery\/expo15\/thumbs\/thumbs_milr15-13.jpg?t=1502726667\"\n\t\t\tdata-image-id=\"1653\"\n\t\t\tdata-image-name=\"milr15-13.jpg\"\n\t\t\tdata-title=\"milr15-13\"\n\t\t\tdata-description=\"Giovani femmine: 1\u00b0 ecc Imperie\u2019s CHILI CAYENNE all. Alhzen Marmstad J. prop. Alhzen Marmstad J. - Pettersson M. 2\u00b0 ecc Accompagnatore ROMA ROMANTICA all. Preisig H-W. prop. Backes T. \u2013 Backes U. 3\u00b0 ecc Gleska MYFLY all. Backman C. prop. Hildegunn M. 4\u00b0 ecc MUFFIN all. e prop. Bistocchi P.\"\n\t\t\tdata-image-slug=\"milr15-13\"\n\t\t\t\t\t\t\t\t\t\t\t\t\t\t\t\t\t\t\t\tclass=\"ngg-fancybox\" rel=\"74a4bb97e1790b2a31a44d31139f5be0\">\n\t\t\t\t\t\t\t\t<img\n\t\t\t\t\ttitle=\"milr15-13\"\n\t\t\t\t\talt=\"milr15-13\"\n\t\t\t\t\tsrc=\"http:\/\/www.lagottoromagnolo.org\/wp-content\/gallery\/expo15\/thumbs\/thumbs_milr15-13.jpg?t=1502726667\"\n\t\t\t\t\twidth=\"100\"\n\t\t\t\t\theight=\"75\"\n\t\t\t\t\tstyle=\"max-width:100%;\"\n\t\t\t\t\/>\n\t\t\t<\/a>\n\t\t<\/div>\n\t\t\t\t\t\t\t<\/div>\n\t\t\t\n\t\t\t\t<div id=\"ngg-image-13\" class=\"ngg-gallery-thumbnail-box\n\t\t\t\t\t\t\t\tngg-6-columns\t\t\t\"\n\t\t\t>\n\t\t\t\t\t\t<div class=\"ngg-gallery-thumbnail\">\n\t\t<a href=\"http:\/\/www.lagottoromagnolo.org\/wp-content\/gallery\/expo15\/milr15-14.jpg?t=1502726667\"\n\t\t\ttitle=\"Juniores femmine: 1\u00b0 mp RANDIE di Villa dei Gruccioni all. e prop. Lucarelli F.\"\n\t\t\tdata-src=\"http:\/\/www.lagottoromagnolo.org\/wp-content\/gallery\/expo15\/milr15-14.jpg?t=1502726667\"\n\t\t\tdata-thumbnail=\"http:\/\/www.lagottoromagnolo.org\/wp-content\/gallery\/expo15\/thumbs\/thumbs_milr15-14.jpg?t=1502726667\"\n\t\t\tdata-image-id=\"1654\"\n\t\t\tdata-image-name=\"milr15-14.jpg\"\n\t\t\tdata-title=\"milr15-14\"\n\t\t\tdata-description=\"Juniores femmine: 1\u00b0 mp RANDIE di Villa dei Gruccioni all. e prop. Lucarelli F.\"\n\t\t\tdata-image-slug=\"milr15-14\"\n\t\t\t\t\t\t\t\t\t\t\t\t\t\t\t\t\t\t\t\tclass=\"ngg-fancybox\" rel=\"74a4bb97e1790b2a31a44d31139f5be0\">\n\t\t\t\t\t\t\t\t<img\n\t\t\t\t\ttitle=\"milr15-14\"\n\t\t\t\t\talt=\"milr15-14\"\n\t\t\t\t\tsrc=\"http:\/\/www.lagottoromagnolo.org\/wp-content\/gallery\/expo15\/thumbs\/thumbs_milr15-14.jpg?t=1502726667\"\n\t\t\t\t\twidth=\"100\"\n\t\t\t\t\theight=\"75\"\n\t\t\t\t\tstyle=\"max-width:100%;\"\n\t\t\t\t\/>\n\t\t\t<\/a>\n\t\t<\/div>\n\t\t\t\t\t\t\t<\/div>\n\t\t\t\n\t\t\t\t<div id=\"ngg-image-14\" class=\"ngg-gallery-thumbnail-box\n\t\t\t\t\t\t\t\tngg-6-columns\t\t\t\"\n\t\t\t>\n\t\t\t\t\t\t<div class=\"ngg-gallery-thumbnail\">\n\t\t<a href=\"http:\/\/www.lagottoromagnolo.org\/wp-content\/gallery\/expo15\/milr15-15.jpg?t=1502726667\"\n\t\t\ttitle=\"Cuccioli femmine: 1\u00b0 mp Praxtars JUMPING JILL all. e prop. Ludvigsen T. 2\u00b0 p Accompagnatore TITINA all. e prop. Preisig H-W.\"\n\t\t\tdata-src=\"http:\/\/www.lagottoromagnolo.org\/wp-content\/gallery\/expo15\/milr15-15.jpg?t=1502726667\"\n\t\t\tdata-thumbnail=\"http:\/\/www.lagottoromagnolo.org\/wp-content\/gallery\/expo15\/thumbs\/thumbs_milr15-15.jpg?t=1502726667\"\n\t\t\tdata-image-id=\"1655\"\n\t\t\tdata-image-name=\"milr15-15.jpg\"\n\t\t\tdata-title=\"milr15-15\"\n\t\t\tdata-description=\"Cuccioli femmine: 1\u00b0 mp Praxtars JUMPING JILL all. e prop. Ludvigsen T. 2\u00b0 p Accompagnatore TITINA all. e prop. Preisig H-W.\"\n\t\t\tdata-image-slug=\"milr15-15\"\n\t\t\t\t\t\t\t\t\t\t\t\t\t\t\t\t\t\t\t\tclass=\"ngg-fancybox\" rel=\"74a4bb97e1790b2a31a44d31139f5be0\">\n\t\t\t\t\t\t\t\t<img\n\t\t\t\t\ttitle=\"milr15-15\"\n\t\t\t\t\talt=\"milr15-15\"\n\t\t\t\t\tsrc=\"http:\/\/www.lagottoromagnolo.org\/wp-content\/gallery\/expo15\/thumbs\/thumbs_milr15-15.jpg?t=1502726667\"\n\t\t\t\t\twidth=\"100\"\n\t\t\t\t\theight=\"75\"\n\t\t\t\t\tstyle=\"max-width:100%;\"\n\t\t\t\t\/>\n\t\t\t<\/a>\n\t\t<\/div>\n\t\t\t\t\t\t\t<\/div>\n\t\t\t\n\t\t\t\t<div id=\"ngg-image-15\" class=\"ngg-gallery-thumbnail-box\n\t\t\t\t\t\t\t\tngg-6-columns\t\t\t\"\n\t\t\t>\n\t\t\t\t\t\t<div class=\"ngg-gallery-thumbnail\">\n\t\t<a href=\"http:\/\/www.lagottoromagnolo.org\/wp-content\/gallery\/expo15\/milr15-16.jpg?t=1502726667\"\n\t\t\ttitle=\"Veterani femmine: 1\u00b0 mb Comes Cordis CARAMELLA all. Ruoff U. prop. Preisig H-W. 2\u00b0 mb Nambervan NENYA all. e prop. Lallio K. 3\u00b0 mb Gaesten LEAPIN\u2019S LOTTIE AT MIANATRA all. Stenton G. prop. Deblasi R.\"\n\t\t\tdata-src=\"http:\/\/www.lagottoromagnolo.org\/wp-content\/gallery\/expo15\/milr15-16.jpg?t=1502726667\"\n\t\t\tdata-thumbnail=\"http:\/\/www.lagottoromagnolo.org\/wp-content\/gallery\/expo15\/thumbs\/thumbs_milr15-16.jpg?t=1502726667\"\n\t\t\tdata-image-id=\"1656\"\n\t\t\tdata-image-name=\"milr15-16.jpg\"\n\t\t\tdata-title=\"milr15-16\"\n\t\t\tdata-description=\"Veterani femmine: 1\u00b0 mb Comes Cordis CARAMELLA all. Ruoff U. prop. Preisig H-W. 2\u00b0 mb Nambervan NENYA all. e prop. Lallio K. 3\u00b0 mb Gaesten LEAPIN\u2019S LOTTIE AT MIANATRA all. Stenton G. prop. Deblasi R.\"\n\t\t\tdata-image-slug=\"milr15-16\"\n\t\t\t\t\t\t\t\t\t\t\t\t\t\t\t\t\t\t\t\tclass=\"ngg-fancybox\" rel=\"74a4bb97e1790b2a31a44d31139f5be0\">\n\t\t\t\t\t\t\t\t<img\n\t\t\t\t\ttitle=\"milr15-16\"\n\t\t\t\t\talt=\"milr15-16\"\n\t\t\t\t\tsrc=\"http:\/\/www.lagottoromagnolo.org\/wp-content\/gallery\/expo15\/thumbs\/thumbs_milr15-16.jpg?t=1502726667\"\n\t\t\t\t\twidth=\"100\"\n\t\t\t\t\theight=\"75\"\n\t\t\t\t\tstyle=\"max-width:100%;\"\n\t\t\t\t\/>\n\t\t\t<\/a>\n\t\t<\/div>\n\t\t\t\t\t\t\t<\/div>\n\t\t\t\n\t\t\t\t<div id=\"ngg-image-16\" class=\"ngg-gallery-thumbnail-box\n\t\t\t\t\t\t\t\tngg-6-columns\t\t\t\"\n\t\t\t>\n\t\t\t\t\t\t<div class=\"ngg-gallery-thumbnail\">\n\t\t<a href=\"http:\/\/www.lagottoromagnolo.org\/wp-content\/gallery\/expo15\/milr15-17.jpg?t=1502726667\"\n\t\t\ttitle=\"Miglior gruppo: Imperie\u2019s HILTON HILFINGER, Imperie\u2019s IMAX IMPORTANTE, Imperie\u2019s CHILI CAYENNE, Imperie\u2019s EBBA ESCLUSIVA \u2013 all. Jane Ahlzen Marmstad\"\n\t\t\tdata-src=\"http:\/\/www.lagottoromagnolo.org\/wp-content\/gallery\/expo15\/milr15-17.jpg?t=1502726667\"\n\t\t\tdata-thumbnail=\"http:\/\/www.lagottoromagnolo.org\/wp-content\/gallery\/expo15\/thumbs\/thumbs_milr15-17.jpg?t=1502726667\"\n\t\t\tdata-image-id=\"1657\"\n\t\t\tdata-image-name=\"milr15-17.jpg\"\n\t\t\tdata-title=\"milr15-17\"\n\t\t\tdata-description=\"Miglior gruppo: Imperie\u2019s HILTON HILFINGER, Imperie\u2019s IMAX IMPORTANTE, Imperie\u2019s CHILI CAYENNE, Imperie\u2019s EBBA ESCLUSIVA \u2013 all. Jane Ahlzen Marmstad\"\n\t\t\tdata-image-slug=\"milr15-17\"\n\t\t\t\t\t\t\t\t\t\t\t\t\t\t\t\t\t\t\t\tclass=\"ngg-fancybox\" rel=\"74a4bb97e1790b2a31a44d31139f5be0\">\n\t\t\t\t\t\t\t\t<img\n\t\t\t\t\ttitle=\"milr15-17\"\n\t\t\t\t\talt=\"milr15-17\"\n\t\t\t\t\tsrc=\"http:\/\/www.lagottoromagnolo.org\/wp-content\/gallery\/expo15\/thumbs\/thumbs_milr15-17.jpg?t=1502726667\"\n\t\t\t\t\twidth=\"100\"\n\t\t\t\t\theight=\"75\"\n\t\t\t\t\tstyle=\"max-width:100%;\"\n\t\t\t\t\/>\n\t\t\t<\/a>\n\t\t<\/div>\n\t\t\t\t\t\t\t<\/div>\n\t\t\t\n\t\t\t\t<div id=\"ngg-image-17\" class=\"ngg-gallery-thumbnail-box\n\t\t\t\t\t\t\t\tngg-6-columns\t\t\t\"\n\t\t\t>\n\t\t\t\t\t\t<div class=\"ngg-gallery-thumbnail\">\n\t\t<a href=\"http:\/\/www.lagottoromagnolo.org\/wp-content\/gallery\/expo15\/milr15-18.jpg?t=1502726667\"\n\t\t\ttitle=\"Miglior coppia: Imperie\u2019s IMAX IMPORTANTE, Imperie\u2019s EBBA ESCLUSIVA \u2013 prop. Maria Pettersson\"\n\t\t\tdata-src=\"http:\/\/www.lagottoromagnolo.org\/wp-content\/gallery\/expo15\/milr15-18.jpg?t=1502726667\"\n\t\t\tdata-thumbnail=\"http:\/\/www.lagottoromagnolo.org\/wp-content\/gallery\/expo15\/thumbs\/thumbs_milr15-18.jpg?t=1502726667\"\n\t\t\tdata-image-id=\"1658\"\n\t\t\tdata-image-name=\"milr15-18.jpg\"\n\t\t\tdata-title=\"milr15-18\"\n\t\t\tdata-description=\"Miglior coppia: Imperie\u2019s IMAX IMPORTANTE, Imperie\u2019s EBBA ESCLUSIVA \u2013 prop. Maria Pettersson\"\n\t\t\tdata-image-slug=\"milr15-18\"\n\t\t\t\t\t\t\t\t\t\t\t\t\t\t\t\t\t\t\t\tclass=\"ngg-fancybox\" rel=\"74a4bb97e1790b2a31a44d31139f5be0\">\n\t\t\t\t\t\t\t\t<img\n\t\t\t\t\ttitle=\"milr15-18\"\n\t\t\t\t\talt=\"milr15-18\"\n\t\t\t\t\tsrc=\"http:\/\/www.lagottoromagnolo.org\/wp-content\/gallery\/expo15\/thumbs\/thumbs_milr15-18.jpg?t=1502726667\"\n\t\t\t\t\twidth=\"100\"\n\t\t\t\t\theight=\"75\"\n\t\t\t\t\tstyle=\"max-width:100%;\"\n\t\t\t\t\/>\n\t\t\t<\/a>\n\t\t<\/div>\n\t\t\t\t\t\t\t<\/div>\n\t\t\t\n\t\t\t\t<div id=\"ngg-image-18\" class=\"ngg-gallery-thumbnail-box\n\t\t\t\t\t\t\t\tngg-6-columns\t\t\t\"\n\t\t\t>\n\t\t\t\t\t\t<div class=\"ngg-gallery-thumbnail\">\n\t\t<a href=\"http:\/\/www.lagottoromagnolo.org\/wp-content\/gallery\/expo15\/milr15-19.jpg?t=1502726667\"\n\t\t\ttitle=\"Miglior testa: CISCO all. Gallerini F. prop. Ahlberg A.\"\n\t\t\tdata-src=\"http:\/\/www.lagottoromagnolo.org\/wp-content\/gallery\/expo15\/milr15-19.jpg?t=1502726667\"\n\t\t\tdata-thumbnail=\"http:\/\/www.lagottoromagnolo.org\/wp-content\/gallery\/expo15\/thumbs\/thumbs_milr15-19.jpg?t=1502726667\"\n\t\t\tdata-image-id=\"1659\"\n\t\t\tdata-image-name=\"milr15-19.jpg\"\n\t\t\tdata-title=\"milr15-19\"\n\t\t\tdata-description=\"Miglior testa: CISCO all. Gallerini F. prop. Ahlberg A.\"\n\t\t\tdata-image-slug=\"milr15-19\"\n\t\t\t\t\t\t\t\t\t\t\t\t\t\t\t\t\t\t\t\tclass=\"ngg-fancybox\" rel=\"74a4bb97e1790b2a31a44d31139f5be0\">\n\t\t\t\t\t\t\t\t<img\n\t\t\t\t\ttitle=\"milr15-19\"\n\t\t\t\t\talt=\"milr15-19\"\n\t\t\t\t\tsrc=\"http:\/\/www.lagottoromagnolo.org\/wp-content\/gallery\/expo15\/thumbs\/thumbs_milr15-19.jpg?t=1502726667\"\n\t\t\t\t\twidth=\"100\"\n\t\t\t\t\theight=\"75\"\n\t\t\t\t\tstyle=\"max-width:100%;\"\n\t\t\t\t\/>\n\t\t\t<\/a>\n\t\t<\/div>\n\t\t\t\t\t\t\t<\/div>\n\t\t\t\n\t\t\t\t<div id=\"ngg-image-19\" class=\"ngg-gallery-thumbnail-box\n\t\t\t\t\t\t\t\tngg-6-columns\t\t\t\"\n\t\t\t>\n\t\t\t\t\t\t<div class=\"ngg-gallery-thumbnail\">\n\t\t<a href=\"http:\/\/www.lagottoromagnolo.org\/wp-content\/gallery\/expo15\/milr15-20.jpg?t=1502726667\"\n\t\t\ttitle=\"Miglior giovane: CAPO del Ginestreto all. Zavagli E. prop. Teromaa L. \u2013 Kalske E.\"\n\t\t\tdata-src=\"http:\/\/www.lagottoromagnolo.org\/wp-content\/gallery\/expo15\/milr15-20.jpg?t=1502726667\"\n\t\t\tdata-thumbnail=\"http:\/\/www.lagottoromagnolo.org\/wp-content\/gallery\/expo15\/thumbs\/thumbs_milr15-20.jpg?t=1502726667\"\n\t\t\tdata-image-id=\"1660\"\n\t\t\tdata-image-name=\"milr15-20.jpg\"\n\t\t\tdata-title=\"milr15-20\"\n\t\t\tdata-description=\"Miglior giovane: CAPO del Ginestreto all. Zavagli E. prop. Teromaa L. \u2013 Kalske E.\"\n\t\t\tdata-image-slug=\"milr15-20\"\n\t\t\t\t\t\t\t\t\t\t\t\t\t\t\t\t\t\t\t\tclass=\"ngg-fancybox\" rel=\"74a4bb97e1790b2a31a44d31139f5be0\">\n\t\t\t\t\t\t\t\t<img\n\t\t\t\t\ttitle=\"milr15-20\"\n\t\t\t\t\talt=\"milr15-20\"\n\t\t\t\t\tsrc=\"http:\/\/www.lagottoromagnolo.org\/wp-content\/gallery\/expo15\/thumbs\/thumbs_milr15-20.jpg?t=1502726667\"\n\t\t\t\t\twidth=\"100\"\n\t\t\t\t\theight=\"75\"\n\t\t\t\t\tstyle=\"max-width:100%;\"\n\t\t\t\t\/>\n\t\t\t<\/a>\n\t\t<\/div>\n\t\t\t\t\t\t\t<\/div>\n\t\t\t\n\t\t\t\t<div id=\"ngg-image-20\" class=\"ngg-gallery-thumbnail-box\n\t\t\t\t\t\t\t\tngg-6-columns\t\t\t\"\n\t\t\t>\n\t\t\t\t\t\t<div class=\"ngg-gallery-thumbnail\">\n\t\t<a href=\"http:\/\/www.lagottoromagnolo.org\/wp-content\/gallery\/expo15\/milr15-21.jpg?t=1502726667\"\n\t\t\ttitle=\"Miglior maschio: CISCO all. Gallerini F. prop. Ahlberg A.\"\n\t\t\tdata-src=\"http:\/\/www.lagottoromagnolo.org\/wp-content\/gallery\/expo15\/milr15-21.jpg?t=1502726667\"\n\t\t\tdata-thumbnail=\"http:\/\/www.lagottoromagnolo.org\/wp-content\/gallery\/expo15\/thumbs\/thumbs_milr15-21.jpg?t=1502726667\"\n\t\t\tdata-image-id=\"1661\"\n\t\t\tdata-image-name=\"milr15-21.jpg\"\n\t\t\tdata-title=\"milr15-21\"\n\t\t\tdata-description=\"Miglior maschio: CISCO all. Gallerini F. prop. Ahlberg A.\"\n\t\t\tdata-image-slug=\"milr15-21\"\n\t\t\t\t\t\t\t\t\t\t\t\t\t\t\t\t\t\t\t\tclass=\"ngg-fancybox\" rel=\"74a4bb97e1790b2a31a44d31139f5be0\">\n\t\t\t\t\t\t\t\t<img\n\t\t\t\t\ttitle=\"milr15-21\"\n\t\t\t\t\talt=\"milr15-21\"\n\t\t\t\t\tsrc=\"http:\/\/www.lagottoromagnolo.org\/wp-content\/gallery\/expo15\/thumbs\/thumbs_milr15-21.jpg?t=1502726667\"\n\t\t\t\t\twidth=\"100\"\n\t\t\t\t\theight=\"75\"\n\t\t\t\t\tstyle=\"max-width:100%;\"\n\t\t\t\t\/>\n\t\t\t<\/a>\n\t\t<\/div>\n\t\t\t\t\t\t\t<\/div>\n\t\t\t\n\t\t\t\t<div id=\"ngg-image-21\" class=\"ngg-gallery-thumbnail-box\n\t\t\t\t\t\t\t\tngg-6-columns\t\t\t\"\n\t\t\t>\n\t\t\t\t\t\t<div class=\"ngg-gallery-thumbnail\">\n\t\t<a href=\"http:\/\/www.lagottoromagnolo.org\/wp-content\/gallery\/expo15\/milr15-22.jpg?t=1502726667\"\n\t\t\ttitle=\"Miglior femmina: Gewitter LA NEBULOSA all. e prop. Kalske E.\"\n\t\t\tdata-src=\"http:\/\/www.lagottoromagnolo.org\/wp-content\/gallery\/expo15\/milr15-22.jpg?t=1502726667\"\n\t\t\tdata-thumbnail=\"http:\/\/www.lagottoromagnolo.org\/wp-content\/gallery\/expo15\/thumbs\/thumbs_milr15-22.jpg?t=1502726667\"\n\t\t\tdata-image-id=\"1662\"\n\t\t\tdata-image-name=\"milr15-22.jpg\"\n\t\t\tdata-title=\"milr15-22\"\n\t\t\tdata-description=\"Miglior femmina: Gewitter LA NEBULOSA all. e prop. Kalske E.\"\n\t\t\tdata-image-slug=\"milr15-22\"\n\t\t\t\t\t\t\t\t\t\t\t\t\t\t\t\t\t\t\t\tclass=\"ngg-fancybox\" rel=\"74a4bb97e1790b2a31a44d31139f5be0\">\n\t\t\t\t\t\t\t\t<img\n\t\t\t\t\ttitle=\"milr15-22\"\n\t\t\t\t\talt=\"milr15-22\"\n\t\t\t\t\tsrc=\"http:\/\/www.lagottoromagnolo.org\/wp-content\/gallery\/expo15\/thumbs\/thumbs_milr15-22.jpg?t=1502726667\"\n\t\t\t\t\twidth=\"100\"\n\t\t\t\t\theight=\"75\"\n\t\t\t\t\tstyle=\"max-width:100%;\"\n\t\t\t\t\/>\n\t\t\t<\/a>\n\t\t<\/div>\n\t\t\t\t\t\t\t<\/div>\n\t\t\t\n\t\t\t\t<div id=\"ngg-image-22\" class=\"ngg-gallery-thumbnail-box\n\t\t\t\t\t\t\t\tngg-6-columns\t\t\t\"\n\t\t\t>\n\t\t\t\t\t\t<div class=\"ngg-gallery-thumbnail\">\n\t\t<a href=\"http:\/\/www.lagottoromagnolo.org\/wp-content\/gallery\/expo15\/milr15-23.jpg?t=1502726667\"\n\t\t\ttitle=\"I due migliori soggetti della mostra bob CISCO all. Gallerini F. prop. Ahlberg A. e bos Gewitter LA NEBULOSA all. e prop. Kalske E.\"\n\t\t\tdata-src=\"http:\/\/www.lagottoromagnolo.org\/wp-content\/gallery\/expo15\/milr15-23.jpg?t=1502726667\"\n\t\t\tdata-thumbnail=\"http:\/\/www.lagottoromagnolo.org\/wp-content\/gallery\/expo15\/thumbs\/thumbs_milr15-23.jpg?t=1502726667\"\n\t\t\tdata-image-id=\"1663\"\n\t\t\tdata-image-name=\"milr15-23.jpg\"\n\t\t\tdata-title=\"milr15-23\"\n\t\t\tdata-description=\"I due migliori soggetti della mostra bob CISCO all. Gallerini F. prop. Ahlberg A. e bos Gewitter LA NEBULOSA all. e prop. Kalske E.\"\n\t\t\tdata-image-slug=\"milr15-23\"\n\t\t\t\t\t\t\t\t\t\t\t\t\t\t\t\t\t\t\t\tclass=\"ngg-fancybox\" rel=\"74a4bb97e1790b2a31a44d31139f5be0\">\n\t\t\t\t\t\t\t\t<img\n\t\t\t\t\ttitle=\"milr15-23\"\n\t\t\t\t\talt=\"milr15-23\"\n\t\t\t\t\tsrc=\"http:\/\/www.lagottoromagnolo.org\/wp-content\/gallery\/expo15\/thumbs\/thumbs_milr15-23.jpg?t=1502726667\"\n\t\t\t\t\twidth=\"100\"\n\t\t\t\t\theight=\"75\"\n\t\t\t\t\tstyle=\"max-width:100%;\"\n\t\t\t\t\/>\n\t\t\t<\/a>\n\t\t<\/div>\n\t\t\t\t\t\t\t<\/div>\n\t\t\t\n\t\t\t\t<div id=\"ngg-image-23\" class=\"ngg-gallery-thumbnail-box\n\t\t\t\t\t\t\t\tngg-6-columns\t\t\t\"\n\t\t\t>\n\t\t\t\t\t\t<div class=\"ngg-gallery-thumbnail\">\n\t\t<a href=\"http:\/\/www.lagottoromagnolo.org\/wp-content\/gallery\/expo15\/milr15-24.jpg?t=1553022520\"\n\t\t\ttitle=\"I due migliori soggetti della mostra bob CISCO all. Gallerini F. prop. Ahlberg A. e bos Gewitter LA NEBULOSA all. e prop. Kalske E.\"\n\t\t\tdata-src=\"http:\/\/www.lagottoromagnolo.org\/wp-content\/gallery\/expo15\/milr15-24.jpg?t=1553022520\"\n\t\t\tdata-thumbnail=\"http:\/\/www.lagottoromagnolo.org\/wp-content\/gallery\/expo15\/thumbs\/thumbs_milr15-24.jpg?t=1553022520\"\n\t\t\tdata-image-id=\"1664\"\n\t\t\tdata-image-name=\"milr15-24.jpg\"\n\t\t\tdata-title=\"milr15-24\"\n\t\t\tdata-description=\"I due migliori soggetti della mostra bob CISCO all. Gallerini F. prop. Ahlberg A. e bos Gewitter LA NEBULOSA all. e prop. Kalske E.\"\n\t\t\tdata-image-slug=\"milr15-24\"\n\t\t\t\t\t\t\t\t\t\t\t\t\t\t\t\t\t\t\t\tclass=\"ngg-fancybox\" rel=\"74a4bb97e1790b2a31a44d31139f5be0\">\n\t\t\t\t\t\t\t\t<img\n\t\t\t\t\ttitle=\"milr15-24\"\n\t\t\t\t\talt=\"milr15-24\"\n\t\t\t\t\tsrc=\"http:\/\/www.lagottoromagnolo.org\/wp-content\/gallery\/expo15\/thumbs\/thumbs_milr15-24.jpg?t=1553022520\"\n\t\t\t\t\twidth=\"100\"\n\t\t\t\t\theight=\"75\"\n\t\t\t\t\tstyle=\"max-width:100%;\"\n\t\t\t\t\/>\n\t\t\t<\/a>\n\t\t<\/div>\n\t\t\t\t\t\t\t<\/div>\n\t\t\t\n\t\n\t<br style=\"clear: both\" \/>\n\n\t\n\t\t<div class=\"ngg-clear\"><\/div>\n\t<\/div>\n<\/p>\n<hr \/>\n<p style=\"text-align: left;\"><a id=\"milanomo\"><\/a><span style=\"font-size: 6pt;\">.<\/span><\/p>\n<p style=\"text-align: center;\"><strong>ESPOSIZIONE MONDIALE\u00a0FCI<\/strong><\/p>\n<p style=\"text-align: center;\"><strong>MILANO<\/strong><br \/>\n11 giugno 2015<\/p>\n<p style=\"text-align: center;\">Giudici<br \/>\n<strong>Giovanni Morsiani\u00a0<\/strong>(campioni, libera, intermedia, lavoro, giovani)<br \/>\n<strong>Gianercole Mentasti <\/strong>(cuccioli, juniores, veterani)<br \/>\n143 partecipanti<\/p>\n<p style=\"text-align: center;\">ngg_shortcode_4_placeholder<\/p>\n<p style=\"text-align: center;\"><strong>bob DANTE delle Gualdarie<\/strong> all. Bernardi S. prop. Tonelli O.<br \/>\n<strong>bos BELEN del Peschio Vicale<\/strong> all. Gianni O. prop. Ettorre A.<\/p>\n<p><strong>Campioni maschi:\u00a0<\/strong>1\u00b0 ecc cacib, campione mondiale, miglior maschio, bob DANTE delle Gualdarie\u00a0all. Bernardi S. prop. Tonelli O.,\u00a02\u00b0 ecc Il Granaio dei Malatesta DEMETRIO all. Benelli M. prop. Tonelli O.,\u00a03\u00b0 ecc LORENZO della Taparina all. Farn\u00e8 M. prop. Zeidler G.,\u00a04\u00b0 ecc ERCOLANO della Taparina all. Farn\u00e8 M. prop. Geissant J-L.<br \/>\n<strong>Libera maschi:\u00a0<\/strong>1\u00b0 ecc cac, res.cacib Gleska FOR REAL all. Backman C. prop. Kadnarova J.,\u00a02\u00b0 ecc ris.cac\u00a0Wildfinn DACAPO all. Kuusinen S-M. prop. Kuusinen S-M. \u2013 Kuusinen J-J.,\u00a03\u00b0 ecc Gaesten ZIPPY ZINGO AT NELBEKIO all. Stenton G. prop. Nelson J.,\u00a04\u00b0 ecc ASSO all. Missiroli V. prop. Bassi F.<br \/>\n<strong>Intermedia maschi:\u00a0<\/strong>1\u00b0 ecc Regun MANGO all. Tanos L. prop. Killingmo K.,\u00a02\u00b0 ecc Il Granaio dei Malatesta GIULIANO PALMA all. e prop. Benelli M.,\u00a03\u00b0 ecc\u00a0LUPIN di Campoleone all. e prop. Rondinini L.,\u00a04\u00b0 ecc\u00a0ALFREDO Diamanti del Montecastello all. e prop. Rodler-Dettoli P.<br \/>\n<strong>Giovani maschi:\u00a0<\/strong>1\u00b0 ecc campione mondiale giovane CAPO del Ginestreto all. Zavagli E. prop. Teromaa L. \u2013 Kalske E.,\u00a02\u00b0 ecc QUASIMODO della Taparina all. Farn\u00e8 M. prop. Gatto F.,\u00a03\u00b0 ecc\u00a0\u00a0Praxtars IZAC ITALIANO all. e prop. Ludvigsen T.,\u00a04\u00b0 ecc ACHILLE all. e prop. Nicolai M.<br \/>\n<strong>Juniores maschi:\u00a0<\/strong>1\u00b0 mp campione mondiale juniores, miglior juniores, bis juniores Rozebottel\u2019s PLAYBOY all. e prop. Van Gemert K.,\u00a02\u00b0 mp ENRICO Mr.Dog My Hapiness all. e prop. Dubravka M.,\u00a03\u00b0 mp ACHILLES Labkolandia FCI all. e prop. Adamczyk A.,\u00a04\u00b0 mp\u00a0RALPH di Villa dei Gruccioni all. e prop. Lucarelli F.<br \/>\n<strong>Cuccioli maschi:\u00a0<\/strong>1\u00b0 mp miglior cucciolo Kan Trace OCTAVIUS all.Kalecak Radovanovic&amp;Zdunic \u0160inkovi\u0107&amp; Kovacic. prop. Drisdelle M.,\u00a02\u00b0 mp\u00a0Praxtars JANUARIUS all. e prop. Ludvigsen T.,\u00a03\u00b0 p\u00a0Bonbons Lr PLUTO BRUNO all. Pamp A. prop. Bondhus H.,\u00a04\u00b0 p Il Granaio dei Malatesta SERAFINO all. e prop. Benelli M.<br \/>\n<strong>Veterani maschi:\u00a0<\/strong>1\u00b0 ecc campione mondiale veterani, miglior veterano BONGO all. Borgonovi S. prop. Grilli S.,\u00a02\u00b0 ecc\u00a0\u00a0DARIO di Casa Cleo all. Landi L. prop. Van Gemert K.,\u00a03\u00b0 ecc\u00a0GRECCIO del Amici per Sempre all. Frei C. prop. Fauth E.<br \/>\n4\u00b0 ecc Galottens ALTER EGO all. Andersson P. prop. Andersson P. \u2013 Astmyr J.<\/p>\n<p><strong>Campioni femmine:\u00a0<\/strong>1\u00b0 ecc cacib, campione mondiale, miglior femmina, bos BELEN del Peschio Vicale all. Orlandi G. prop. Ettorre A.,\u00a02\u00b0 ecc Rozebottel\u2019s GRAPPA all. e prop. Van Gemert K.,\u00a03\u00b0 ecc NUTELLA del Monte della Dea all. Caira F. prop. Rondinini L.,\u00a04\u00b0 ecc\u00a0Blixtra BELLADONNA all. Magnusson J. prop. Ekland E.<br \/>\n<strong>Libera femmine:\u00a0<\/strong>1\u00b0 ecc cac, ris.cacib\u00a0Gleska MISS BEHAVING all. Backman C. prop. Hanssen H-H.,\u00a02\u00b0 ecc ris.cac\u00a0Gleska GOODY TWO \u00a0SHOES all. e prop. Backman C.,\u00a03\u00b0 ecc\u00a0Imperie\u2019s EBBA ESCLUSIVA\u00a0all.\u00a0Alhzen Marmstad J. prop. \u00a0Alhzen Marmstad J. &#8211;\u00a0Pettersson M.,\u00a04\u00b0 ecc\u00a0Wildfinn BARBERA all. e prop. Kuusinen S-M.<br \/>\n<strong>Intermedia femmine:\u00a0<\/strong>1\u00b0 ecc\u00a0Rozebottel\u2019s MC MUFFIN all. e prop. Van Gemert K.,\u00a02\u00b0 ecc\u00a0Gewitter LA NEBULOSA al. e prop. Kalske E.,\u00a03\u00b0 ecc QUINTESSENZA della Taparina all. Farn\u00e8 M. prop. Santini E.,\u00a04\u00b0 ecc\u00a0Soul to Soul DIVA DI MONDOVI all. e prop. Eskilsson M.<br \/>\n<strong>Giovani femmine:\u00a0<\/strong>1\u00b0 ecc campione mondiale giovani, miglior giovane ROSAMUNDA della Taparina all. Farn\u00e8 M. prop.Bocchini L.,\u00a02\u00b0 ecc Rozebottel\u2019s LUCKY MOMENTS all. e prop. Van Gemert K.,\u00a03\u00b0 ecc\u00a0Accompagnatore ROMA ROMANTICA all. Preisig H-W. prop. Backes T. \u2013 Backes U.,\u00a04\u00b0 ecc Il Granaio dei Malatesta ILENIA all. e prop. Benelli M.<br \/>\n<strong>Juniores femmine:\u00a0<\/strong>1\u00b0 mp campione mondiale juniores RANDIE di Villa dei Gruccioni all. e prop. Lucarelli F.,\u00a02\u00b0 p Il Granaio dei Malatesta QUINTINA all. e prop. Benelli M.<br \/>\n<strong>Cuccioli femmine:\u00a0<\/strong>1\u00b0 p Dolce Vita JUSTINA all.Mignogna S. prop. Tonelli O.,\u00a02\u00b0 p\u00a0Accompagnatore TITINA all. e prop. Preisig H-W.<br \/>\n<strong>Veterani femmine:\u00a0<\/strong>1\u00b0 ecc campione mondiale veterani Wildfinn FERRARIA all. e prop. Kuusine S-M.,\u00a02\u00b0 ecc Gaesten LEAPIN\u2019S LOTTIE AT MIANATRA all. Stenton G. prop. Deblasi R.,\u00a03\u00b0 ecc Nambervan NENYA all. e prop. Lallio K.,\u00a04\u00b0 ecc Comes Cordis CARAMELLA all. Ruoff U. prop. Preisig H-W.<\/p>\n<p><!-- default-view.php -->\n<div\n\tclass=\"ngg-galleryoverview default-view\n\t\t\"\n\tid=\"ngg-gallery-b8a4be8ac47a16283abeaceda33c9351-1\"\n\tdata-nextgen-gallery-id=\"150\"\n\tdata-gallery-id=\"150\"\n\t\tdata-gallery-name=\"expo15\"\n\t>\n\n\t\t<!-- Thumbnails -->\n\t\t\t\t<div id=\"ngg-image-0\" class=\"ngg-gallery-thumbnail-box\n\t\t\t\t\t\t\t\tngg-6-columns\t\t\t\"\n\t\t\t>\n\t\t\t\t\t\t<div class=\"ngg-gallery-thumbnail\">\n\t\t<a href=\"http:\/\/www.lagottoromagnolo.org\/wp-content\/gallery\/expo15\/wds15-01.jpg?t=1502744912\"\n\t\t\ttitle=\"Campioni maschi: 1\u00b0 ecc cacib, campione mondiale, miglior maschio, bob DANTE delle Gualdarie all. Bernardi S. prop. Tonelli O. 2\u00b0 ecc Il Granaio dei Malatesta DEMETRIO all. Benelli M. prop. Tonelli O. 3\u00b0 ecc LORENZO della Taparina all. Farn\u00e8 M. prop. Zeidler G. 4\u00b0 ecc ERCOLANO della Taparina all. Farn\u00e8 M. prop. Geissant J-L\"\n\t\t\tdata-src=\"http:\/\/www.lagottoromagnolo.org\/wp-content\/gallery\/expo15\/wds15-01.jpg?t=1502744912\"\n\t\t\tdata-thumbnail=\"http:\/\/www.lagottoromagnolo.org\/wp-content\/gallery\/expo15\/thumbs\/thumbs_wds15-01.jpg?t=1502744912\"\n\t\t\tdata-image-id=\"1678\"\n\t\t\tdata-image-name=\"wds15-01.jpg\"\n\t\t\tdata-title=\"wds15-01\"\n\t\t\tdata-description=\"Campioni maschi: 1\u00b0 ecc cacib, campione mondiale, miglior maschio, bob DANTE delle Gualdarie all. Bernardi S. prop. Tonelli O. 2\u00b0 ecc Il Granaio dei Malatesta DEMETRIO all. Benelli M. prop. Tonelli O. 3\u00b0 ecc LORENZO della Taparina all. Farn\u00e8 M. prop. Zeidler G. 4\u00b0 ecc ERCOLANO della Taparina all. Farn\u00e8 M. prop. Geissant J-L\"\n\t\t\tdata-image-slug=\"wds15-01\"\n\t\t\t\t\t\t\t\t\t\t\t\t\t\t\t\t\t\t\t\tclass=\"ngg-fancybox\" rel=\"b8a4be8ac47a16283abeaceda33c9351\">\n\t\t\t\t\t\t\t\t<img\n\t\t\t\t\ttitle=\"wds15-01\"\n\t\t\t\t\talt=\"wds15-01\"\n\t\t\t\t\tsrc=\"http:\/\/www.lagottoromagnolo.org\/wp-content\/gallery\/expo15\/thumbs\/thumbs_wds15-01.jpg?t=1502744912\"\n\t\t\t\t\twidth=\"100\"\n\t\t\t\t\theight=\"75\"\n\t\t\t\t\tstyle=\"max-width:100%;\"\n\t\t\t\t\/>\n\t\t\t<\/a>\n\t\t<\/div>\n\t\t\t\t\t\t\t<\/div>\n\t\t\t\n\t\t\t\t<div id=\"ngg-image-1\" class=\"ngg-gallery-thumbnail-box\n\t\t\t\t\t\t\t\tngg-6-columns\t\t\t\"\n\t\t\t>\n\t\t\t\t\t\t<div class=\"ngg-gallery-thumbnail\">\n\t\t<a href=\"http:\/\/www.lagottoromagnolo.org\/wp-content\/gallery\/expo15\/wds15-02.jpg?t=1502726667\"\n\t\t\ttitle=\"Libera maschi: 1\u00b0 ecc cac, res.cacib Gleska FOR REAL all. Backman C. prop. Kadnarova J. 2\u00b0 ecc ris.cac Wildfinn DACAPO all. Kuusinen S-M. prop. Kuusinen S-M. \u2013 Kuusinen J-J. 3\u00b0 ecc Gaesten ZIPPY ZINGO AT NELBEKIO all. Stenton G. prop. Nelson J. 4\u00b0 ecc ASSO all. Missiroli V. prop. Bassi F.\"\n\t\t\tdata-src=\"http:\/\/www.lagottoromagnolo.org\/wp-content\/gallery\/expo15\/wds15-02.jpg?t=1502726667\"\n\t\t\tdata-thumbnail=\"http:\/\/www.lagottoromagnolo.org\/wp-content\/gallery\/expo15\/thumbs\/thumbs_wds15-02.jpg?t=1502726667\"\n\t\t\tdata-image-id=\"1679\"\n\t\t\tdata-image-name=\"wds15-02.jpg\"\n\t\t\tdata-title=\"wds15-02\"\n\t\t\tdata-description=\"Libera maschi: 1\u00b0 ecc cac, res.cacib Gleska FOR REAL all. Backman C. prop. Kadnarova J. 2\u00b0 ecc ris.cac Wildfinn DACAPO all. Kuusinen S-M. prop. Kuusinen S-M. \u2013 Kuusinen J-J. 3\u00b0 ecc Gaesten ZIPPY ZINGO AT NELBEKIO all. Stenton G. prop. Nelson J. 4\u00b0 ecc ASSO all. Missiroli V. prop. Bassi F.\"\n\t\t\tdata-image-slug=\"wds15-02\"\n\t\t\t\t\t\t\t\t\t\t\t\t\t\t\t\t\t\t\t\tclass=\"ngg-fancybox\" rel=\"b8a4be8ac47a16283abeaceda33c9351\">\n\t\t\t\t\t\t\t\t<img\n\t\t\t\t\ttitle=\"wds15-02\"\n\t\t\t\t\talt=\"wds15-02\"\n\t\t\t\t\tsrc=\"http:\/\/www.lagottoromagnolo.org\/wp-content\/gallery\/expo15\/thumbs\/thumbs_wds15-02.jpg?t=1502726667\"\n\t\t\t\t\twidth=\"100\"\n\t\t\t\t\theight=\"75\"\n\t\t\t\t\tstyle=\"max-width:100%;\"\n\t\t\t\t\/>\n\t\t\t<\/a>\n\t\t<\/div>\n\t\t\t\t\t\t\t<\/div>\n\t\t\t\n\t\t\t\t<div id=\"ngg-image-2\" class=\"ngg-gallery-thumbnail-box\n\t\t\t\t\t\t\t\tngg-6-columns\t\t\t\"\n\t\t\t>\n\t\t\t\t\t\t<div class=\"ngg-gallery-thumbnail\">\n\t\t<a href=\"http:\/\/www.lagottoromagnolo.org\/wp-content\/gallery\/expo15\/wds15-03.jpg?t=1502726667\"\n\t\t\ttitle=\"Intermedia maschi: 1\u00b0 ecc Regun MANGO all. Tanos L. prop. Killingmo K. 2\u00b0 ecc Il Granaio dei Malatesta GIULIANO PALMA all. e prop. Benelli M. 3\u00b0 ecc LUPIN di Campoleone all. e prop. Rondinini L. 4\u00b0 ecc ALFREDO Diamanti del Montecastello all. e prop. Rodler-Dettoli P.\"\n\t\t\tdata-src=\"http:\/\/www.lagottoromagnolo.org\/wp-content\/gallery\/expo15\/wds15-03.jpg?t=1502726667\"\n\t\t\tdata-thumbnail=\"http:\/\/www.lagottoromagnolo.org\/wp-content\/gallery\/expo15\/thumbs\/thumbs_wds15-03.jpg?t=1502726667\"\n\t\t\tdata-image-id=\"1680\"\n\t\t\tdata-image-name=\"wds15-03.jpg\"\n\t\t\tdata-title=\"wds15-03\"\n\t\t\tdata-description=\"Intermedia maschi: 1\u00b0 ecc Regun MANGO all. Tanos L. prop. Killingmo K. 2\u00b0 ecc Il Granaio dei Malatesta GIULIANO PALMA all. e prop. Benelli M. 3\u00b0 ecc LUPIN di Campoleone all. e prop. Rondinini L. 4\u00b0 ecc ALFREDO Diamanti del Montecastello all. e prop. Rodler-Dettoli P.\"\n\t\t\tdata-image-slug=\"wds15-03\"\n\t\t\t\t\t\t\t\t\t\t\t\t\t\t\t\t\t\t\t\tclass=\"ngg-fancybox\" rel=\"b8a4be8ac47a16283abeaceda33c9351\">\n\t\t\t\t\t\t\t\t<img\n\t\t\t\t\ttitle=\"wds15-03\"\n\t\t\t\t\talt=\"wds15-03\"\n\t\t\t\t\tsrc=\"http:\/\/www.lagottoromagnolo.org\/wp-content\/gallery\/expo15\/thumbs\/thumbs_wds15-03.jpg?t=1502726667\"\n\t\t\t\t\twidth=\"100\"\n\t\t\t\t\theight=\"75\"\n\t\t\t\t\tstyle=\"max-width:100%;\"\n\t\t\t\t\/>\n\t\t\t<\/a>\n\t\t<\/div>\n\t\t\t\t\t\t\t<\/div>\n\t\t\t\n\t\t\t\t<div id=\"ngg-image-3\" class=\"ngg-gallery-thumbnail-box\n\t\t\t\t\t\t\t\tngg-6-columns\t\t\t\"\n\t\t\t>\n\t\t\t\t\t\t<div class=\"ngg-gallery-thumbnail\">\n\t\t<a href=\"http:\/\/www.lagottoromagnolo.org\/wp-content\/gallery\/expo15\/wds15-04.jpg?t=1502726667\"\n\t\t\ttitle=\"CAC maschi: Gleska FOR REAL all. Backman C. prop. Kadnarova J. ris.CAC Wildfinn DACAPO all. Kuusinen S-M. prop. Kuusinen S-M. \u2013 Kuusinen J-J.\"\n\t\t\tdata-src=\"http:\/\/www.lagottoromagnolo.org\/wp-content\/gallery\/expo15\/wds15-04.jpg?t=1502726667\"\n\t\t\tdata-thumbnail=\"http:\/\/www.lagottoromagnolo.org\/wp-content\/gallery\/expo15\/thumbs\/thumbs_wds15-04.jpg?t=1502726667\"\n\t\t\tdata-image-id=\"1681\"\n\t\t\tdata-image-name=\"wds15-04.jpg\"\n\t\t\tdata-title=\"wds15-04\"\n\t\t\tdata-description=\"CAC maschi: Gleska FOR REAL all. Backman C. prop. Kadnarova J. ris.CAC Wildfinn DACAPO all. Kuusinen S-M. prop. Kuusinen S-M. \u2013 Kuusinen J-J.\"\n\t\t\tdata-image-slug=\"wds15-04\"\n\t\t\t\t\t\t\t\t\t\t\t\t\t\t\t\t\t\t\t\tclass=\"ngg-fancybox\" rel=\"b8a4be8ac47a16283abeaceda33c9351\">\n\t\t\t\t\t\t\t\t<img\n\t\t\t\t\ttitle=\"wds15-04\"\n\t\t\t\t\talt=\"wds15-04\"\n\t\t\t\t\tsrc=\"http:\/\/www.lagottoromagnolo.org\/wp-content\/gallery\/expo15\/thumbs\/thumbs_wds15-04.jpg?t=1502726667\"\n\t\t\t\t\twidth=\"100\"\n\t\t\t\t\theight=\"75\"\n\t\t\t\t\tstyle=\"max-width:100%;\"\n\t\t\t\t\/>\n\t\t\t<\/a>\n\t\t<\/div>\n\t\t\t\t\t\t\t<\/div>\n\t\t\t\n\t\t\t\t<div id=\"ngg-image-4\" class=\"ngg-gallery-thumbnail-box\n\t\t\t\t\t\t\t\tngg-6-columns\t\t\t\"\n\t\t\t>\n\t\t\t\t\t\t<div class=\"ngg-gallery-thumbnail\">\n\t\t<a href=\"http:\/\/www.lagottoromagnolo.org\/wp-content\/gallery\/expo15\/wds15-05.jpg?t=1502726667\"\n\t\t\ttitle=\"Giovani maschi: 1\u00b0 ecc campione mondiale giovane CAPO del Ginestreto all. Zavagli E. prop. Teromaa L. \u2013 Kalske E. 2\u00b0 ecc QUASIMODO della Taparina all. Farn\u00e8 M. prop. Gatto F. 3\u00b0 ecc Praxtars IZAC ITALIANO all. e prop. Ludvigsen T. 4\u00b0 ecc ACHILLE all. e prop. Nicolai M.\"\n\t\t\tdata-src=\"http:\/\/www.lagottoromagnolo.org\/wp-content\/gallery\/expo15\/wds15-05.jpg?t=1502726667\"\n\t\t\tdata-thumbnail=\"http:\/\/www.lagottoromagnolo.org\/wp-content\/gallery\/expo15\/thumbs\/thumbs_wds15-05.jpg?t=1502726667\"\n\t\t\tdata-image-id=\"1682\"\n\t\t\tdata-image-name=\"wds15-05.jpg\"\n\t\t\tdata-title=\"wds15-05\"\n\t\t\tdata-description=\"Giovani maschi: 1\u00b0 ecc campione mondiale giovane CAPO del Ginestreto all. Zavagli E. prop. Teromaa L. \u2013 Kalske E. 2\u00b0 ecc QUASIMODO della Taparina all. Farn\u00e8 M. prop. Gatto F. 3\u00b0 ecc Praxtars IZAC ITALIANO all. e prop. Ludvigsen T. 4\u00b0 ecc ACHILLE all. e prop. Nicolai M.\"\n\t\t\tdata-image-slug=\"wds15-05\"\n\t\t\t\t\t\t\t\t\t\t\t\t\t\t\t\t\t\t\t\tclass=\"ngg-fancybox\" rel=\"b8a4be8ac47a16283abeaceda33c9351\">\n\t\t\t\t\t\t\t\t<img\n\t\t\t\t\ttitle=\"wds15-05\"\n\t\t\t\t\talt=\"wds15-05\"\n\t\t\t\t\tsrc=\"http:\/\/www.lagottoromagnolo.org\/wp-content\/gallery\/expo15\/thumbs\/thumbs_wds15-05.jpg?t=1502726667\"\n\t\t\t\t\twidth=\"100\"\n\t\t\t\t\theight=\"75\"\n\t\t\t\t\tstyle=\"max-width:100%;\"\n\t\t\t\t\/>\n\t\t\t<\/a>\n\t\t<\/div>\n\t\t\t\t\t\t\t<\/div>\n\t\t\t\n\t\t\t\t<div id=\"ngg-image-5\" class=\"ngg-gallery-thumbnail-box\n\t\t\t\t\t\t\t\tngg-6-columns\t\t\t\"\n\t\t\t>\n\t\t\t\t\t\t<div class=\"ngg-gallery-thumbnail\">\n\t\t<a href=\"http:\/\/www.lagottoromagnolo.org\/wp-content\/gallery\/expo15\/wds15-06.jpg?t=1502726667\"\n\t\t\ttitle=\"Juniores maschi: 1\u00b0 mp campione mondiale juniores, miglior juniores, bis juniores Rozebottel\u2019s PLAYBOY all. e prop. Van Gemert K. 2\u00b0 mp ENRICO Mr.Dog My Hapiness all. e prop. Dubravka M. 3\u00b0 mp ACHILLES Labkolandia FCI all. e prop. Adamczyk A. 4\u00b0 mp RALPH di Villa dei Gruccioni all. e prop. Lucarelli F.\"\n\t\t\tdata-src=\"http:\/\/www.lagottoromagnolo.org\/wp-content\/gallery\/expo15\/wds15-06.jpg?t=1502726667\"\n\t\t\tdata-thumbnail=\"http:\/\/www.lagottoromagnolo.org\/wp-content\/gallery\/expo15\/thumbs\/thumbs_wds15-06.jpg?t=1502726667\"\n\t\t\tdata-image-id=\"1683\"\n\t\t\tdata-image-name=\"wds15-06.jpg\"\n\t\t\tdata-title=\"wds15-06\"\n\t\t\tdata-description=\"Juniores maschi: 1\u00b0 mp campione mondiale juniores, miglior juniores, bis juniores Rozebottel\u2019s PLAYBOY all. e prop. Van Gemert K. 2\u00b0 mp ENRICO Mr.Dog My Hapiness all. e prop. Dubravka M. 3\u00b0 mp ACHILLES Labkolandia FCI all. e prop. Adamczyk A. 4\u00b0 mp RALPH di Villa dei Gruccioni all. e prop. Lucarelli F.\"\n\t\t\tdata-image-slug=\"wds15-06\"\n\t\t\t\t\t\t\t\t\t\t\t\t\t\t\t\t\t\t\t\tclass=\"ngg-fancybox\" rel=\"b8a4be8ac47a16283abeaceda33c9351\">\n\t\t\t\t\t\t\t\t<img\n\t\t\t\t\ttitle=\"wds15-06\"\n\t\t\t\t\talt=\"wds15-06\"\n\t\t\t\t\tsrc=\"http:\/\/www.lagottoromagnolo.org\/wp-content\/gallery\/expo15\/thumbs\/thumbs_wds15-06.jpg?t=1502726667\"\n\t\t\t\t\twidth=\"100\"\n\t\t\t\t\theight=\"75\"\n\t\t\t\t\tstyle=\"max-width:100%;\"\n\t\t\t\t\/>\n\t\t\t<\/a>\n\t\t<\/div>\n\t\t\t\t\t\t\t<\/div>\n\t\t\t\n\t\t\t\t<div id=\"ngg-image-6\" class=\"ngg-gallery-thumbnail-box\n\t\t\t\t\t\t\t\tngg-6-columns\t\t\t\"\n\t\t\t>\n\t\t\t\t\t\t<div class=\"ngg-gallery-thumbnail\">\n\t\t<a href=\"http:\/\/www.lagottoromagnolo.org\/wp-content\/gallery\/expo15\/wds15-07.jpg?t=1502726667\"\n\t\t\ttitle=\"Cuccioli maschi: 1\u00b0 mp miglior cucciolo Kan Trace OCTAVIUS all.Kalecak Radovanovic&amp;Zdunic \u0160inkovi\u0107&amp; Kovacic. prop. Drisdelle M. 2\u00b0 mp Praxtars JANUARIUS all. e prop. Ludvigsen T. 3\u00b0 p Bonbons Lr PLUTO BRUNO all. Pamp A. prop. Bondhus H. 4\u00b0 p Il Granaio dei Malatesta SERAFINO all. e prop. Benelli M.\"\n\t\t\tdata-src=\"http:\/\/www.lagottoromagnolo.org\/wp-content\/gallery\/expo15\/wds15-07.jpg?t=1502726667\"\n\t\t\tdata-thumbnail=\"http:\/\/www.lagottoromagnolo.org\/wp-content\/gallery\/expo15\/thumbs\/thumbs_wds15-07.jpg?t=1502726667\"\n\t\t\tdata-image-id=\"1684\"\n\t\t\tdata-image-name=\"wds15-07.jpg\"\n\t\t\tdata-title=\"wds15-07\"\n\t\t\tdata-description=\"Cuccioli maschi: 1\u00b0 mp miglior cucciolo Kan Trace OCTAVIUS all.Kalecak Radovanovic&amp;Zdunic \u0160inkovi\u0107&amp; Kovacic. prop. Drisdelle M. 2\u00b0 mp Praxtars JANUARIUS all. e prop. Ludvigsen T. 3\u00b0 p Bonbons Lr PLUTO BRUNO all. Pamp A. prop. Bondhus H. 4\u00b0 p Il Granaio dei Malatesta SERAFINO all. e prop. Benelli M.\"\n\t\t\tdata-image-slug=\"wds15-07\"\n\t\t\t\t\t\t\t\t\t\t\t\t\t\t\t\t\t\t\t\tclass=\"ngg-fancybox\" rel=\"b8a4be8ac47a16283abeaceda33c9351\">\n\t\t\t\t\t\t\t\t<img\n\t\t\t\t\ttitle=\"wds15-07\"\n\t\t\t\t\talt=\"wds15-07\"\n\t\t\t\t\tsrc=\"http:\/\/www.lagottoromagnolo.org\/wp-content\/gallery\/expo15\/thumbs\/thumbs_wds15-07.jpg?t=1502726667\"\n\t\t\t\t\twidth=\"100\"\n\t\t\t\t\theight=\"75\"\n\t\t\t\t\tstyle=\"max-width:100%;\"\n\t\t\t\t\/>\n\t\t\t<\/a>\n\t\t<\/div>\n\t\t\t\t\t\t\t<\/div>\n\t\t\t\n\t\t\t\t<div id=\"ngg-image-7\" class=\"ngg-gallery-thumbnail-box\n\t\t\t\t\t\t\t\tngg-6-columns\t\t\t\"\n\t\t\t>\n\t\t\t\t\t\t<div class=\"ngg-gallery-thumbnail\">\n\t\t<a href=\"http:\/\/www.lagottoromagnolo.org\/wp-content\/gallery\/expo15\/wds15-08.jpg?t=1502726667\"\n\t\t\ttitle=\"Veterani maschi: 1\u00b0 ecc campione mondiale veterani, miglior veterano BONGO all. Borgonovi S. prop. Grilli S. 2\u00b0 ecc DARIO di Casa Cleo all. Landi L. prop. Van Gemert K. 3\u00b0 ecc GRECCIO del Amici per Sempre all. Frei C. prop. Fauth E. 4\u00b0 ecc Galottens ALTER EGO all. Andersson P. prop. Andersson P. \u2013 Astmyr J.\"\n\t\t\tdata-src=\"http:\/\/www.lagottoromagnolo.org\/wp-content\/gallery\/expo15\/wds15-08.jpg?t=1502726667\"\n\t\t\tdata-thumbnail=\"http:\/\/www.lagottoromagnolo.org\/wp-content\/gallery\/expo15\/thumbs\/thumbs_wds15-08.jpg?t=1502726667\"\n\t\t\tdata-image-id=\"1685\"\n\t\t\tdata-image-name=\"wds15-08.jpg\"\n\t\t\tdata-title=\"wds15-08\"\n\t\t\tdata-description=\"Veterani maschi: 1\u00b0 ecc campione mondiale veterani, miglior veterano BONGO all. Borgonovi S. prop. Grilli S. 2\u00b0 ecc DARIO di Casa Cleo all. Landi L. prop. Van Gemert K. 3\u00b0 ecc GRECCIO del Amici per Sempre all. Frei C. prop. Fauth E. 4\u00b0 ecc Galottens ALTER EGO all. Andersson P. prop. Andersson P. \u2013 Astmyr J.\"\n\t\t\tdata-image-slug=\"wds15-08\"\n\t\t\t\t\t\t\t\t\t\t\t\t\t\t\t\t\t\t\t\tclass=\"ngg-fancybox\" rel=\"b8a4be8ac47a16283abeaceda33c9351\">\n\t\t\t\t\t\t\t\t<img\n\t\t\t\t\ttitle=\"wds15-08\"\n\t\t\t\t\talt=\"wds15-08\"\n\t\t\t\t\tsrc=\"http:\/\/www.lagottoromagnolo.org\/wp-content\/gallery\/expo15\/thumbs\/thumbs_wds15-08.jpg?t=1502726667\"\n\t\t\t\t\twidth=\"100\"\n\t\t\t\t\theight=\"75\"\n\t\t\t\t\tstyle=\"max-width:100%;\"\n\t\t\t\t\/>\n\t\t\t<\/a>\n\t\t<\/div>\n\t\t\t\t\t\t\t<\/div>\n\t\t\t\n\t\t\t\t<div id=\"ngg-image-8\" class=\"ngg-gallery-thumbnail-box\n\t\t\t\t\t\t\t\tngg-6-columns\t\t\t\"\n\t\t\t>\n\t\t\t\t\t\t<div class=\"ngg-gallery-thumbnail\">\n\t\t<a href=\"http:\/\/www.lagottoromagnolo.org\/wp-content\/gallery\/expo15\/wds15-09.jpg?t=1502726667\"\n\t\t\ttitle=\"Campioni femmine: 1\u00b0 ecc cacib, campione mondiale, miglior femmina, bos BELEN del Peschio Vicale all. Orlandi G. prop. Ettorre A. 2\u00b0 ecc Rozebottel\u2019s GRAPPA all. e prop. Van Gemert K. 3\u00b0 ecc NUTELLA del Monte della Dea all. Caira F. prop. Rondinini L. 4\u00b0 ecc Blixtra BELLADONNA all. Magnusson J. prop. Ekland E.\"\n\t\t\tdata-src=\"http:\/\/www.lagottoromagnolo.org\/wp-content\/gallery\/expo15\/wds15-09.jpg?t=1502726667\"\n\t\t\tdata-thumbnail=\"http:\/\/www.lagottoromagnolo.org\/wp-content\/gallery\/expo15\/thumbs\/thumbs_wds15-09.jpg?t=1502726667\"\n\t\t\tdata-image-id=\"1686\"\n\t\t\tdata-image-name=\"wds15-09.jpg\"\n\t\t\tdata-title=\"wds15-09\"\n\t\t\tdata-description=\"Campioni femmine: 1\u00b0 ecc cacib, campione mondiale, miglior femmina, bos BELEN del Peschio Vicale all. Orlandi G. prop. Ettorre A. 2\u00b0 ecc Rozebottel\u2019s GRAPPA all. e prop. Van Gemert K. 3\u00b0 ecc NUTELLA del Monte della Dea all. Caira F. prop. Rondinini L. 4\u00b0 ecc Blixtra BELLADONNA all. Magnusson J. prop. Ekland E.\"\n\t\t\tdata-image-slug=\"wds15-09\"\n\t\t\t\t\t\t\t\t\t\t\t\t\t\t\t\t\t\t\t\tclass=\"ngg-fancybox\" rel=\"b8a4be8ac47a16283abeaceda33c9351\">\n\t\t\t\t\t\t\t\t<img\n\t\t\t\t\ttitle=\"wds15-09\"\n\t\t\t\t\talt=\"wds15-09\"\n\t\t\t\t\tsrc=\"http:\/\/www.lagottoromagnolo.org\/wp-content\/gallery\/expo15\/thumbs\/thumbs_wds15-09.jpg?t=1502726667\"\n\t\t\t\t\twidth=\"100\"\n\t\t\t\t\theight=\"75\"\n\t\t\t\t\tstyle=\"max-width:100%;\"\n\t\t\t\t\/>\n\t\t\t<\/a>\n\t\t<\/div>\n\t\t\t\t\t\t\t<\/div>\n\t\t\t\n\t\t\t\t<div id=\"ngg-image-9\" class=\"ngg-gallery-thumbnail-box\n\t\t\t\t\t\t\t\tngg-6-columns\t\t\t\"\n\t\t\t>\n\t\t\t\t\t\t<div class=\"ngg-gallery-thumbnail\">\n\t\t<a href=\"http:\/\/www.lagottoromagnolo.org\/wp-content\/gallery\/expo15\/wds15-10.jpg?t=1502726667\"\n\t\t\ttitle=\"Libera femmine: 1\u00b0 ecc cac, ris.cacib Gleska MISS BEHAVING all. Backman C. prop. Hanssen H-H. 2\u00b0 ecc ris.cac Gleska GOODY TWO SHOES all. e prop. Backman C. 3\u00b0 ecc Imperie\u2019s EBBA ESCLUSIVA all. Alhzen Marmstad J. prop. Alhzen Marmstad J. - Pettersson M. 4\u00b0 ecc Wildfinn BARBERA all. e prop. Kuusinen S-M.\"\n\t\t\tdata-src=\"http:\/\/www.lagottoromagnolo.org\/wp-content\/gallery\/expo15\/wds15-10.jpg?t=1502726667\"\n\t\t\tdata-thumbnail=\"http:\/\/www.lagottoromagnolo.org\/wp-content\/gallery\/expo15\/thumbs\/thumbs_wds15-10.jpg?t=1502726667\"\n\t\t\tdata-image-id=\"1687\"\n\t\t\tdata-image-name=\"wds15-10.jpg\"\n\t\t\tdata-title=\"wds15-10\"\n\t\t\tdata-description=\"Libera femmine: 1\u00b0 ecc cac, ris.cacib Gleska MISS BEHAVING all. Backman C. prop. Hanssen H-H. 2\u00b0 ecc ris.cac Gleska GOODY TWO SHOES all. e prop. Backman C. 3\u00b0 ecc Imperie\u2019s EBBA ESCLUSIVA all. Alhzen Marmstad J. prop. Alhzen Marmstad J. - Pettersson M. 4\u00b0 ecc Wildfinn BARBERA all. e prop. Kuusinen S-M.\"\n\t\t\tdata-image-slug=\"wds15-10\"\n\t\t\t\t\t\t\t\t\t\t\t\t\t\t\t\t\t\t\t\tclass=\"ngg-fancybox\" rel=\"b8a4be8ac47a16283abeaceda33c9351\">\n\t\t\t\t\t\t\t\t<img\n\t\t\t\t\ttitle=\"wds15-10\"\n\t\t\t\t\talt=\"wds15-10\"\n\t\t\t\t\tsrc=\"http:\/\/www.lagottoromagnolo.org\/wp-content\/gallery\/expo15\/thumbs\/thumbs_wds15-10.jpg?t=1502726667\"\n\t\t\t\t\twidth=\"100\"\n\t\t\t\t\theight=\"75\"\n\t\t\t\t\tstyle=\"max-width:100%;\"\n\t\t\t\t\/>\n\t\t\t<\/a>\n\t\t<\/div>\n\t\t\t\t\t\t\t<\/div>\n\t\t\t\n\t\t\t\t<div id=\"ngg-image-10\" class=\"ngg-gallery-thumbnail-box\n\t\t\t\t\t\t\t\tngg-6-columns\t\t\t\"\n\t\t\t>\n\t\t\t\t\t\t<div class=\"ngg-gallery-thumbnail\">\n\t\t<a href=\"http:\/\/www.lagottoromagnolo.org\/wp-content\/gallery\/expo15\/wds15-11.jpg?t=1502726667\"\n\t\t\ttitle=\"Intermedia femmine: 1\u00b0 ecc Rozebottel\u2019s MC MUFFIN all. e prop. Van Gemert K. 2\u00b0 ecc Gewitter LA NEBULOSA al. e prop. Kalske E. 3\u00b0 ecc QUINTESSENZA della Taparina all. Farn\u00e8 M. prop. Santini E. 4\u00b0 ecc Soul to Soul DIVA DI MONDOVI all. e prop. Eskilsson M.\"\n\t\t\tdata-src=\"http:\/\/www.lagottoromagnolo.org\/wp-content\/gallery\/expo15\/wds15-11.jpg?t=1502726667\"\n\t\t\tdata-thumbnail=\"http:\/\/www.lagottoromagnolo.org\/wp-content\/gallery\/expo15\/thumbs\/thumbs_wds15-11.jpg?t=1502726667\"\n\t\t\tdata-image-id=\"1688\"\n\t\t\tdata-image-name=\"wds15-11.jpg\"\n\t\t\tdata-title=\"wds15-11\"\n\t\t\tdata-description=\"Intermedia femmine: 1\u00b0 ecc Rozebottel\u2019s MC MUFFIN all. e prop. Van Gemert K. 2\u00b0 ecc Gewitter LA NEBULOSA al. e prop. Kalske E. 3\u00b0 ecc QUINTESSENZA della Taparina all. Farn\u00e8 M. prop. Santini E. 4\u00b0 ecc Soul to Soul DIVA DI MONDOVI all. e prop. Eskilsson M.\"\n\t\t\tdata-image-slug=\"wds15-11\"\n\t\t\t\t\t\t\t\t\t\t\t\t\t\t\t\t\t\t\t\tclass=\"ngg-fancybox\" rel=\"b8a4be8ac47a16283abeaceda33c9351\">\n\t\t\t\t\t\t\t\t<img\n\t\t\t\t\ttitle=\"wds15-11\"\n\t\t\t\t\talt=\"wds15-11\"\n\t\t\t\t\tsrc=\"http:\/\/www.lagottoromagnolo.org\/wp-content\/gallery\/expo15\/thumbs\/thumbs_wds15-11.jpg?t=1502726667\"\n\t\t\t\t\twidth=\"100\"\n\t\t\t\t\theight=\"75\"\n\t\t\t\t\tstyle=\"max-width:100%;\"\n\t\t\t\t\/>\n\t\t\t<\/a>\n\t\t<\/div>\n\t\t\t\t\t\t\t<\/div>\n\t\t\t\n\t\t\t\t<div id=\"ngg-image-11\" class=\"ngg-gallery-thumbnail-box\n\t\t\t\t\t\t\t\tngg-6-columns\t\t\t\"\n\t\t\t>\n\t\t\t\t\t\t<div class=\"ngg-gallery-thumbnail\">\n\t\t<a href=\"http:\/\/www.lagottoromagnolo.org\/wp-content\/gallery\/expo15\/wds15-12.jpg?t=1502726667\"\n\t\t\ttitle=\"CAC femmine Gleska MISS BEHAVING all. Backman C. prop. Hanssen H-H. ris.CAC Gleska GOODY TWO SHOES all. e prop. Backman C.\"\n\t\t\tdata-src=\"http:\/\/www.lagottoromagnolo.org\/wp-content\/gallery\/expo15\/wds15-12.jpg?t=1502726667\"\n\t\t\tdata-thumbnail=\"http:\/\/www.lagottoromagnolo.org\/wp-content\/gallery\/expo15\/thumbs\/thumbs_wds15-12.jpg?t=1502726667\"\n\t\t\tdata-image-id=\"1689\"\n\t\t\tdata-image-name=\"wds15-12.jpg\"\n\t\t\tdata-title=\"wds15-12\"\n\t\t\tdata-description=\"CAC femmine Gleska MISS BEHAVING all. Backman C. prop. Hanssen H-H. ris.CAC Gleska GOODY TWO SHOES all. e prop. Backman C.\"\n\t\t\tdata-image-slug=\"wds15-12\"\n\t\t\t\t\t\t\t\t\t\t\t\t\t\t\t\t\t\t\t\tclass=\"ngg-fancybox\" rel=\"b8a4be8ac47a16283abeaceda33c9351\">\n\t\t\t\t\t\t\t\t<img\n\t\t\t\t\ttitle=\"wds15-12\"\n\t\t\t\t\talt=\"wds15-12\"\n\t\t\t\t\tsrc=\"http:\/\/www.lagottoromagnolo.org\/wp-content\/gallery\/expo15\/thumbs\/thumbs_wds15-12.jpg?t=1502726667\"\n\t\t\t\t\twidth=\"100\"\n\t\t\t\t\theight=\"75\"\n\t\t\t\t\tstyle=\"max-width:100%;\"\n\t\t\t\t\/>\n\t\t\t<\/a>\n\t\t<\/div>\n\t\t\t\t\t\t\t<\/div>\n\t\t\t\n\t\t\t\t<div id=\"ngg-image-12\" class=\"ngg-gallery-thumbnail-box\n\t\t\t\t\t\t\t\tngg-6-columns\t\t\t\"\n\t\t\t>\n\t\t\t\t\t\t<div class=\"ngg-gallery-thumbnail\">\n\t\t<a href=\"http:\/\/www.lagottoromagnolo.org\/wp-content\/gallery\/expo15\/wds15-13.jpg?t=1502726667\"\n\t\t\ttitle=\"Giovani femmine: 1\u00b0 ecc campione mondiale giovani, miglior giovane ROSAMUNDA della Taparina all. Farn\u00e8 M. prop.Bocchini L. 2\u00b0 ecc Rozebottel\u2019s LUCKY MOMENTS all. e prop. Van Gemert K. 3\u00b0 ecc Accompagnatore ROMA ROMANTICA all. Preisig H-W. prop. Backes T. \u2013 Backes U. 4\u00b0 ecc Il Granaio dei Malatesta ILENIA all. e prop. Benelli M.\"\n\t\t\tdata-src=\"http:\/\/www.lagottoromagnolo.org\/wp-content\/gallery\/expo15\/wds15-13.jpg?t=1502726667\"\n\t\t\tdata-thumbnail=\"http:\/\/www.lagottoromagnolo.org\/wp-content\/gallery\/expo15\/thumbs\/thumbs_wds15-13.jpg?t=1502726667\"\n\t\t\tdata-image-id=\"1690\"\n\t\t\tdata-image-name=\"wds15-13.jpg\"\n\t\t\tdata-title=\"wds15-13\"\n\t\t\tdata-description=\"Giovani femmine: 1\u00b0 ecc campione mondiale giovani, miglior giovane ROSAMUNDA della Taparina all. Farn\u00e8 M. prop.Bocchini L. 2\u00b0 ecc Rozebottel\u2019s LUCKY MOMENTS all. e prop. Van Gemert K. 3\u00b0 ecc Accompagnatore ROMA ROMANTICA all. Preisig H-W. prop. Backes T. \u2013 Backes U. 4\u00b0 ecc Il Granaio dei Malatesta ILENIA all. e prop. Benelli M.\"\n\t\t\tdata-image-slug=\"wds15-13\"\n\t\t\t\t\t\t\t\t\t\t\t\t\t\t\t\t\t\t\t\tclass=\"ngg-fancybox\" rel=\"b8a4be8ac47a16283abeaceda33c9351\">\n\t\t\t\t\t\t\t\t<img\n\t\t\t\t\ttitle=\"wds15-13\"\n\t\t\t\t\talt=\"wds15-13\"\n\t\t\t\t\tsrc=\"http:\/\/www.lagottoromagnolo.org\/wp-content\/gallery\/expo15\/thumbs\/thumbs_wds15-13.jpg?t=1502726667\"\n\t\t\t\t\twidth=\"100\"\n\t\t\t\t\theight=\"75\"\n\t\t\t\t\tstyle=\"max-width:100%;\"\n\t\t\t\t\/>\n\t\t\t<\/a>\n\t\t<\/div>\n\t\t\t\t\t\t\t<\/div>\n\t\t\t\n\t\t\t\t<div id=\"ngg-image-13\" class=\"ngg-gallery-thumbnail-box\n\t\t\t\t\t\t\t\tngg-6-columns\t\t\t\"\n\t\t\t>\n\t\t\t\t\t\t<div class=\"ngg-gallery-thumbnail\">\n\t\t<a href=\"http:\/\/www.lagottoromagnolo.org\/wp-content\/gallery\/expo15\/wds15-14.jpg?t=1502730221\"\n\t\t\ttitle=\"Juniores femmine: 1\u00b0 mp campione mondiale juniores RANDIE di Villa dei Gruccioni all. e prop. Lucarelli F.\"\n\t\t\tdata-src=\"http:\/\/www.lagottoromagnolo.org\/wp-content\/gallery\/expo15\/wds15-14.jpg?t=1502730221\"\n\t\t\tdata-thumbnail=\"http:\/\/www.lagottoromagnolo.org\/wp-content\/gallery\/expo15\/thumbs\/thumbs_wds15-14.jpg?t=1502730221\"\n\t\t\tdata-image-id=\"1691\"\n\t\t\tdata-image-name=\"wds15-14.jpg\"\n\t\t\tdata-title=\"wds15-14\"\n\t\t\tdata-description=\"Juniores femmine: 1\u00b0 mp campione mondiale juniores RANDIE di Villa dei Gruccioni all. e prop. Lucarelli F.\"\n\t\t\tdata-image-slug=\"wds15-14\"\n\t\t\t\t\t\t\t\t\t\t\t\t\t\t\t\t\t\t\t\tclass=\"ngg-fancybox\" rel=\"b8a4be8ac47a16283abeaceda33c9351\">\n\t\t\t\t\t\t\t\t<img\n\t\t\t\t\ttitle=\"wds15-14\"\n\t\t\t\t\talt=\"wds15-14\"\n\t\t\t\t\tsrc=\"http:\/\/www.lagottoromagnolo.org\/wp-content\/gallery\/expo15\/thumbs\/thumbs_wds15-14.jpg?t=1502730221\"\n\t\t\t\t\twidth=\"100\"\n\t\t\t\t\theight=\"75\"\n\t\t\t\t\tstyle=\"max-width:100%;\"\n\t\t\t\t\/>\n\t\t\t<\/a>\n\t\t<\/div>\n\t\t\t\t\t\t\t<\/div>\n\t\t\t\n\t\t\t\t<div id=\"ngg-image-14\" class=\"ngg-gallery-thumbnail-box\n\t\t\t\t\t\t\t\tngg-6-columns\t\t\t\"\n\t\t\t>\n\t\t\t\t\t\t<div class=\"ngg-gallery-thumbnail\">\n\t\t<a href=\"http:\/\/www.lagottoromagnolo.org\/wp-content\/gallery\/expo15\/wds15-15.jpg?t=1502730221\"\n\t\t\ttitle=\"Cuccioli femmine: 1\u00b0 p Dolce Vita JUSTINA all.Mignogna S. prop. Tonelli O. (a centro) 2\u00b0 p Accompagnatore TITINA all. e prop. Preisig H-W. (a sinistra)\"\n\t\t\tdata-src=\"http:\/\/www.lagottoromagnolo.org\/wp-content\/gallery\/expo15\/wds15-15.jpg?t=1502730221\"\n\t\t\tdata-thumbnail=\"http:\/\/www.lagottoromagnolo.org\/wp-content\/gallery\/expo15\/thumbs\/thumbs_wds15-15.jpg?t=1502730221\"\n\t\t\tdata-image-id=\"1692\"\n\t\t\tdata-image-name=\"wds15-15.jpg\"\n\t\t\tdata-title=\"wds15-15\"\n\t\t\tdata-description=\"Cuccioli femmine: 1\u00b0 p Dolce Vita JUSTINA all.Mignogna S. prop. Tonelli O. (a centro) 2\u00b0 p Accompagnatore TITINA all. e prop. Preisig H-W. (a sinistra)\"\n\t\t\tdata-image-slug=\"wds15-15\"\n\t\t\t\t\t\t\t\t\t\t\t\t\t\t\t\t\t\t\t\tclass=\"ngg-fancybox\" rel=\"b8a4be8ac47a16283abeaceda33c9351\">\n\t\t\t\t\t\t\t\t<img\n\t\t\t\t\ttitle=\"wds15-15\"\n\t\t\t\t\talt=\"wds15-15\"\n\t\t\t\t\tsrc=\"http:\/\/www.lagottoromagnolo.org\/wp-content\/gallery\/expo15\/thumbs\/thumbs_wds15-15.jpg?t=1502730221\"\n\t\t\t\t\twidth=\"100\"\n\t\t\t\t\theight=\"75\"\n\t\t\t\t\tstyle=\"max-width:100%;\"\n\t\t\t\t\/>\n\t\t\t<\/a>\n\t\t<\/div>\n\t\t\t\t\t\t\t<\/div>\n\t\t\t\n\t\t\t\t<div id=\"ngg-image-15\" class=\"ngg-gallery-thumbnail-box\n\t\t\t\t\t\t\t\tngg-6-columns\t\t\t\"\n\t\t\t>\n\t\t\t\t\t\t<div class=\"ngg-gallery-thumbnail\">\n\t\t<a href=\"http:\/\/www.lagottoromagnolo.org\/wp-content\/gallery\/expo15\/wds15-16.jpg?t=1502730221\"\n\t\t\ttitle=\"Veterani femmine: 1\u00b0 ecc campione mondiale veterani Wildfinn FERRARIA all. e prop. Kuusine S-M. 2\u00b0 ecc Gaesten LEAPIN\u2019S LOTTIE AT MIANATRA all. Stenton G. prop. Deblasi R. 3\u00b0 ecc Nambervan NENYA all. e prop. Lallio K. 4\u00b0 ecc Comes Cordis CARAMELLA all. Ruoff U. prop. Preisig H-W.\"\n\t\t\tdata-src=\"http:\/\/www.lagottoromagnolo.org\/wp-content\/gallery\/expo15\/wds15-16.jpg?t=1502730221\"\n\t\t\tdata-thumbnail=\"http:\/\/www.lagottoromagnolo.org\/wp-content\/gallery\/expo15\/thumbs\/thumbs_wds15-16.jpg?t=1502730221\"\n\t\t\tdata-image-id=\"1693\"\n\t\t\tdata-image-name=\"wds15-16.jpg\"\n\t\t\tdata-title=\"wds15-16\"\n\t\t\tdata-description=\"Veterani femmine: 1\u00b0 ecc campione mondiale veterani Wildfinn FERRARIA all. e prop. Kuusine S-M. 2\u00b0 ecc Gaesten LEAPIN\u2019S LOTTIE AT MIANATRA all. Stenton G. prop. Deblasi R. 3\u00b0 ecc Nambervan NENYA all. e prop. Lallio K. 4\u00b0 ecc Comes Cordis CARAMELLA all. Ruoff U. prop. Preisig H-W.\"\n\t\t\tdata-image-slug=\"wds15-16\"\n\t\t\t\t\t\t\t\t\t\t\t\t\t\t\t\t\t\t\t\tclass=\"ngg-fancybox\" rel=\"b8a4be8ac47a16283abeaceda33c9351\">\n\t\t\t\t\t\t\t\t<img\n\t\t\t\t\ttitle=\"wds15-16\"\n\t\t\t\t\talt=\"wds15-16\"\n\t\t\t\t\tsrc=\"http:\/\/www.lagottoromagnolo.org\/wp-content\/gallery\/expo15\/thumbs\/thumbs_wds15-16.jpg?t=1502730221\"\n\t\t\t\t\twidth=\"100\"\n\t\t\t\t\theight=\"75\"\n\t\t\t\t\tstyle=\"max-width:100%;\"\n\t\t\t\t\/>\n\t\t\t<\/a>\n\t\t<\/div>\n\t\t\t\t\t\t\t<\/div>\n\t\t\t\n\t\t\t\t<div id=\"ngg-image-16\" class=\"ngg-gallery-thumbnail-box\n\t\t\t\t\t\t\t\tngg-6-columns\t\t\t\"\n\t\t\t>\n\t\t\t\t\t\t<div class=\"ngg-gallery-thumbnail\">\n\t\t<a href=\"http:\/\/www.lagottoromagnolo.org\/wp-content\/gallery\/expo15\/wds15-17.jpg?t=1502730221\"\n\t\t\ttitle=\"campione mondiale maschio DANTE delle Gualdarie all. Bernardi S. prop. Tonelli O.\"\n\t\t\tdata-src=\"http:\/\/www.lagottoromagnolo.org\/wp-content\/gallery\/expo15\/wds15-17.jpg?t=1502730221\"\n\t\t\tdata-thumbnail=\"http:\/\/www.lagottoromagnolo.org\/wp-content\/gallery\/expo15\/thumbs\/thumbs_wds15-17.jpg?t=1502730221\"\n\t\t\tdata-image-id=\"1694\"\n\t\t\tdata-image-name=\"wds15-17.jpg\"\n\t\t\tdata-title=\"wds15-17\"\n\t\t\tdata-description=\"campione mondiale maschio DANTE delle Gualdarie all. Bernardi S. prop. Tonelli O.\"\n\t\t\tdata-image-slug=\"wds15-17\"\n\t\t\t\t\t\t\t\t\t\t\t\t\t\t\t\t\t\t\t\tclass=\"ngg-fancybox\" rel=\"b8a4be8ac47a16283abeaceda33c9351\">\n\t\t\t\t\t\t\t\t<img\n\t\t\t\t\ttitle=\"wds15-17\"\n\t\t\t\t\talt=\"wds15-17\"\n\t\t\t\t\tsrc=\"http:\/\/www.lagottoromagnolo.org\/wp-content\/gallery\/expo15\/thumbs\/thumbs_wds15-17.jpg?t=1502730221\"\n\t\t\t\t\twidth=\"100\"\n\t\t\t\t\theight=\"75\"\n\t\t\t\t\tstyle=\"max-width:100%;\"\n\t\t\t\t\/>\n\t\t\t<\/a>\n\t\t<\/div>\n\t\t\t\t\t\t\t<\/div>\n\t\t\t\n\t\t\t\t<div id=\"ngg-image-17\" class=\"ngg-gallery-thumbnail-box\n\t\t\t\t\t\t\t\tngg-6-columns\t\t\t\"\n\t\t\t>\n\t\t\t\t\t\t<div class=\"ngg-gallery-thumbnail\">\n\t\t<a href=\"http:\/\/www.lagottoromagnolo.org\/wp-content\/gallery\/expo15\/wds15-18.jpg?t=1502730221\"\n\t\t\ttitle=\"campione mondiale femmina BELEN del Peschio Vicale all. Orlandi G. prop. Ettorre A.\"\n\t\t\tdata-src=\"http:\/\/www.lagottoromagnolo.org\/wp-content\/gallery\/expo15\/wds15-18.jpg?t=1502730221\"\n\t\t\tdata-thumbnail=\"http:\/\/www.lagottoromagnolo.org\/wp-content\/gallery\/expo15\/thumbs\/thumbs_wds15-18.jpg?t=1502730221\"\n\t\t\tdata-image-id=\"1695\"\n\t\t\tdata-image-name=\"wds15-18.jpg\"\n\t\t\tdata-title=\"wds15-18\"\n\t\t\tdata-description=\"campione mondiale femmina BELEN del Peschio Vicale all. Orlandi G. prop. Ettorre A.\"\n\t\t\tdata-image-slug=\"wds15-18\"\n\t\t\t\t\t\t\t\t\t\t\t\t\t\t\t\t\t\t\t\tclass=\"ngg-fancybox\" rel=\"b8a4be8ac47a16283abeaceda33c9351\">\n\t\t\t\t\t\t\t\t<img\n\t\t\t\t\ttitle=\"wds15-18\"\n\t\t\t\t\talt=\"wds15-18\"\n\t\t\t\t\tsrc=\"http:\/\/www.lagottoromagnolo.org\/wp-content\/gallery\/expo15\/thumbs\/thumbs_wds15-18.jpg?t=1502730221\"\n\t\t\t\t\twidth=\"100\"\n\t\t\t\t\theight=\"75\"\n\t\t\t\t\tstyle=\"max-width:100%;\"\n\t\t\t\t\/>\n\t\t\t<\/a>\n\t\t<\/div>\n\t\t\t\t\t\t\t<\/div>\n\t\t\t\n\t\t\t\t<div id=\"ngg-image-18\" class=\"ngg-gallery-thumbnail-box\n\t\t\t\t\t\t\t\tngg-6-columns\t\t\t\"\n\t\t\t>\n\t\t\t\t\t\t<div class=\"ngg-gallery-thumbnail\">\n\t\t<a href=\"http:\/\/www.lagottoromagnolo.org\/wp-content\/gallery\/expo15\/wds15-19.jpg?t=1502730221\"\n\t\t\ttitle=\"campione mondiale giovani femmina, miglior giovane ROSAMUNDA della Taparina all. Farn\u00e8 M. prop.Bocchini L., campione mondiale giovane maschio CAPO del Ginestreto all. Zavagli E. prop. Teromaa L. \u2013 Kalske E.\"\n\t\t\tdata-src=\"http:\/\/www.lagottoromagnolo.org\/wp-content\/gallery\/expo15\/wds15-19.jpg?t=1502730221\"\n\t\t\tdata-thumbnail=\"http:\/\/www.lagottoromagnolo.org\/wp-content\/gallery\/expo15\/thumbs\/thumbs_wds15-19.jpg?t=1502730221\"\n\t\t\tdata-image-id=\"1696\"\n\t\t\tdata-image-name=\"wds15-19.jpg\"\n\t\t\tdata-title=\"wds15-19\"\n\t\t\tdata-description=\"campione mondiale giovani femmina, miglior giovane ROSAMUNDA della Taparina all. Farn\u00e8 M. prop.Bocchini L., campione mondiale giovane maschio CAPO del Ginestreto all. Zavagli E. prop. Teromaa L. \u2013 Kalske E.\"\n\t\t\tdata-image-slug=\"wds15-19\"\n\t\t\t\t\t\t\t\t\t\t\t\t\t\t\t\t\t\t\t\tclass=\"ngg-fancybox\" rel=\"b8a4be8ac47a16283abeaceda33c9351\">\n\t\t\t\t\t\t\t\t<img\n\t\t\t\t\ttitle=\"wds15-19\"\n\t\t\t\t\talt=\"wds15-19\"\n\t\t\t\t\tsrc=\"http:\/\/www.lagottoromagnolo.org\/wp-content\/gallery\/expo15\/thumbs\/thumbs_wds15-19.jpg?t=1502730221\"\n\t\t\t\t\twidth=\"100\"\n\t\t\t\t\theight=\"75\"\n\t\t\t\t\tstyle=\"max-width:100%;\"\n\t\t\t\t\/>\n\t\t\t<\/a>\n\t\t<\/div>\n\t\t\t\t\t\t\t<\/div>\n\t\t\t\n\t\t\t\t<div id=\"ngg-image-19\" class=\"ngg-gallery-thumbnail-box\n\t\t\t\t\t\t\t\tngg-6-columns\t\t\t\"\n\t\t\t>\n\t\t\t\t\t\t<div class=\"ngg-gallery-thumbnail\">\n\t\t<a href=\"http:\/\/www.lagottoromagnolo.org\/wp-content\/gallery\/expo15\/wds15-20.jpg?t=1502730221\"\n\t\t\ttitle=\"miglior juniores, bis juniores Rozebottel\u2019s PLAYBOY all. e prop. Van Gemert K.\"\n\t\t\tdata-src=\"http:\/\/www.lagottoromagnolo.org\/wp-content\/gallery\/expo15\/wds15-20.jpg?t=1502730221\"\n\t\t\tdata-thumbnail=\"http:\/\/www.lagottoromagnolo.org\/wp-content\/gallery\/expo15\/thumbs\/thumbs_wds15-20.jpg?t=1502730221\"\n\t\t\tdata-image-id=\"1697\"\n\t\t\tdata-image-name=\"wds15-20.jpg\"\n\t\t\tdata-title=\"wds15-20\"\n\t\t\tdata-description=\"miglior juniores, bis juniores Rozebottel\u2019s PLAYBOY all. e prop. Van Gemert K.\"\n\t\t\tdata-image-slug=\"wds15-20\"\n\t\t\t\t\t\t\t\t\t\t\t\t\t\t\t\t\t\t\t\tclass=\"ngg-fancybox\" rel=\"b8a4be8ac47a16283abeaceda33c9351\">\n\t\t\t\t\t\t\t\t<img\n\t\t\t\t\ttitle=\"wds15-20\"\n\t\t\t\t\talt=\"wds15-20\"\n\t\t\t\t\tsrc=\"http:\/\/www.lagottoromagnolo.org\/wp-content\/gallery\/expo15\/thumbs\/thumbs_wds15-20.jpg?t=1502730221\"\n\t\t\t\t\twidth=\"100\"\n\t\t\t\t\theight=\"75\"\n\t\t\t\t\tstyle=\"max-width:100%;\"\n\t\t\t\t\/>\n\t\t\t<\/a>\n\t\t<\/div>\n\t\t\t\t\t\t\t<\/div>\n\t\t\t\n\t\t\t\t<div id=\"ngg-image-20\" class=\"ngg-gallery-thumbnail-box\n\t\t\t\t\t\t\t\tngg-6-columns\t\t\t\"\n\t\t\t>\n\t\t\t\t\t\t<div class=\"ngg-gallery-thumbnail\">\n\t\t<a href=\"http:\/\/www.lagottoromagnolo.org\/wp-content\/gallery\/expo15\/wds15-21.jpg?t=1502730221\"\n\t\t\ttitle=\"miglior veterano BONGO all. Borgonovi S. prop. Grilli S.\"\n\t\t\tdata-src=\"http:\/\/www.lagottoromagnolo.org\/wp-content\/gallery\/expo15\/wds15-21.jpg?t=1502730221\"\n\t\t\tdata-thumbnail=\"http:\/\/www.lagottoromagnolo.org\/wp-content\/gallery\/expo15\/thumbs\/thumbs_wds15-21.jpg?t=1502730221\"\n\t\t\tdata-image-id=\"1698\"\n\t\t\tdata-image-name=\"wds15-21.jpg\"\n\t\t\tdata-title=\"wds15-21\"\n\t\t\tdata-description=\"miglior veterano BONGO all. Borgonovi S. prop. Grilli S.\"\n\t\t\tdata-image-slug=\"wds15-21\"\n\t\t\t\t\t\t\t\t\t\t\t\t\t\t\t\t\t\t\t\tclass=\"ngg-fancybox\" rel=\"b8a4be8ac47a16283abeaceda33c9351\">\n\t\t\t\t\t\t\t\t<img\n\t\t\t\t\ttitle=\"wds15-21\"\n\t\t\t\t\talt=\"wds15-21\"\n\t\t\t\t\tsrc=\"http:\/\/www.lagottoromagnolo.org\/wp-content\/gallery\/expo15\/thumbs\/thumbs_wds15-21.jpg?t=1502730221\"\n\t\t\t\t\twidth=\"100\"\n\t\t\t\t\theight=\"75\"\n\t\t\t\t\tstyle=\"max-width:100%;\"\n\t\t\t\t\/>\n\t\t\t<\/a>\n\t\t<\/div>\n\t\t\t\t\t\t\t<\/div>\n\t\t\t\n\t\t\t\t<div id=\"ngg-image-21\" class=\"ngg-gallery-thumbnail-box\n\t\t\t\t\t\t\t\tngg-6-columns\t\t\t\"\n\t\t\t>\n\t\t\t\t\t\t<div class=\"ngg-gallery-thumbnail\">\n\t\t<a href=\"http:\/\/www.lagottoromagnolo.org\/wp-content\/gallery\/expo15\/wds15-22.jpg?t=1502730221\"\n\t\t\ttitle=\"Miglior testa: NUTELLA del Monte della DEA all. Caira F. prop. Rondinini L.\"\n\t\t\tdata-src=\"http:\/\/www.lagottoromagnolo.org\/wp-content\/gallery\/expo15\/wds15-22.jpg?t=1502730221\"\n\t\t\tdata-thumbnail=\"http:\/\/www.lagottoromagnolo.org\/wp-content\/gallery\/expo15\/thumbs\/thumbs_wds15-22.jpg?t=1502730221\"\n\t\t\tdata-image-id=\"1699\"\n\t\t\tdata-image-name=\"wds15-22.jpg\"\n\t\t\tdata-title=\"wds15-22\"\n\t\t\tdata-description=\"Miglior testa: NUTELLA del Monte della DEA all. Caira F. prop. Rondinini L.\"\n\t\t\tdata-image-slug=\"wds15-22\"\n\t\t\t\t\t\t\t\t\t\t\t\t\t\t\t\t\t\t\t\tclass=\"ngg-fancybox\" rel=\"b8a4be8ac47a16283abeaceda33c9351\">\n\t\t\t\t\t\t\t\t<img\n\t\t\t\t\ttitle=\"wds15-22\"\n\t\t\t\t\talt=\"wds15-22\"\n\t\t\t\t\tsrc=\"http:\/\/www.lagottoromagnolo.org\/wp-content\/gallery\/expo15\/thumbs\/thumbs_wds15-22.jpg?t=1502730221\"\n\t\t\t\t\twidth=\"100\"\n\t\t\t\t\theight=\"75\"\n\t\t\t\t\tstyle=\"max-width:100%;\"\n\t\t\t\t\/>\n\t\t\t<\/a>\n\t\t<\/div>\n\t\t\t\t\t\t\t<\/div>\n\t\t\t\n\t\t\t\t<div id=\"ngg-image-22\" class=\"ngg-gallery-thumbnail-box\n\t\t\t\t\t\t\t\tngg-6-columns\t\t\t\"\n\t\t\t>\n\t\t\t\t\t\t<div class=\"ngg-gallery-thumbnail\">\n\t\t<a href=\"http:\/\/www.lagottoromagnolo.org\/wp-content\/gallery\/expo15\/wds15-23.jpg?t=1502730221\"\n\t\t\ttitle=\"Miglior gruppo: Rozebottel\u2019s all. Katrien Van Gemert\"\n\t\t\tdata-src=\"http:\/\/www.lagottoromagnolo.org\/wp-content\/gallery\/expo15\/wds15-23.jpg?t=1502730221\"\n\t\t\tdata-thumbnail=\"http:\/\/www.lagottoromagnolo.org\/wp-content\/gallery\/expo15\/thumbs\/thumbs_wds15-23.jpg?t=1502730221\"\n\t\t\tdata-image-id=\"1700\"\n\t\t\tdata-image-name=\"wds15-23.jpg\"\n\t\t\tdata-title=\"wds15-23\"\n\t\t\tdata-description=\"Miglior gruppo: Rozebottel\u2019s all. Katrien Van Gemert\"\n\t\t\tdata-image-slug=\"wds15-23\"\n\t\t\t\t\t\t\t\t\t\t\t\t\t\t\t\t\t\t\t\tclass=\"ngg-fancybox\" rel=\"b8a4be8ac47a16283abeaceda33c9351\">\n\t\t\t\t\t\t\t\t<img\n\t\t\t\t\ttitle=\"wds15-23\"\n\t\t\t\t\talt=\"wds15-23\"\n\t\t\t\t\tsrc=\"http:\/\/www.lagottoromagnolo.org\/wp-content\/gallery\/expo15\/thumbs\/thumbs_wds15-23.jpg?t=1502730221\"\n\t\t\t\t\twidth=\"100\"\n\t\t\t\t\theight=\"75\"\n\t\t\t\t\tstyle=\"max-width:100%;\"\n\t\t\t\t\/>\n\t\t\t<\/a>\n\t\t<\/div>\n\t\t\t\t\t\t\t<\/div>\n\t\t\t\n\t\t\t\t<div id=\"ngg-image-23\" class=\"ngg-gallery-thumbnail-box\n\t\t\t\t\t\t\t\tngg-6-columns\t\t\t\"\n\t\t\t>\n\t\t\t\t\t\t<div class=\"ngg-gallery-thumbnail\">\n\t\t<a href=\"http:\/\/www.lagottoromagnolo.org\/wp-content\/gallery\/expo15\/wds15-24.jpg?t=1502730221\"\n\t\t\ttitle=\"Miglior coppia: CAPO del Ginestreto \u2013 TEMPESTA del Ginestreto, prop. Eija Kalske\"\n\t\t\tdata-src=\"http:\/\/www.lagottoromagnolo.org\/wp-content\/gallery\/expo15\/wds15-24.jpg?t=1502730221\"\n\t\t\tdata-thumbnail=\"http:\/\/www.lagottoromagnolo.org\/wp-content\/gallery\/expo15\/thumbs\/thumbs_wds15-24.jpg?t=1502730221\"\n\t\t\tdata-image-id=\"1701\"\n\t\t\tdata-image-name=\"wds15-24.jpg\"\n\t\t\tdata-title=\"wds15-24\"\n\t\t\tdata-description=\"Miglior coppia: CAPO del Ginestreto \u2013 TEMPESTA del Ginestreto, prop. Eija Kalske\"\n\t\t\tdata-image-slug=\"wds15-24\"\n\t\t\t\t\t\t\t\t\t\t\t\t\t\t\t\t\t\t\t\tclass=\"ngg-fancybox\" rel=\"b8a4be8ac47a16283abeaceda33c9351\">\n\t\t\t\t\t\t\t\t<img\n\t\t\t\t\ttitle=\"wds15-24\"\n\t\t\t\t\talt=\"wds15-24\"\n\t\t\t\t\tsrc=\"http:\/\/www.lagottoromagnolo.org\/wp-content\/gallery\/expo15\/thumbs\/thumbs_wds15-24.jpg?t=1502730221\"\n\t\t\t\t\twidth=\"100\"\n\t\t\t\t\theight=\"75\"\n\t\t\t\t\tstyle=\"max-width:100%;\"\n\t\t\t\t\/>\n\t\t\t<\/a>\n\t\t<\/div>\n\t\t\t\t\t\t\t<\/div>\n\t\t\t\n\t\t\t\t<div id=\"ngg-image-24\" class=\"ngg-gallery-thumbnail-box\n\t\t\t\t\t\t\t\tngg-6-columns\t\t\t\"\n\t\t\t>\n\t\t\t\t\t\t<div class=\"ngg-gallery-thumbnail\">\n\t\t<a href=\"http:\/\/www.lagottoromagnolo.org\/wp-content\/gallery\/expo15\/wds15-25.jpg?t=1553022520\"\n\t\t\ttitle=\"I due migliori soggetti della mostra bob DANTE delle Gualdarie all. Bernardi S. prop. Tonelli O. bos BELEN del Peschio Vicale all. Gianni O. prop. Ettorre A.\"\n\t\t\tdata-src=\"http:\/\/www.lagottoromagnolo.org\/wp-content\/gallery\/expo15\/wds15-25.jpg?t=1553022520\"\n\t\t\tdata-thumbnail=\"http:\/\/www.lagottoromagnolo.org\/wp-content\/gallery\/expo15\/thumbs\/thumbs_wds15-25.jpg?t=1553022520\"\n\t\t\tdata-image-id=\"1702\"\n\t\t\tdata-image-name=\"wds15-25.jpg\"\n\t\t\tdata-title=\"wds15-25\"\n\t\t\tdata-description=\"I due migliori soggetti della mostra bob DANTE delle Gualdarie all. Bernardi S. prop. Tonelli O. bos BELEN del Peschio Vicale all. Gianni O. prop. Ettorre A.\"\n\t\t\tdata-image-slug=\"wds15-25\"\n\t\t\t\t\t\t\t\t\t\t\t\t\t\t\t\t\t\t\t\tclass=\"ngg-fancybox\" rel=\"b8a4be8ac47a16283abeaceda33c9351\">\n\t\t\t\t\t\t\t\t<img\n\t\t\t\t\ttitle=\"wds15-25\"\n\t\t\t\t\talt=\"wds15-25\"\n\t\t\t\t\tsrc=\"http:\/\/www.lagottoromagnolo.org\/wp-content\/gallery\/expo15\/thumbs\/thumbs_wds15-25.jpg?t=1553022520\"\n\t\t\t\t\twidth=\"100\"\n\t\t\t\t\theight=\"75\"\n\t\t\t\t\tstyle=\"max-width:100%;\"\n\t\t\t\t\/>\n\t\t\t<\/a>\n\t\t<\/div>\n\t\t\t\t\t\t\t<\/div>\n\t\t\t\n\t\t\t\t<div id=\"ngg-image-25\" class=\"ngg-gallery-thumbnail-box\n\t\t\t\t\t\t\t\tngg-6-columns\t\t\t\"\n\t\t\t>\n\t\t\t\t\t\t<div class=\"ngg-gallery-thumbnail\">\n\t\t<a href=\"http:\/\/www.lagottoromagnolo.org\/wp-content\/gallery\/expo15\/wds15-26.jpg?t=1502730221\"\n\t\t\ttitle=\"bob DANTE delle Gualdarie all. Bernardi S. prop. Tonelli O.\"\n\t\t\tdata-src=\"http:\/\/www.lagottoromagnolo.org\/wp-content\/gallery\/expo15\/wds15-26.jpg?t=1502730221\"\n\t\t\tdata-thumbnail=\"http:\/\/www.lagottoromagnolo.org\/wp-content\/gallery\/expo15\/thumbs\/thumbs_wds15-26.jpg?t=1502730221\"\n\t\t\tdata-image-id=\"1703\"\n\t\t\tdata-image-name=\"wds15-26.jpg\"\n\t\t\tdata-title=\"wds15-26\"\n\t\t\tdata-description=\"bob DANTE delle Gualdarie all. Bernardi S. prop. Tonelli O.\"\n\t\t\tdata-image-slug=\"wds15-26\"\n\t\t\t\t\t\t\t\t\t\t\t\t\t\t\t\t\t\t\t\tclass=\"ngg-fancybox\" rel=\"b8a4be8ac47a16283abeaceda33c9351\">\n\t\t\t\t\t\t\t\t<img\n\t\t\t\t\ttitle=\"wds15-26\"\n\t\t\t\t\talt=\"wds15-26\"\n\t\t\t\t\tsrc=\"http:\/\/www.lagottoromagnolo.org\/wp-content\/gallery\/expo15\/thumbs\/thumbs_wds15-26.jpg?t=1502730221\"\n\t\t\t\t\twidth=\"100\"\n\t\t\t\t\theight=\"75\"\n\t\t\t\t\tstyle=\"max-width:100%;\"\n\t\t\t\t\/>\n\t\t\t<\/a>\n\t\t<\/div>\n\t\t\t\t\t\t\t<\/div>\n\t\t\t\n\t\t\t\t<div id=\"ngg-image-26\" class=\"ngg-gallery-thumbnail-box\n\t\t\t\t\t\t\t\tngg-6-columns\t\t\t\"\n\t\t\t>\n\t\t\t\t\t\t<div class=\"ngg-gallery-thumbnail\">\n\t\t<a href=\"http:\/\/www.lagottoromagnolo.org\/wp-content\/gallery\/expo15\/wds15-27.jpg?t=1502730221\"\n\t\t\ttitle=\"bob DANTE delle Gualdarie all. Bernardi S. prop. Tonelli O.\"\n\t\t\tdata-src=\"http:\/\/www.lagottoromagnolo.org\/wp-content\/gallery\/expo15\/wds15-27.jpg?t=1502730221\"\n\t\t\tdata-thumbnail=\"http:\/\/www.lagottoromagnolo.org\/wp-content\/gallery\/expo15\/thumbs\/thumbs_wds15-27.jpg?t=1502730221\"\n\t\t\tdata-image-id=\"1704\"\n\t\t\tdata-image-name=\"wds15-27.jpg\"\n\t\t\tdata-title=\"wds15-27\"\n\t\t\tdata-description=\"bob DANTE delle Gualdarie all. Bernardi S. prop. Tonelli O.\"\n\t\t\tdata-image-slug=\"wds15-27\"\n\t\t\t\t\t\t\t\t\t\t\t\t\t\t\t\t\t\t\t\tclass=\"ngg-fancybox\" rel=\"b8a4be8ac47a16283abeaceda33c9351\">\n\t\t\t\t\t\t\t\t<img\n\t\t\t\t\ttitle=\"wds15-27\"\n\t\t\t\t\talt=\"wds15-27\"\n\t\t\t\t\tsrc=\"http:\/\/www.lagottoromagnolo.org\/wp-content\/gallery\/expo15\/thumbs\/thumbs_wds15-27.jpg?t=1502730221\"\n\t\t\t\t\twidth=\"100\"\n\t\t\t\t\theight=\"75\"\n\t\t\t\t\tstyle=\"max-width:100%;\"\n\t\t\t\t\/>\n\t\t\t<\/a>\n\t\t<\/div>\n\t\t\t\t\t\t\t<\/div>\n\t\t\t\n\t\t\t\t<div id=\"ngg-image-27\" class=\"ngg-gallery-thumbnail-box\n\t\t\t\t\t\t\t\tngg-6-columns\t\t\t\"\n\t\t\t>\n\t\t\t\t\t\t<div class=\"ngg-gallery-thumbnail\">\n\t\t<a href=\"http:\/\/www.lagottoromagnolo.org\/wp-content\/gallery\/expo15\/wds15-28.jpg?t=1502730221\"\n\t\t\ttitle=\"stand Club Italiano Lagotto\"\n\t\t\tdata-src=\"http:\/\/www.lagottoromagnolo.org\/wp-content\/gallery\/expo15\/wds15-28.jpg?t=1502730221\"\n\t\t\tdata-thumbnail=\"http:\/\/www.lagottoromagnolo.org\/wp-content\/gallery\/expo15\/thumbs\/thumbs_wds15-28.jpg?t=1502730221\"\n\t\t\tdata-image-id=\"1705\"\n\t\t\tdata-image-name=\"wds15-28.jpg\"\n\t\t\tdata-title=\"wds15-28\"\n\t\t\tdata-description=\"stand Club Italiano Lagotto\"\n\t\t\tdata-image-slug=\"wds15-28\"\n\t\t\t\t\t\t\t\t\t\t\t\t\t\t\t\t\t\t\t\tclass=\"ngg-fancybox\" rel=\"b8a4be8ac47a16283abeaceda33c9351\">\n\t\t\t\t\t\t\t\t<img\n\t\t\t\t\ttitle=\"wds15-28\"\n\t\t\t\t\talt=\"wds15-28\"\n\t\t\t\t\tsrc=\"http:\/\/www.lagottoromagnolo.org\/wp-content\/gallery\/expo15\/thumbs\/thumbs_wds15-28.jpg?t=1502730221\"\n\t\t\t\t\twidth=\"100\"\n\t\t\t\t\theight=\"75\"\n\t\t\t\t\tstyle=\"max-width:100%;\"\n\t\t\t\t\/>\n\t\t\t<\/a>\n\t\t<\/div>\n\t\t\t\t\t\t\t<\/div>\n\t\t\t\n\t\t\t\t<div id=\"ngg-image-28\" class=\"ngg-gallery-thumbnail-box\n\t\t\t\t\t\t\t\tngg-6-columns\t\t\t\"\n\t\t\t>\n\t\t\t\t\t\t<div class=\"ngg-gallery-thumbnail\">\n\t\t<a href=\"http:\/\/www.lagottoromagnolo.org\/wp-content\/gallery\/expo15\/wds15-29.jpg?t=1502730221\"\n\t\t\ttitle=\"stand Club Italiano Lagotto\"\n\t\t\tdata-src=\"http:\/\/www.lagottoromagnolo.org\/wp-content\/gallery\/expo15\/wds15-29.jpg?t=1502730221\"\n\t\t\tdata-thumbnail=\"http:\/\/www.lagottoromagnolo.org\/wp-content\/gallery\/expo15\/thumbs\/thumbs_wds15-29.jpg?t=1502730221\"\n\t\t\tdata-image-id=\"1706\"\n\t\t\tdata-image-name=\"wds15-29.jpg\"\n\t\t\tdata-title=\"wds15-29\"\n\t\t\tdata-description=\"stand Club Italiano Lagotto\"\n\t\t\tdata-image-slug=\"wds15-29\"\n\t\t\t\t\t\t\t\t\t\t\t\t\t\t\t\t\t\t\t\tclass=\"ngg-fancybox\" rel=\"b8a4be8ac47a16283abeaceda33c9351\">\n\t\t\t\t\t\t\t\t<img\n\t\t\t\t\ttitle=\"wds15-29\"\n\t\t\t\t\talt=\"wds15-29\"\n\t\t\t\t\tsrc=\"http:\/\/www.lagottoromagnolo.org\/wp-content\/gallery\/expo15\/thumbs\/thumbs_wds15-29.jpg?t=1502730221\"\n\t\t\t\t\twidth=\"100\"\n\t\t\t\t\theight=\"75\"\n\t\t\t\t\tstyle=\"max-width:100%;\"\n\t\t\t\t\/>\n\t\t\t<\/a>\n\t\t<\/div>\n\t\t\t\t\t\t\t<\/div>\n\t\t\t\n\t\t\t\t<div id=\"ngg-image-29\" class=\"ngg-gallery-thumbnail-box\n\t\t\t\t\t\t\t\tngg-6-columns\t\t\t\"\n\t\t\t>\n\t\t\t\t\t\t<div class=\"ngg-gallery-thumbnail\">\n\t\t<a href=\"http:\/\/www.lagottoromagnolo.org\/wp-content\/gallery\/expo15\/wds15-30.jpg?t=1502730221\"\n\t\t\ttitle=\"stand Club Italiano Lagotto\"\n\t\t\tdata-src=\"http:\/\/www.lagottoromagnolo.org\/wp-content\/gallery\/expo15\/wds15-30.jpg?t=1502730221\"\n\t\t\tdata-thumbnail=\"http:\/\/www.lagottoromagnolo.org\/wp-content\/gallery\/expo15\/thumbs\/thumbs_wds15-30.jpg?t=1502730221\"\n\t\t\tdata-image-id=\"1707\"\n\t\t\tdata-image-name=\"wds15-30.jpg\"\n\t\t\tdata-title=\"wds15-30\"\n\t\t\tdata-description=\"stand Club Italiano Lagotto\"\n\t\t\tdata-image-slug=\"wds15-30\"\n\t\t\t\t\t\t\t\t\t\t\t\t\t\t\t\t\t\t\t\tclass=\"ngg-fancybox\" rel=\"b8a4be8ac47a16283abeaceda33c9351\">\n\t\t\t\t\t\t\t\t<img\n\t\t\t\t\ttitle=\"wds15-30\"\n\t\t\t\t\talt=\"wds15-30\"\n\t\t\t\t\tsrc=\"http:\/\/www.lagottoromagnolo.org\/wp-content\/gallery\/expo15\/thumbs\/thumbs_wds15-30.jpg?t=1502730221\"\n\t\t\t\t\twidth=\"100\"\n\t\t\t\t\theight=\"75\"\n\t\t\t\t\tstyle=\"max-width:100%;\"\n\t\t\t\t\/>\n\t\t\t<\/a>\n\t\t<\/div>\n\t\t\t\t\t\t\t<\/div>\n\t\t\t\n\t\t\t\t<div id=\"ngg-image-30\" class=\"ngg-gallery-thumbnail-box\n\t\t\t\t\t\t\t\tngg-6-columns\t\t\t\"\n\t\t\t>\n\t\t\t\t\t\t<div class=\"ngg-gallery-thumbnail\">\n\t\t<a href=\"http:\/\/www.lagottoromagnolo.org\/wp-content\/gallery\/expo15\/wds15-31.jpg?t=1502730221\"\n\t\t\ttitle=\"stand Club Italiano Lagotto\"\n\t\t\tdata-src=\"http:\/\/www.lagottoromagnolo.org\/wp-content\/gallery\/expo15\/wds15-31.jpg?t=1502730221\"\n\t\t\tdata-thumbnail=\"http:\/\/www.lagottoromagnolo.org\/wp-content\/gallery\/expo15\/thumbs\/thumbs_wds15-31.jpg?t=1502730221\"\n\t\t\tdata-image-id=\"1708\"\n\t\t\tdata-image-name=\"wds15-31.jpg\"\n\t\t\tdata-title=\"wds15-31\"\n\t\t\tdata-description=\"stand Club Italiano Lagotto\"\n\t\t\tdata-image-slug=\"wds15-31\"\n\t\t\t\t\t\t\t\t\t\t\t\t\t\t\t\t\t\t\t\tclass=\"ngg-fancybox\" rel=\"b8a4be8ac47a16283abeaceda33c9351\">\n\t\t\t\t\t\t\t\t<img\n\t\t\t\t\ttitle=\"wds15-31\"\n\t\t\t\t\talt=\"wds15-31\"\n\t\t\t\t\tsrc=\"http:\/\/www.lagottoromagnolo.org\/wp-content\/gallery\/expo15\/thumbs\/thumbs_wds15-31.jpg?t=1502730221\"\n\t\t\t\t\twidth=\"100\"\n\t\t\t\t\theight=\"75\"\n\t\t\t\t\tstyle=\"max-width:100%;\"\n\t\t\t\t\/>\n\t\t\t<\/a>\n\t\t<\/div>\n\t\t\t\t\t\t\t<\/div>\n\t\t\t\n\t\t\t\t<div id=\"ngg-image-31\" class=\"ngg-gallery-thumbnail-box\n\t\t\t\t\t\t\t\tngg-6-columns\t\t\t\"\n\t\t\t>\n\t\t\t\t\t\t<div class=\"ngg-gallery-thumbnail\">\n\t\t<a href=\"http:\/\/www.lagottoromagnolo.org\/wp-content\/gallery\/expo15\/wds15-32.jpg?t=1502730221\"\n\t\t\ttitle=\"stand Club Italiano Lagotto\"\n\t\t\tdata-src=\"http:\/\/www.lagottoromagnolo.org\/wp-content\/gallery\/expo15\/wds15-32.jpg?t=1502730221\"\n\t\t\tdata-thumbnail=\"http:\/\/www.lagottoromagnolo.org\/wp-content\/gallery\/expo15\/thumbs\/thumbs_wds15-32.jpg?t=1502730221\"\n\t\t\tdata-image-id=\"1709\"\n\t\t\tdata-image-name=\"wds15-32.jpg\"\n\t\t\tdata-title=\"wds15-32\"\n\t\t\tdata-description=\"stand Club Italiano Lagotto\"\n\t\t\tdata-image-slug=\"wds15-32\"\n\t\t\t\t\t\t\t\t\t\t\t\t\t\t\t\t\t\t\t\tclass=\"ngg-fancybox\" rel=\"b8a4be8ac47a16283abeaceda33c9351\">\n\t\t\t\t\t\t\t\t<img\n\t\t\t\t\ttitle=\"wds15-32\"\n\t\t\t\t\talt=\"wds15-32\"\n\t\t\t\t\tsrc=\"http:\/\/www.lagottoromagnolo.org\/wp-content\/gallery\/expo15\/thumbs\/thumbs_wds15-32.jpg?t=1502730221\"\n\t\t\t\t\twidth=\"100\"\n\t\t\t\t\theight=\"75\"\n\t\t\t\t\tstyle=\"max-width:100%;\"\n\t\t\t\t\/>\n\t\t\t<\/a>\n\t\t<\/div>\n\t\t\t\t\t\t\t<\/div>\n\t\t\t\n\t\n\t<br style=\"clear: both\" \/>\n\n\t\n\t\t<div class=\"ngg-clear\"><\/div>\n\t<\/div>\n<\/p>\n<hr \/>\n<p style=\"text-align: left;\"><a id=\"torino\"><\/a><span style=\"font-size: 6pt;\">.<\/span><\/p>\n<p style=\"text-align: center;\"><strong>ESPOSIZIONE NAZIONALE \u2013 MOSTRA SPECIALE<\/strong><\/p>\n<p style=\"text-align: center;\"><strong>TORINO<\/strong><br \/>\n4 luglio 2015<\/p>\n<p style=\"text-align: center;\">Giudice <strong>Giovanni Morsiani<\/strong>, 16 iscritti<\/p>\n<p style=\"text-align: center;\">ngg_shortcode_5_placeholder<\/p>\n<p style=\"text-align: center;\"><strong>bob Il Granaio dei Malatesta DEMETRIO<\/strong> all. Benelli M. prop. Tonelli O.<br \/>\n<strong>bos PERDINDIRINDINA della Taparina<\/strong> all. e prop. Farn\u00e8 M.<\/p>\n<p><strong>Campioni maschi:\u00a0<\/strong>1\u00b0 ecc cacib, miglior maschio, bob\u00a0Il Granaio dei Malatesta DEMETRIO all. Benelli M. prop. Tonelli O.<br \/>\n<strong>Libera maschi:\u00a0<\/strong>1\u00b0 ecc ris.cac PAOLO della Taparina all. Farn\u00e8 M. prop. Venturini A.,\u00a02\u00b0 ecc ROY dei Re D\u2019Abruzzo all. Milillo D. prop. Langianni A.<br \/>\n<strong>Intermedia maschi:\u00a0<\/strong>1\u00b0 ecc cac LUPIN di Campoleone all. e prop. Rondinini L.,\u00a02\u00b0 ecc BRENT di Terra Incognita all. e prop. All. Terra Incognita,\u00a03\u00b0 ecc QUASIMODO della Taparina all. e prop. All. della Taparina<br \/>\n<strong>Veterani maschi:\u00a0<\/strong>1\u00b0 ecc GRECCIO del Amici per Sempre all. Frei C. prop. Fauth E.<\/p>\n<p><strong>Libera femmine:\u00a0<\/strong>1\u00b0 ecc ris.cac, ris.cacib MICHELA della Taparina all. Farn\u00e8 M. prop. Nicoli L.,\u00a02\u00b0 ecc LARA di Campoleone all. Rondinini L. prop. Langianni A.<br \/>\n<strong>Intermedia femmine:\u00a0<\/strong>1\u00b0 ecc cac, cacib, miglior femmina, bos PERDINDIRINDINA della Taparina all. e prop. Farn\u00e8 M.,\u00a02\u00b0 ecc QUINTESSENZA della Taparina all. Farn\u00e8 M. prop. Santini E.<br \/>\n<strong>Giovani femmine:\u00a0<\/strong>1\u00b0 ecc miglior giovane SAMPDORIA della Taparina all. e prop. Farn\u00e8 M.<\/p>\n<p><!-- default-view.php -->\n<div\n\tclass=\"ngg-galleryoverview default-view\n\t\t\"\n\tid=\"ngg-gallery-5099d1c17acfc1954d8002f00046a117-1\"\n\tdata-nextgen-gallery-id=\"150\"\n\tdata-gallery-id=\"150\"\n\t\tdata-gallery-name=\"expo15\"\n\t>\n\n\t\t<!-- Thumbnails -->\n\t\t\t\t<div id=\"ngg-image-0\" class=\"ngg-gallery-thumbnail-box\n\t\t\t\t\t\t\t\tngg-6-columns\t\t\t\"\n\t\t\t>\n\t\t\t\t\t\t<div class=\"ngg-gallery-thumbnail\">\n\t\t<a href=\"http:\/\/www.lagottoromagnolo.org\/wp-content\/gallery\/expo15\/torino15-01.jpg?t=1502744912\"\n\t\t\ttitle=\"Campioni maschi: 1\u00b0 ecc cacib, miglior maschio, bob Il Granaio dei Malatesta DEMETRIO\"\n\t\t\tdata-src=\"http:\/\/www.lagottoromagnolo.org\/wp-content\/gallery\/expo15\/torino15-01.jpg?t=1502744912\"\n\t\t\tdata-thumbnail=\"http:\/\/www.lagottoromagnolo.org\/wp-content\/gallery\/expo15\/thumbs\/thumbs_torino15-01.jpg?t=1502744912\"\n\t\t\tdata-image-id=\"1710\"\n\t\t\tdata-image-name=\"torino15-01.jpg\"\n\t\t\tdata-title=\"torino15-01\"\n\t\t\tdata-description=\"Campioni maschi: 1\u00b0 ecc cacib, miglior maschio, bob Il Granaio dei Malatesta DEMETRIO\"\n\t\t\tdata-image-slug=\"torino15-01\"\n\t\t\t\t\t\t\t\t\t\t\t\t\t\t\t\t\t\t\t\tclass=\"ngg-fancybox\" rel=\"5099d1c17acfc1954d8002f00046a117\">\n\t\t\t\t\t\t\t\t<img\n\t\t\t\t\ttitle=\"torino15-01\"\n\t\t\t\t\talt=\"torino15-01\"\n\t\t\t\t\tsrc=\"http:\/\/www.lagottoromagnolo.org\/wp-content\/gallery\/expo15\/thumbs\/thumbs_torino15-01.jpg?t=1502744912\"\n\t\t\t\t\twidth=\"100\"\n\t\t\t\t\theight=\"75\"\n\t\t\t\t\tstyle=\"max-width:100%;\"\n\t\t\t\t\/>\n\t\t\t<\/a>\n\t\t<\/div>\n\t\t\t\t\t\t\t<\/div>\n\t\t\t\n\t\t\t\t<div id=\"ngg-image-1\" class=\"ngg-gallery-thumbnail-box\n\t\t\t\t\t\t\t\tngg-6-columns\t\t\t\"\n\t\t\t>\n\t\t\t\t\t\t<div class=\"ngg-gallery-thumbnail\">\n\t\t<a href=\"http:\/\/www.lagottoromagnolo.org\/wp-content\/gallery\/expo15\/torino15-02.jpg?t=1502730221\"\n\t\t\ttitle=\"Libera maschi: 1\u00b0 ecc ris.cac PAOLO della Taparina\"\n\t\t\tdata-src=\"http:\/\/www.lagottoromagnolo.org\/wp-content\/gallery\/expo15\/torino15-02.jpg?t=1502730221\"\n\t\t\tdata-thumbnail=\"http:\/\/www.lagottoromagnolo.org\/wp-content\/gallery\/expo15\/thumbs\/thumbs_torino15-02.jpg?t=1502730221\"\n\t\t\tdata-image-id=\"1711\"\n\t\t\tdata-image-name=\"torino15-02.jpg\"\n\t\t\tdata-title=\"torino15-02\"\n\t\t\tdata-description=\"Libera maschi: 1\u00b0 ecc ris.cac PAOLO della Taparina\"\n\t\t\tdata-image-slug=\"torino15-02\"\n\t\t\t\t\t\t\t\t\t\t\t\t\t\t\t\t\t\t\t\tclass=\"ngg-fancybox\" rel=\"5099d1c17acfc1954d8002f00046a117\">\n\t\t\t\t\t\t\t\t<img\n\t\t\t\t\ttitle=\"torino15-02\"\n\t\t\t\t\talt=\"torino15-02\"\n\t\t\t\t\tsrc=\"http:\/\/www.lagottoromagnolo.org\/wp-content\/gallery\/expo15\/thumbs\/thumbs_torino15-02.jpg?t=1502730221\"\n\t\t\t\t\twidth=\"100\"\n\t\t\t\t\theight=\"75\"\n\t\t\t\t\tstyle=\"max-width:100%;\"\n\t\t\t\t\/>\n\t\t\t<\/a>\n\t\t<\/div>\n\t\t\t\t\t\t\t<\/div>\n\t\t\t\n\t\t\t\t<div id=\"ngg-image-2\" class=\"ngg-gallery-thumbnail-box\n\t\t\t\t\t\t\t\tngg-6-columns\t\t\t\"\n\t\t\t>\n\t\t\t\t\t\t<div class=\"ngg-gallery-thumbnail\">\n\t\t<a href=\"http:\/\/www.lagottoromagnolo.org\/wp-content\/gallery\/expo15\/torino15-03.jpg?t=1502730221\"\n\t\t\ttitle=\"cac LUPIN di Campoleone &amp; ris.cac PAOLO della Taparina\"\n\t\t\tdata-src=\"http:\/\/www.lagottoromagnolo.org\/wp-content\/gallery\/expo15\/torino15-03.jpg?t=1502730221\"\n\t\t\tdata-thumbnail=\"http:\/\/www.lagottoromagnolo.org\/wp-content\/gallery\/expo15\/thumbs\/thumbs_torino15-03.jpg?t=1502730221\"\n\t\t\tdata-image-id=\"1712\"\n\t\t\tdata-image-name=\"torino15-03.jpg\"\n\t\t\tdata-title=\"torino15-03\"\n\t\t\tdata-description=\"cac LUPIN di Campoleone &amp; ris.cac PAOLO della Taparina\"\n\t\t\tdata-image-slug=\"torino15-03\"\n\t\t\t\t\t\t\t\t\t\t\t\t\t\t\t\t\t\t\t\tclass=\"ngg-fancybox\" rel=\"5099d1c17acfc1954d8002f00046a117\">\n\t\t\t\t\t\t\t\t<img\n\t\t\t\t\ttitle=\"torino15-03\"\n\t\t\t\t\talt=\"torino15-03\"\n\t\t\t\t\tsrc=\"http:\/\/www.lagottoromagnolo.org\/wp-content\/gallery\/expo15\/thumbs\/thumbs_torino15-03.jpg?t=1502730221\"\n\t\t\t\t\twidth=\"100\"\n\t\t\t\t\theight=\"75\"\n\t\t\t\t\tstyle=\"max-width:100%;\"\n\t\t\t\t\/>\n\t\t\t<\/a>\n\t\t<\/div>\n\t\t\t\t\t\t\t<\/div>\n\t\t\t\n\t\t\t\t<div id=\"ngg-image-3\" class=\"ngg-gallery-thumbnail-box\n\t\t\t\t\t\t\t\tngg-6-columns\t\t\t\"\n\t\t\t>\n\t\t\t\t\t\t<div class=\"ngg-gallery-thumbnail\">\n\t\t<a href=\"http:\/\/www.lagottoromagnolo.org\/wp-content\/gallery\/expo15\/torino15-04.jpg?t=1502730221\"\n\t\t\ttitle=\"cacib Il Granaio dei Malatesta DEMETRIO &amp; ris cacib LUPIN di Campoleone\"\n\t\t\tdata-src=\"http:\/\/www.lagottoromagnolo.org\/wp-content\/gallery\/expo15\/torino15-04.jpg?t=1502730221\"\n\t\t\tdata-thumbnail=\"http:\/\/www.lagottoromagnolo.org\/wp-content\/gallery\/expo15\/thumbs\/thumbs_torino15-04.jpg?t=1502730221\"\n\t\t\tdata-image-id=\"1713\"\n\t\t\tdata-image-name=\"torino15-04.jpg\"\n\t\t\tdata-title=\"torino15-04\"\n\t\t\tdata-description=\"cacib Il Granaio dei Malatesta DEMETRIO &amp; ris cacib LUPIN di Campoleone\"\n\t\t\tdata-image-slug=\"torino15-04\"\n\t\t\t\t\t\t\t\t\t\t\t\t\t\t\t\t\t\t\t\tclass=\"ngg-fancybox\" rel=\"5099d1c17acfc1954d8002f00046a117\">\n\t\t\t\t\t\t\t\t<img\n\t\t\t\t\ttitle=\"torino15-04\"\n\t\t\t\t\talt=\"torino15-04\"\n\t\t\t\t\tsrc=\"http:\/\/www.lagottoromagnolo.org\/wp-content\/gallery\/expo15\/thumbs\/thumbs_torino15-04.jpg?t=1502730221\"\n\t\t\t\t\twidth=\"100\"\n\t\t\t\t\theight=\"75\"\n\t\t\t\t\tstyle=\"max-width:100%;\"\n\t\t\t\t\/>\n\t\t\t<\/a>\n\t\t<\/div>\n\t\t\t\t\t\t\t<\/div>\n\t\t\t\n\t\t\t\t<div id=\"ngg-image-4\" class=\"ngg-gallery-thumbnail-box\n\t\t\t\t\t\t\t\tngg-6-columns\t\t\t\"\n\t\t\t>\n\t\t\t\t\t\t<div class=\"ngg-gallery-thumbnail\">\n\t\t<a href=\"http:\/\/www.lagottoromagnolo.org\/wp-content\/gallery\/expo15\/torino15-05.jpg?t=1502730221\"\n\t\t\ttitle=\"cacib Il Granaio dei Malatesta DEMETRIO &amp; ris cacib LUPIN di Campoleone\"\n\t\t\tdata-src=\"http:\/\/www.lagottoromagnolo.org\/wp-content\/gallery\/expo15\/torino15-05.jpg?t=1502730221\"\n\t\t\tdata-thumbnail=\"http:\/\/www.lagottoromagnolo.org\/wp-content\/gallery\/expo15\/thumbs\/thumbs_torino15-05.jpg?t=1502730221\"\n\t\t\tdata-image-id=\"1714\"\n\t\t\tdata-image-name=\"torino15-05.jpg\"\n\t\t\tdata-title=\"torino15-05\"\n\t\t\tdata-description=\"cacib Il Granaio dei Malatesta DEMETRIO &amp; ris cacib LUPIN di Campoleone\"\n\t\t\tdata-image-slug=\"torino15-05\"\n\t\t\t\t\t\t\t\t\t\t\t\t\t\t\t\t\t\t\t\tclass=\"ngg-fancybox\" rel=\"5099d1c17acfc1954d8002f00046a117\">\n\t\t\t\t\t\t\t\t<img\n\t\t\t\t\ttitle=\"torino15-05\"\n\t\t\t\t\talt=\"torino15-05\"\n\t\t\t\t\tsrc=\"http:\/\/www.lagottoromagnolo.org\/wp-content\/gallery\/expo15\/thumbs\/thumbs_torino15-05.jpg?t=1502730221\"\n\t\t\t\t\twidth=\"100\"\n\t\t\t\t\theight=\"75\"\n\t\t\t\t\tstyle=\"max-width:100%;\"\n\t\t\t\t\/>\n\t\t\t<\/a>\n\t\t<\/div>\n\t\t\t\t\t\t\t<\/div>\n\t\t\t\n\t\t\t\t<div id=\"ngg-image-5\" class=\"ngg-gallery-thumbnail-box\n\t\t\t\t\t\t\t\tngg-6-columns\t\t\t\"\n\t\t\t>\n\t\t\t\t\t\t<div class=\"ngg-gallery-thumbnail\">\n\t\t<a href=\"http:\/\/www.lagottoromagnolo.org\/wp-content\/gallery\/expo15\/torino15-06.jpg?t=1502730221\"\n\t\t\ttitle=\"Veterani maschi: 1\u00b0 ecc GRECCIO del Amici per Sempre\"\n\t\t\tdata-src=\"http:\/\/www.lagottoromagnolo.org\/wp-content\/gallery\/expo15\/torino15-06.jpg?t=1502730221\"\n\t\t\tdata-thumbnail=\"http:\/\/www.lagottoromagnolo.org\/wp-content\/gallery\/expo15\/thumbs\/thumbs_torino15-06.jpg?t=1502730221\"\n\t\t\tdata-image-id=\"1715\"\n\t\t\tdata-image-name=\"torino15-06.jpg\"\n\t\t\tdata-title=\"torino15-06\"\n\t\t\tdata-description=\"Veterani maschi: 1\u00b0 ecc GRECCIO del Amici per Sempre\"\n\t\t\tdata-image-slug=\"torino15-06\"\n\t\t\t\t\t\t\t\t\t\t\t\t\t\t\t\t\t\t\t\tclass=\"ngg-fancybox\" rel=\"5099d1c17acfc1954d8002f00046a117\">\n\t\t\t\t\t\t\t\t<img\n\t\t\t\t\ttitle=\"torino15-06\"\n\t\t\t\t\talt=\"torino15-06\"\n\t\t\t\t\tsrc=\"http:\/\/www.lagottoromagnolo.org\/wp-content\/gallery\/expo15\/thumbs\/thumbs_torino15-06.jpg?t=1502730221\"\n\t\t\t\t\twidth=\"100\"\n\t\t\t\t\theight=\"75\"\n\t\t\t\t\tstyle=\"max-width:100%;\"\n\t\t\t\t\/>\n\t\t\t<\/a>\n\t\t<\/div>\n\t\t\t\t\t\t\t<\/div>\n\t\t\t\n\t\t\t\t<div id=\"ngg-image-6\" class=\"ngg-gallery-thumbnail-box\n\t\t\t\t\t\t\t\tngg-6-columns\t\t\t\"\n\t\t\t>\n\t\t\t\t\t\t<div class=\"ngg-gallery-thumbnail\">\n\t\t<a href=\"http:\/\/www.lagottoromagnolo.org\/wp-content\/gallery\/expo15\/torino15-07.jpg?t=1502730221\"\n\t\t\ttitle=\"Libera femmine: 1\u00b0 ecc ris.cac, ris.cacib MICHELA della Taparina 2\u00b0 ecc LARA di Campoleone\"\n\t\t\tdata-src=\"http:\/\/www.lagottoromagnolo.org\/wp-content\/gallery\/expo15\/torino15-07.jpg?t=1502730221\"\n\t\t\tdata-thumbnail=\"http:\/\/www.lagottoromagnolo.org\/wp-content\/gallery\/expo15\/thumbs\/thumbs_torino15-07.jpg?t=1502730221\"\n\t\t\tdata-image-id=\"1716\"\n\t\t\tdata-image-name=\"torino15-07.jpg\"\n\t\t\tdata-title=\"torino15-07\"\n\t\t\tdata-description=\"Libera femmine: 1\u00b0 ecc ris.cac, ris.cacib MICHELA della Taparina 2\u00b0 ecc LARA di Campoleone\"\n\t\t\tdata-image-slug=\"torino15-07\"\n\t\t\t\t\t\t\t\t\t\t\t\t\t\t\t\t\t\t\t\tclass=\"ngg-fancybox\" rel=\"5099d1c17acfc1954d8002f00046a117\">\n\t\t\t\t\t\t\t\t<img\n\t\t\t\t\ttitle=\"torino15-07\"\n\t\t\t\t\talt=\"torino15-07\"\n\t\t\t\t\tsrc=\"http:\/\/www.lagottoromagnolo.org\/wp-content\/gallery\/expo15\/thumbs\/thumbs_torino15-07.jpg?t=1502730221\"\n\t\t\t\t\twidth=\"100\"\n\t\t\t\t\theight=\"75\"\n\t\t\t\t\tstyle=\"max-width:100%;\"\n\t\t\t\t\/>\n\t\t\t<\/a>\n\t\t<\/div>\n\t\t\t\t\t\t\t<\/div>\n\t\t\t\n\t\t\t\t<div id=\"ngg-image-7\" class=\"ngg-gallery-thumbnail-box\n\t\t\t\t\t\t\t\tngg-6-columns\t\t\t\"\n\t\t\t>\n\t\t\t\t\t\t<div class=\"ngg-gallery-thumbnail\">\n\t\t<a href=\"http:\/\/www.lagottoromagnolo.org\/wp-content\/gallery\/expo15\/torino15-08.jpg?t=1502730221\"\n\t\t\ttitle=\"cac, cacib, miglior femmina, bos PERDINDIRINDINA della Taparina ris.cac, ris.cacib MICHELA della Taparina\"\n\t\t\tdata-src=\"http:\/\/www.lagottoromagnolo.org\/wp-content\/gallery\/expo15\/torino15-08.jpg?t=1502730221\"\n\t\t\tdata-thumbnail=\"http:\/\/www.lagottoromagnolo.org\/wp-content\/gallery\/expo15\/thumbs\/thumbs_torino15-08.jpg?t=1502730221\"\n\t\t\tdata-image-id=\"1717\"\n\t\t\tdata-image-name=\"torino15-08.jpg\"\n\t\t\tdata-title=\"torino15-08\"\n\t\t\tdata-description=\"cac, cacib, miglior femmina, bos PERDINDIRINDINA della Taparina ris.cac, ris.cacib MICHELA della Taparina\"\n\t\t\tdata-image-slug=\"torino15-08\"\n\t\t\t\t\t\t\t\t\t\t\t\t\t\t\t\t\t\t\t\tclass=\"ngg-fancybox\" rel=\"5099d1c17acfc1954d8002f00046a117\">\n\t\t\t\t\t\t\t\t<img\n\t\t\t\t\ttitle=\"torino15-08\"\n\t\t\t\t\talt=\"torino15-08\"\n\t\t\t\t\tsrc=\"http:\/\/www.lagottoromagnolo.org\/wp-content\/gallery\/expo15\/thumbs\/thumbs_torino15-08.jpg?t=1502730221\"\n\t\t\t\t\twidth=\"100\"\n\t\t\t\t\theight=\"75\"\n\t\t\t\t\tstyle=\"max-width:100%;\"\n\t\t\t\t\/>\n\t\t\t<\/a>\n\t\t<\/div>\n\t\t\t\t\t\t\t<\/div>\n\t\t\t\n\t\t\t\t<div id=\"ngg-image-8\" class=\"ngg-gallery-thumbnail-box\n\t\t\t\t\t\t\t\tngg-6-columns\t\t\t\"\n\t\t\t>\n\t\t\t\t\t\t<div class=\"ngg-gallery-thumbnail\">\n\t\t<a href=\"http:\/\/www.lagottoromagnolo.org\/wp-content\/gallery\/expo15\/torino15-09.jpg?t=1502730221\"\n\t\t\ttitle=\"Giovani femmine: 1\u00b0 ecc miglior giovane SAMPDORIA della Taparina\"\n\t\t\tdata-src=\"http:\/\/www.lagottoromagnolo.org\/wp-content\/gallery\/expo15\/torino15-09.jpg?t=1502730221\"\n\t\t\tdata-thumbnail=\"http:\/\/www.lagottoromagnolo.org\/wp-content\/gallery\/expo15\/thumbs\/thumbs_torino15-09.jpg?t=1502730221\"\n\t\t\tdata-image-id=\"1718\"\n\t\t\tdata-image-name=\"torino15-09.jpg\"\n\t\t\tdata-title=\"torino15-09\"\n\t\t\tdata-description=\"Giovani femmine: 1\u00b0 ecc miglior giovane SAMPDORIA della Taparina\"\n\t\t\tdata-image-slug=\"torino15-09\"\n\t\t\t\t\t\t\t\t\t\t\t\t\t\t\t\t\t\t\t\tclass=\"ngg-fancybox\" rel=\"5099d1c17acfc1954d8002f00046a117\">\n\t\t\t\t\t\t\t\t<img\n\t\t\t\t\ttitle=\"torino15-09\"\n\t\t\t\t\talt=\"torino15-09\"\n\t\t\t\t\tsrc=\"http:\/\/www.lagottoromagnolo.org\/wp-content\/gallery\/expo15\/thumbs\/thumbs_torino15-09.jpg?t=1502730221\"\n\t\t\t\t\twidth=\"100\"\n\t\t\t\t\theight=\"75\"\n\t\t\t\t\tstyle=\"max-width:100%;\"\n\t\t\t\t\/>\n\t\t\t<\/a>\n\t\t<\/div>\n\t\t\t\t\t\t\t<\/div>\n\t\t\t\n\t\t\t\t<div id=\"ngg-image-9\" class=\"ngg-gallery-thumbnail-box\n\t\t\t\t\t\t\t\tngg-6-columns\t\t\t\"\n\t\t\t>\n\t\t\t\t\t\t<div class=\"ngg-gallery-thumbnail\">\n\t\t<a href=\"http:\/\/www.lagottoromagnolo.org\/wp-content\/gallery\/expo15\/torino15-10.jpg?t=1502730221\"\n\t\t\ttitle=\"I due migliori soggetti della mostra bob Il Granaio dei Malatesta DEMETRIO bos PERDINDIRINDINA della Taparina\"\n\t\t\tdata-src=\"http:\/\/www.lagottoromagnolo.org\/wp-content\/gallery\/expo15\/torino15-10.jpg?t=1502730221\"\n\t\t\tdata-thumbnail=\"http:\/\/www.lagottoromagnolo.org\/wp-content\/gallery\/expo15\/thumbs\/thumbs_torino15-10.jpg?t=1502730221\"\n\t\t\tdata-image-id=\"1719\"\n\t\t\tdata-image-name=\"torino15-10.jpg\"\n\t\t\tdata-title=\"torino15-10\"\n\t\t\tdata-description=\"I due migliori soggetti della mostra bob Il Granaio dei Malatesta DEMETRIO bos PERDINDIRINDINA della Taparina\"\n\t\t\tdata-image-slug=\"torino15-10\"\n\t\t\t\t\t\t\t\t\t\t\t\t\t\t\t\t\t\t\t\tclass=\"ngg-fancybox\" rel=\"5099d1c17acfc1954d8002f00046a117\">\n\t\t\t\t\t\t\t\t<img\n\t\t\t\t\ttitle=\"torino15-10\"\n\t\t\t\t\talt=\"torino15-10\"\n\t\t\t\t\tsrc=\"http:\/\/www.lagottoromagnolo.org\/wp-content\/gallery\/expo15\/thumbs\/thumbs_torino15-10.jpg?t=1502730221\"\n\t\t\t\t\twidth=\"100\"\n\t\t\t\t\theight=\"75\"\n\t\t\t\t\tstyle=\"max-width:100%;\"\n\t\t\t\t\/>\n\t\t\t<\/a>\n\t\t<\/div>\n\t\t\t\t\t\t\t<\/div>\n\t\t\t\n\t\t\t\t<div id=\"ngg-image-10\" class=\"ngg-gallery-thumbnail-box\n\t\t\t\t\t\t\t\tngg-6-columns\t\t\t\"\n\t\t\t>\n\t\t\t\t\t\t<div class=\"ngg-gallery-thumbnail\">\n\t\t<a href=\"http:\/\/www.lagottoromagnolo.org\/wp-content\/gallery\/expo15\/torino15-11.jpg?t=1553022520\"\n\t\t\ttitle=\"I due migliori soggetti della mostra bob Il Granaio dei Malatesta DEMETRIO bos PERDINDIRINDINA della Taparina\"\n\t\t\tdata-src=\"http:\/\/www.lagottoromagnolo.org\/wp-content\/gallery\/expo15\/torino15-11.jpg?t=1553022520\"\n\t\t\tdata-thumbnail=\"http:\/\/www.lagottoromagnolo.org\/wp-content\/gallery\/expo15\/thumbs\/thumbs_torino15-11.jpg?t=1553022520\"\n\t\t\tdata-image-id=\"1720\"\n\t\t\tdata-image-name=\"torino15-11.jpg\"\n\t\t\tdata-title=\"torino15-11\"\n\t\t\tdata-description=\"I due migliori soggetti della mostra bob Il Granaio dei Malatesta DEMETRIO bos PERDINDIRINDINA della Taparina\"\n\t\t\tdata-image-slug=\"torino15-11\"\n\t\t\t\t\t\t\t\t\t\t\t\t\t\t\t\t\t\t\t\tclass=\"ngg-fancybox\" rel=\"5099d1c17acfc1954d8002f00046a117\">\n\t\t\t\t\t\t\t\t<img\n\t\t\t\t\ttitle=\"torino15-11\"\n\t\t\t\t\talt=\"torino15-11\"\n\t\t\t\t\tsrc=\"http:\/\/www.lagottoromagnolo.org\/wp-content\/gallery\/expo15\/thumbs\/thumbs_torino15-11.jpg?t=1553022520\"\n\t\t\t\t\twidth=\"100\"\n\t\t\t\t\theight=\"75\"\n\t\t\t\t\tstyle=\"max-width:100%;\"\n\t\t\t\t\/>\n\t\t\t<\/a>\n\t\t<\/div>\n\t\t\t\t\t\t\t<\/div>\n\t\t\t\n\t\t\t\t<div id=\"ngg-image-11\" class=\"ngg-gallery-thumbnail-box\n\t\t\t\t\t\t\t\tngg-6-columns\t\t\t\"\n\t\t\t>\n\t\t\t\t\t\t<div class=\"ngg-gallery-thumbnail\">\n\t\t<a href=\"http:\/\/www.lagottoromagnolo.org\/wp-content\/gallery\/expo15\/mfrad15-02.jpg?t=1502737999\"\n\t\t\ttitle=\"Libera maschi: 1\u00b0 ecc cac ANDY dei Colli Irpini all. Marinelli C. prop. Gennaro S., b FURBO dello Spirito del Bosco all. e prop. Stalder D., b FULMINE all. Bellomo T. prop. Ianotta N., b MILO dei Colli Irpini all. Marinelli C. prop. Galasso E.\"\n\t\t\tdata-src=\"http:\/\/www.lagottoromagnolo.org\/wp-content\/gallery\/expo15\/mfrad15-02.jpg?t=1502737999\"\n\t\t\tdata-thumbnail=\"http:\/\/www.lagottoromagnolo.org\/wp-content\/gallery\/expo15\/thumbs\/thumbs_mfrad15-02.jpg?t=1502737999\"\n\t\t\tdata-image-id=\"1788\"\n\t\t\tdata-image-name=\"mfrad15-02.jpg\"\n\t\t\tdata-title=\"mfrad15-02\"\n\t\t\tdata-description=\"Libera maschi: 1\u00b0 ecc cac ANDY dei Colli Irpini all. Marinelli C. prop. Gennaro S., b FURBO dello Spirito del Bosco all. e prop. Stalder D., b FULMINE all. Bellomo T. prop. Ianotta N., b MILO dei Colli Irpini all. Marinelli C. prop. Galasso E.\"\n\t\t\tdata-image-slug=\"mfrad15-02\"\n\t\t\t\t\t\t\t\t\t\t\t\t\t\t\t\t\t\t\t\tclass=\"ngg-fancybox\" rel=\"5099d1c17acfc1954d8002f00046a117\">\n\t\t\t\t\t\t\t\t<img\n\t\t\t\t\ttitle=\"mfrad15-02\"\n\t\t\t\t\talt=\"mfrad15-02\"\n\t\t\t\t\tsrc=\"http:\/\/www.lagottoromagnolo.org\/wp-content\/gallery\/expo15\/thumbs\/thumbs_mfrad15-02.jpg?t=1502737999\"\n\t\t\t\t\twidth=\"100\"\n\t\t\t\t\theight=\"75\"\n\t\t\t\t\tstyle=\"max-width:100%;\"\n\t\t\t\t\/>\n\t\t\t<\/a>\n\t\t<\/div>\n\t\t\t\t\t\t\t<\/div>\n\t\t\t\n\t\n\t<br style=\"clear: both\" \/>\n\n\t\n\t\t<div class=\"ngg-clear\"><\/div>\n\t<\/div>\n<\/p>\n<hr \/>\n<p style=\"text-align: left;\"><a id=\"montefredane\"><\/a><span style=\"font-size: 6pt;\">.<\/span><\/p>\n<p style=\"text-align: center;\"><strong>RADUNO NAZIONALE C.I.L.<\/strong><\/p>\n<p style=\"text-align: center;\"><strong>MONTEFREDANE<\/strong><br \/>\n12 luglio 2015<\/p>\n<p style=\"text-align: center;\">Giudice <strong>Domenico Milillo<\/strong>, 36 iscritti<\/p>\n<p style=\"text-align: center;\">ngg_shortcode_6_placeholder<\/p>\n<p style=\"text-align: center;\"><strong>bob NOE\u2019 del Monte della Dea<\/strong> all. Caira F. prop. Marcelli M.<br \/>\n<strong>bos<\/strong> <strong>GAIA<\/strong> all. Petronsi A. prop. Orlandi G.<\/p>\n<p><strong>Campioni maschi:\u00a0<\/strong>1\u00b0 ecc miglior maschio bob NOE\u2019 del Monte della Dea all. Caira F. prop. Marcelli M.<br \/>\n<strong>Libera maschi:\u00a0<\/strong>1\u00b0 ecc cac ANDY dei Colli Irpini all. Marinelli C. prop. Gennaro S.,\u00a0b FURBO dello Spirito del Bosco all. e prop. Stalder D.,\u00a0b FULMINE all. Bellomo T. prop. Ianotta N.,\u00a0b MILO dei Colli Irpini all. Marinelli C. prop. Galasso E.<br \/>\n<strong>Lavoro maschi:\u00a0<\/strong>1\u00b0 ecc cac DREW del Peschio Vicale all. e prop. Orlandi G.,\u00a02\u00b0 mb ZEUS all. Foianesi G. prop. Bassi F.<br \/>\n<strong>Intermedia maschi:\u00a0<\/strong>b CARLO all. e prop. Petrillo A.<br \/>\n<strong>Giovani maschi:\u00a0<\/strong>b DRERORO all. Ravagli R. prop. Gioia C.<br \/>\n<strong>Juniores maschi:\u00a0<\/strong>1\u00b0 mp miglior juniores DRAGO del Monte Drago all. e prop. Palumbo A.<br \/>\n<strong>Cuccioli maschi:\u00a0<\/strong>1\u00b0 mp miglior cucciolo DOSSO DOSSI all. Pedrazzini G. prop. Imparato R.,\u00a02\u00b0 mp ARES del Monte Drago all. e prop. Leone D.<\/p>\n<p><strong>Campioni femmine:\u00a0<\/strong>1\u00b0 ecc ADA all. Adesso G. prop. De Venezia E.<br \/>\n<strong>Libera femmine:\u00a0<\/strong>1\u00b0 mb Il Granaio dei Malatesta FIONA all. Benelli M. prop. Palumbo A.,\u00a02\u00b0 mb DIVA dello Spirito del Bosco all. e prop. Stalder D.,\u00a03\u00b0 mb BELIZA dello Spiroto del Bosco all. e prop. Stalder D., 4\u00b0\u00a0mb LUNA dei Colli Irpini all. Marinelli C. prop. Salerno G.<br \/>\n<strong>Lavoro femmine:\u00a0<\/strong>1\u00b0 ecc cac LUNA dei Re D\u2019Abruzzo all. Milillo D. prop. Greco A.,\u00a02\u00b0 ecc RICCIA dei Colli Irpini all. Marinelli C. prop. Tirelli G.<br \/>\n<strong>Intermedia femmine:\u00a0<\/strong>1\u00b0 mb MARGHERITA all. e prop. Caporale G.,\u00a02\u00b0 mb PERLA aall. Palumbi D. prop. Coppola A.<br \/>\n<strong>Giovani femmine:\u00a0<\/strong>1\u00b0 ecc miglior giovane, miglior femmina, bos GAIA all. Petronsi A. prop. Orlandi G.,\u00a02\u00b0 ecc Regun NIVA all. e prop. Tanos L.<br \/>\n<strong>Juniores femmine:\u00a0<\/strong>b LILLA all. Finessi C. prop. Pagliei C.\u00a0b DAFNE del Monte Drago all. Palumbo A. prop. Leone D.<br \/>\n<strong>Cuccioli femmine:\u00a0<\/strong>1\u00b0 mp HONEY BEE dello Spirito del Bosco all. e prop. Stalder D.<\/p>\n<p><!-- default-view.php -->\n<div\n\tclass=\"ngg-galleryoverview default-view\n\t\t\"\n\tid=\"ngg-gallery-b27b69a8e8af4946680c4bad6d5c707c-1\"\n\tdata-nextgen-gallery-id=\"150\"\n\tdata-gallery-id=\"150\"\n\t\tdata-gallery-name=\"expo15\"\n\t>\n\n\t\t<!-- Thumbnails -->\n\t\t\t\t<div id=\"ngg-image-0\" class=\"ngg-gallery-thumbnail-box\n\t\t\t\t\t\t\t\tngg-6-columns\t\t\t\"\n\t\t\t>\n\t\t\t\t\t\t<div class=\"ngg-gallery-thumbnail\">\n\t\t<a href=\"http:\/\/www.lagottoromagnolo.org\/wp-content\/gallery\/expo15\/mfrad15-01.jpg?t=1502744913\"\n\t\t\ttitle=\"Campioni maschi: 1\u00b0 ecc miglior maschio bob NOE\u2019 del Monte della Dea all. Caira F. prop. Marcelli M.\"\n\t\t\tdata-src=\"http:\/\/www.lagottoromagnolo.org\/wp-content\/gallery\/expo15\/mfrad15-01.jpg?t=1502744913\"\n\t\t\tdata-thumbnail=\"http:\/\/www.lagottoromagnolo.org\/wp-content\/gallery\/expo15\/thumbs\/thumbs_mfrad15-01.jpg?t=1502744913\"\n\t\t\tdata-image-id=\"1787\"\n\t\t\tdata-image-name=\"mfrad15-01.jpg\"\n\t\t\tdata-title=\"mfrad15-01\"\n\t\t\tdata-description=\"Campioni maschi: 1\u00b0 ecc miglior maschio bob NOE\u2019 del Monte della Dea all. Caira F. prop. Marcelli M.\"\n\t\t\tdata-image-slug=\"mfrad15-01\"\n\t\t\t\t\t\t\t\t\t\t\t\t\t\t\t\t\t\t\t\tclass=\"ngg-fancybox\" rel=\"b27b69a8e8af4946680c4bad6d5c707c\">\n\t\t\t\t\t\t\t\t<img\n\t\t\t\t\ttitle=\"mfrad15-01\"\n\t\t\t\t\talt=\"mfrad15-01\"\n\t\t\t\t\tsrc=\"http:\/\/www.lagottoromagnolo.org\/wp-content\/gallery\/expo15\/thumbs\/thumbs_mfrad15-01.jpg?t=1502744913\"\n\t\t\t\t\twidth=\"100\"\n\t\t\t\t\theight=\"75\"\n\t\t\t\t\tstyle=\"max-width:100%;\"\n\t\t\t\t\/>\n\t\t\t<\/a>\n\t\t<\/div>\n\t\t\t\t\t\t\t<\/div>\n\t\t\t\n\t\t\t\t<div id=\"ngg-image-1\" class=\"ngg-gallery-thumbnail-box\n\t\t\t\t\t\t\t\tngg-6-columns\t\t\t\"\n\t\t\t>\n\t\t\t\t\t\t<div class=\"ngg-gallery-thumbnail\">\n\t\t<a href=\"http:\/\/www.lagottoromagnolo.org\/wp-content\/gallery\/expo15\/mfrad15-02.jpg?t=1502737999\"\n\t\t\ttitle=\"Libera maschi: 1\u00b0 ecc cac ANDY dei Colli Irpini all. Marinelli C. prop. Gennaro S., b FURBO dello Spirito del Bosco all. e prop. Stalder D., b FULMINE all. Bellomo T. prop. Ianotta N., b MILO dei Colli Irpini all. Marinelli C. prop. Galasso E.\"\n\t\t\tdata-src=\"http:\/\/www.lagottoromagnolo.org\/wp-content\/gallery\/expo15\/mfrad15-02.jpg?t=1502737999\"\n\t\t\tdata-thumbnail=\"http:\/\/www.lagottoromagnolo.org\/wp-content\/gallery\/expo15\/thumbs\/thumbs_mfrad15-02.jpg?t=1502737999\"\n\t\t\tdata-image-id=\"1788\"\n\t\t\tdata-image-name=\"mfrad15-02.jpg\"\n\t\t\tdata-title=\"mfrad15-02\"\n\t\t\tdata-description=\"Libera maschi: 1\u00b0 ecc cac ANDY dei Colli Irpini all. Marinelli C. prop. Gennaro S., b FURBO dello Spirito del Bosco all. e prop. Stalder D., b FULMINE all. Bellomo T. prop. Ianotta N., b MILO dei Colli Irpini all. Marinelli C. prop. Galasso E.\"\n\t\t\tdata-image-slug=\"mfrad15-02\"\n\t\t\t\t\t\t\t\t\t\t\t\t\t\t\t\t\t\t\t\tclass=\"ngg-fancybox\" rel=\"b27b69a8e8af4946680c4bad6d5c707c\">\n\t\t\t\t\t\t\t\t<img\n\t\t\t\t\ttitle=\"mfrad15-02\"\n\t\t\t\t\talt=\"mfrad15-02\"\n\t\t\t\t\tsrc=\"http:\/\/www.lagottoromagnolo.org\/wp-content\/gallery\/expo15\/thumbs\/thumbs_mfrad15-02.jpg?t=1502737999\"\n\t\t\t\t\twidth=\"100\"\n\t\t\t\t\theight=\"75\"\n\t\t\t\t\tstyle=\"max-width:100%;\"\n\t\t\t\t\/>\n\t\t\t<\/a>\n\t\t<\/div>\n\t\t\t\t\t\t\t<\/div>\n\t\t\t\n\t\t\t\t<div id=\"ngg-image-2\" class=\"ngg-gallery-thumbnail-box\n\t\t\t\t\t\t\t\tngg-6-columns\t\t\t\"\n\t\t\t>\n\t\t\t\t\t\t<div class=\"ngg-gallery-thumbnail\">\n\t\t<a href=\"http:\/\/www.lagottoromagnolo.org\/wp-content\/gallery\/expo15\/mfrad15-03.jpg?t=1502737999\"\n\t\t\ttitle=\"Lavoro maschi: 1\u00b0 ecc cac DREW del Peschio Vicale all. e prop. Orlandi G., 2\u00b0 mb ZEUS all. Foianesi G. prop. Bassi F.\"\n\t\t\tdata-src=\"http:\/\/www.lagottoromagnolo.org\/wp-content\/gallery\/expo15\/mfrad15-03.jpg?t=1502737999\"\n\t\t\tdata-thumbnail=\"http:\/\/www.lagottoromagnolo.org\/wp-content\/gallery\/expo15\/thumbs\/thumbs_mfrad15-03.jpg?t=1502737999\"\n\t\t\tdata-image-id=\"1789\"\n\t\t\tdata-image-name=\"mfrad15-03.jpg\"\n\t\t\tdata-title=\"mfrad15-03\"\n\t\t\tdata-description=\"Lavoro maschi: 1\u00b0 ecc cac DREW del Peschio Vicale all. e prop. Orlandi G., 2\u00b0 mb ZEUS all. Foianesi G. prop. Bassi F.\"\n\t\t\tdata-image-slug=\"mfrad15-03\"\n\t\t\t\t\t\t\t\t\t\t\t\t\t\t\t\t\t\t\t\tclass=\"ngg-fancybox\" rel=\"b27b69a8e8af4946680c4bad6d5c707c\">\n\t\t\t\t\t\t\t\t<img\n\t\t\t\t\ttitle=\"mfrad15-03\"\n\t\t\t\t\talt=\"mfrad15-03\"\n\t\t\t\t\tsrc=\"http:\/\/www.lagottoromagnolo.org\/wp-content\/gallery\/expo15\/thumbs\/thumbs_mfrad15-03.jpg?t=1502737999\"\n\t\t\t\t\twidth=\"100\"\n\t\t\t\t\theight=\"75\"\n\t\t\t\t\tstyle=\"max-width:100%;\"\n\t\t\t\t\/>\n\t\t\t<\/a>\n\t\t<\/div>\n\t\t\t\t\t\t\t<\/div>\n\t\t\t\n\t\t\t\t<div id=\"ngg-image-3\" class=\"ngg-gallery-thumbnail-box\n\t\t\t\t\t\t\t\tngg-6-columns\t\t\t\"\n\t\t\t>\n\t\t\t\t\t\t<div class=\"ngg-gallery-thumbnail\">\n\t\t<a href=\"http:\/\/www.lagottoromagnolo.org\/wp-content\/gallery\/expo15\/mfrad15-04.jpg?t=1502737999\"\n\t\t\ttitle=\"Intermedia maschi: b CARLO all. e prop. Petrillo A.\"\n\t\t\tdata-src=\"http:\/\/www.lagottoromagnolo.org\/wp-content\/gallery\/expo15\/mfrad15-04.jpg?t=1502737999\"\n\t\t\tdata-thumbnail=\"http:\/\/www.lagottoromagnolo.org\/wp-content\/gallery\/expo15\/thumbs\/thumbs_mfrad15-04.jpg?t=1502737999\"\n\t\t\tdata-image-id=\"1790\"\n\t\t\tdata-image-name=\"mfrad15-04.jpg\"\n\t\t\tdata-title=\"mfrad15-04\"\n\t\t\tdata-description=\"Intermedia maschi: b CARLO all. e prop. Petrillo A.\"\n\t\t\tdata-image-slug=\"mfrad15-04\"\n\t\t\t\t\t\t\t\t\t\t\t\t\t\t\t\t\t\t\t\tclass=\"ngg-fancybox\" rel=\"b27b69a8e8af4946680c4bad6d5c707c\">\n\t\t\t\t\t\t\t\t<img\n\t\t\t\t\ttitle=\"mfrad15-04\"\n\t\t\t\t\talt=\"mfrad15-04\"\n\t\t\t\t\tsrc=\"http:\/\/www.lagottoromagnolo.org\/wp-content\/gallery\/expo15\/thumbs\/thumbs_mfrad15-04.jpg?t=1502737999\"\n\t\t\t\t\twidth=\"100\"\n\t\t\t\t\theight=\"75\"\n\t\t\t\t\tstyle=\"max-width:100%;\"\n\t\t\t\t\/>\n\t\t\t<\/a>\n\t\t<\/div>\n\t\t\t\t\t\t\t<\/div>\n\t\t\t\n\t\t\t\t<div id=\"ngg-image-4\" class=\"ngg-gallery-thumbnail-box\n\t\t\t\t\t\t\t\tngg-6-columns\t\t\t\"\n\t\t\t>\n\t\t\t\t\t\t<div class=\"ngg-gallery-thumbnail\">\n\t\t<a href=\"http:\/\/www.lagottoromagnolo.org\/wp-content\/gallery\/expo15\/mfrad15-05.jpg?t=1502741656\"\n\t\t\ttitle=\"Giovani maschi: b DRERORO all. Ravagli R. prop. Gioia C.\"\n\t\t\tdata-src=\"http:\/\/www.lagottoromagnolo.org\/wp-content\/gallery\/expo15\/mfrad15-05.jpg?t=1502741656\"\n\t\t\tdata-thumbnail=\"http:\/\/www.lagottoromagnolo.org\/wp-content\/gallery\/expo15\/thumbs\/thumbs_mfrad15-05.jpg?t=1502741656\"\n\t\t\tdata-image-id=\"1791\"\n\t\t\tdata-image-name=\"mfrad15-05.jpg\"\n\t\t\tdata-title=\"mfrad15-05\"\n\t\t\tdata-description=\"Giovani maschi: b DRERORO all. Ravagli R. prop. Gioia C.\"\n\t\t\tdata-image-slug=\"mfrad15-05\"\n\t\t\t\t\t\t\t\t\t\t\t\t\t\t\t\t\t\t\t\tclass=\"ngg-fancybox\" rel=\"b27b69a8e8af4946680c4bad6d5c707c\">\n\t\t\t\t\t\t\t\t<img\n\t\t\t\t\ttitle=\"mfrad15-05\"\n\t\t\t\t\talt=\"mfrad15-05\"\n\t\t\t\t\tsrc=\"http:\/\/www.lagottoromagnolo.org\/wp-content\/gallery\/expo15\/thumbs\/thumbs_mfrad15-05.jpg?t=1502741656\"\n\t\t\t\t\twidth=\"100\"\n\t\t\t\t\theight=\"75\"\n\t\t\t\t\tstyle=\"max-width:100%;\"\n\t\t\t\t\/>\n\t\t\t<\/a>\n\t\t<\/div>\n\t\t\t\t\t\t\t<\/div>\n\t\t\t\n\t\t\t\t<div id=\"ngg-image-5\" class=\"ngg-gallery-thumbnail-box\n\t\t\t\t\t\t\t\tngg-6-columns\t\t\t\"\n\t\t\t>\n\t\t\t\t\t\t<div class=\"ngg-gallery-thumbnail\">\n\t\t<a href=\"http:\/\/www.lagottoromagnolo.org\/wp-content\/gallery\/expo15\/mfrad15-06.jpg?t=1502741656\"\n\t\t\ttitle=\"Juniores maschi: 1\u00b0 mp miglior juniores DRAGO del Monte Drago all. e prop. Palumbo A.\"\n\t\t\tdata-src=\"http:\/\/www.lagottoromagnolo.org\/wp-content\/gallery\/expo15\/mfrad15-06.jpg?t=1502741656\"\n\t\t\tdata-thumbnail=\"http:\/\/www.lagottoromagnolo.org\/wp-content\/gallery\/expo15\/thumbs\/thumbs_mfrad15-06.jpg?t=1502741656\"\n\t\t\tdata-image-id=\"1792\"\n\t\t\tdata-image-name=\"mfrad15-06.jpg\"\n\t\t\tdata-title=\"mfrad15-06\"\n\t\t\tdata-description=\"Juniores maschi: 1\u00b0 mp miglior juniores DRAGO del Monte Drago all. e prop. Palumbo A.\"\n\t\t\tdata-image-slug=\"mfrad15-06\"\n\t\t\t\t\t\t\t\t\t\t\t\t\t\t\t\t\t\t\t\tclass=\"ngg-fancybox\" rel=\"b27b69a8e8af4946680c4bad6d5c707c\">\n\t\t\t\t\t\t\t\t<img\n\t\t\t\t\ttitle=\"mfrad15-06\"\n\t\t\t\t\talt=\"mfrad15-06\"\n\t\t\t\t\tsrc=\"http:\/\/www.lagottoromagnolo.org\/wp-content\/gallery\/expo15\/thumbs\/thumbs_mfrad15-06.jpg?t=1502741656\"\n\t\t\t\t\twidth=\"100\"\n\t\t\t\t\theight=\"75\"\n\t\t\t\t\tstyle=\"max-width:100%;\"\n\t\t\t\t\/>\n\t\t\t<\/a>\n\t\t<\/div>\n\t\t\t\t\t\t\t<\/div>\n\t\t\t\n\t\t\t\t<div id=\"ngg-image-6\" class=\"ngg-gallery-thumbnail-box\n\t\t\t\t\t\t\t\tngg-6-columns\t\t\t\"\n\t\t\t>\n\t\t\t\t\t\t<div class=\"ngg-gallery-thumbnail\">\n\t\t<a href=\"http:\/\/www.lagottoromagnolo.org\/wp-content\/gallery\/expo15\/mfrad15-07.jpg?t=1502741656\"\n\t\t\ttitle=\"Cuccioli maschi: 1\u00b0 mp migior cucciolo DOSSO DOSSI all. Pedrazzini G. prop. Imparato R., 2\u00b0 mp ARES del Monte Drago all. e prop. Leone D.\"\n\t\t\tdata-src=\"http:\/\/www.lagottoromagnolo.org\/wp-content\/gallery\/expo15\/mfrad15-07.jpg?t=1502741656\"\n\t\t\tdata-thumbnail=\"http:\/\/www.lagottoromagnolo.org\/wp-content\/gallery\/expo15\/thumbs\/thumbs_mfrad15-07.jpg?t=1502741656\"\n\t\t\tdata-image-id=\"1793\"\n\t\t\tdata-image-name=\"mfrad15-07.jpg\"\n\t\t\tdata-title=\"mfrad15-07\"\n\t\t\tdata-description=\"Cuccioli maschi: 1\u00b0 mp migior cucciolo DOSSO DOSSI all. Pedrazzini G. prop. Imparato R., 2\u00b0 mp ARES del Monte Drago all. e prop. Leone D.\"\n\t\t\tdata-image-slug=\"mfrad15-07\"\n\t\t\t\t\t\t\t\t\t\t\t\t\t\t\t\t\t\t\t\tclass=\"ngg-fancybox\" rel=\"b27b69a8e8af4946680c4bad6d5c707c\">\n\t\t\t\t\t\t\t\t<img\n\t\t\t\t\ttitle=\"mfrad15-07\"\n\t\t\t\t\talt=\"mfrad15-07\"\n\t\t\t\t\tsrc=\"http:\/\/www.lagottoromagnolo.org\/wp-content\/gallery\/expo15\/thumbs\/thumbs_mfrad15-07.jpg?t=1502741656\"\n\t\t\t\t\twidth=\"100\"\n\t\t\t\t\theight=\"75\"\n\t\t\t\t\tstyle=\"max-width:100%;\"\n\t\t\t\t\/>\n\t\t\t<\/a>\n\t\t<\/div>\n\t\t\t\t\t\t\t<\/div>\n\t\t\t\n\t\t\t\t<div id=\"ngg-image-7\" class=\"ngg-gallery-thumbnail-box\n\t\t\t\t\t\t\t\tngg-6-columns\t\t\t\"\n\t\t\t>\n\t\t\t\t\t\t<div class=\"ngg-gallery-thumbnail\">\n\t\t<a href=\"http:\/\/www.lagottoromagnolo.org\/wp-content\/gallery\/expo15\/mfrad15-08.jpg?t=1502741656\"\n\t\t\ttitle=\"Competizione miglior maschio\"\n\t\t\tdata-src=\"http:\/\/www.lagottoromagnolo.org\/wp-content\/gallery\/expo15\/mfrad15-08.jpg?t=1502741656\"\n\t\t\tdata-thumbnail=\"http:\/\/www.lagottoromagnolo.org\/wp-content\/gallery\/expo15\/thumbs\/thumbs_mfrad15-08.jpg?t=1502741656\"\n\t\t\tdata-image-id=\"1794\"\n\t\t\tdata-image-name=\"mfrad15-08.jpg\"\n\t\t\tdata-title=\"mfrad15-08\"\n\t\t\tdata-description=\"Competizione miglior maschio\"\n\t\t\tdata-image-slug=\"mfrad15-08\"\n\t\t\t\t\t\t\t\t\t\t\t\t\t\t\t\t\t\t\t\tclass=\"ngg-fancybox\" rel=\"b27b69a8e8af4946680c4bad6d5c707c\">\n\t\t\t\t\t\t\t\t<img\n\t\t\t\t\ttitle=\"mfrad15-08\"\n\t\t\t\t\talt=\"mfrad15-08\"\n\t\t\t\t\tsrc=\"http:\/\/www.lagottoromagnolo.org\/wp-content\/gallery\/expo15\/thumbs\/thumbs_mfrad15-08.jpg?t=1502741656\"\n\t\t\t\t\twidth=\"100\"\n\t\t\t\t\theight=\"75\"\n\t\t\t\t\tstyle=\"max-width:100%;\"\n\t\t\t\t\/>\n\t\t\t<\/a>\n\t\t<\/div>\n\t\t\t\t\t\t\t<\/div>\n\t\t\t\n\t\t\t\t<div id=\"ngg-image-8\" class=\"ngg-gallery-thumbnail-box\n\t\t\t\t\t\t\t\tngg-6-columns\t\t\t\"\n\t\t\t>\n\t\t\t\t\t\t<div class=\"ngg-gallery-thumbnail\">\n\t\t<a href=\"http:\/\/www.lagottoromagnolo.org\/wp-content\/gallery\/expo15\/mfrad15-09.jpg?t=1502741656\"\n\t\t\ttitle=\"miglior maschio bob NOE\u2019 del Monte della Dea all. Caira F. prop. Marcelli M.\"\n\t\t\tdata-src=\"http:\/\/www.lagottoromagnolo.org\/wp-content\/gallery\/expo15\/mfrad15-09.jpg?t=1502741656\"\n\t\t\tdata-thumbnail=\"http:\/\/www.lagottoromagnolo.org\/wp-content\/gallery\/expo15\/thumbs\/thumbs_mfrad15-09.jpg?t=1502741656\"\n\t\t\tdata-image-id=\"1795\"\n\t\t\tdata-image-name=\"mfrad15-09.jpg\"\n\t\t\tdata-title=\"mfrad15-09\"\n\t\t\tdata-description=\"miglior maschio bob NOE\u2019 del Monte della Dea all. Caira F. prop. Marcelli M.\"\n\t\t\tdata-image-slug=\"mfrad15-09\"\n\t\t\t\t\t\t\t\t\t\t\t\t\t\t\t\t\t\t\t\tclass=\"ngg-fancybox\" rel=\"b27b69a8e8af4946680c4bad6d5c707c\">\n\t\t\t\t\t\t\t\t<img\n\t\t\t\t\ttitle=\"mfrad15-09\"\n\t\t\t\t\talt=\"mfrad15-09\"\n\t\t\t\t\tsrc=\"http:\/\/www.lagottoromagnolo.org\/wp-content\/gallery\/expo15\/thumbs\/thumbs_mfrad15-09.jpg?t=1502741656\"\n\t\t\t\t\twidth=\"100\"\n\t\t\t\t\theight=\"75\"\n\t\t\t\t\tstyle=\"max-width:100%;\"\n\t\t\t\t\/>\n\t\t\t<\/a>\n\t\t<\/div>\n\t\t\t\t\t\t\t<\/div>\n\t\t\t\n\t\t\t\t<div id=\"ngg-image-9\" class=\"ngg-gallery-thumbnail-box\n\t\t\t\t\t\t\t\tngg-6-columns\t\t\t\"\n\t\t\t>\n\t\t\t\t\t\t<div class=\"ngg-gallery-thumbnail\">\n\t\t<a href=\"http:\/\/www.lagottoromagnolo.org\/wp-content\/gallery\/expo15\/mfrad15-10.jpg?t=1502741656\"\n\t\t\ttitle=\"Campioni femmine: 1\u00b0 ecc ADA all. Adesso G. prop. De Venezia E.\"\n\t\t\tdata-src=\"http:\/\/www.lagottoromagnolo.org\/wp-content\/gallery\/expo15\/mfrad15-10.jpg?t=1502741656\"\n\t\t\tdata-thumbnail=\"http:\/\/www.lagottoromagnolo.org\/wp-content\/gallery\/expo15\/thumbs\/thumbs_mfrad15-10.jpg?t=1502741656\"\n\t\t\tdata-image-id=\"1796\"\n\t\t\tdata-image-name=\"mfrad15-10.jpg\"\n\t\t\tdata-title=\"mfrad15-10\"\n\t\t\tdata-description=\"Campioni femmine: 1\u00b0 ecc ADA all. Adesso G. prop. De Venezia E.\"\n\t\t\tdata-image-slug=\"mfrad15-10\"\n\t\t\t\t\t\t\t\t\t\t\t\t\t\t\t\t\t\t\t\tclass=\"ngg-fancybox\" rel=\"b27b69a8e8af4946680c4bad6d5c707c\">\n\t\t\t\t\t\t\t\t<img\n\t\t\t\t\ttitle=\"mfrad15-10\"\n\t\t\t\t\talt=\"mfrad15-10\"\n\t\t\t\t\tsrc=\"http:\/\/www.lagottoromagnolo.org\/wp-content\/gallery\/expo15\/thumbs\/thumbs_mfrad15-10.jpg?t=1502741656\"\n\t\t\t\t\twidth=\"100\"\n\t\t\t\t\theight=\"75\"\n\t\t\t\t\tstyle=\"max-width:100%;\"\n\t\t\t\t\/>\n\t\t\t<\/a>\n\t\t<\/div>\n\t\t\t\t\t\t\t<\/div>\n\t\t\t\n\t\t\t\t<div id=\"ngg-image-10\" class=\"ngg-gallery-thumbnail-box\n\t\t\t\t\t\t\t\tngg-6-columns\t\t\t\"\n\t\t\t>\n\t\t\t\t\t\t<div class=\"ngg-gallery-thumbnail\">\n\t\t<a href=\"http:\/\/www.lagottoromagnolo.org\/wp-content\/gallery\/expo15\/mfrad15-11.jpg?t=1502741656\"\n\t\t\ttitle=\"Libera femmine: 1\u00b0 mb Il Granaio dei Malatesta FIONA all. Benelli M. prop. Palumbo A., 2\u00b0 mb DIVA dello Spirito del Bosco all. e prop. Stalder D., 3\u00b0 mb BELIZA dello Spiroto del Bosco all. e prop. Stalder D., 4\u00b0 mb LUNA dei Colli Irpini all. Marinelli C. prop. Salerno G.\"\n\t\t\tdata-src=\"http:\/\/www.lagottoromagnolo.org\/wp-content\/gallery\/expo15\/mfrad15-11.jpg?t=1502741656\"\n\t\t\tdata-thumbnail=\"http:\/\/www.lagottoromagnolo.org\/wp-content\/gallery\/expo15\/thumbs\/thumbs_mfrad15-11.jpg?t=1502741656\"\n\t\t\tdata-image-id=\"1797\"\n\t\t\tdata-image-name=\"mfrad15-11.jpg\"\n\t\t\tdata-title=\"mfrad15-11\"\n\t\t\tdata-description=\"Libera femmine: 1\u00b0 mb Il Granaio dei Malatesta FIONA all. Benelli M. prop. Palumbo A., 2\u00b0 mb DIVA dello Spirito del Bosco all. e prop. Stalder D., 3\u00b0 mb BELIZA dello Spiroto del Bosco all. e prop. Stalder D., 4\u00b0 mb LUNA dei Colli Irpini all. Marinelli C. prop. Salerno G.\"\n\t\t\tdata-image-slug=\"mfrad15-11\"\n\t\t\t\t\t\t\t\t\t\t\t\t\t\t\t\t\t\t\t\tclass=\"ngg-fancybox\" rel=\"b27b69a8e8af4946680c4bad6d5c707c\">\n\t\t\t\t\t\t\t\t<img\n\t\t\t\t\ttitle=\"mfrad15-11\"\n\t\t\t\t\talt=\"mfrad15-11\"\n\t\t\t\t\tsrc=\"http:\/\/www.lagottoromagnolo.org\/wp-content\/gallery\/expo15\/thumbs\/thumbs_mfrad15-11.jpg?t=1502741656\"\n\t\t\t\t\twidth=\"100\"\n\t\t\t\t\theight=\"75\"\n\t\t\t\t\tstyle=\"max-width:100%;\"\n\t\t\t\t\/>\n\t\t\t<\/a>\n\t\t<\/div>\n\t\t\t\t\t\t\t<\/div>\n\t\t\t\n\t\t\t\t<div id=\"ngg-image-11\" class=\"ngg-gallery-thumbnail-box\n\t\t\t\t\t\t\t\tngg-6-columns\t\t\t\"\n\t\t\t>\n\t\t\t\t\t\t<div class=\"ngg-gallery-thumbnail\">\n\t\t<a href=\"http:\/\/www.lagottoromagnolo.org\/wp-content\/gallery\/expo15\/mfrad15-12.jpg?t=1502741656\"\n\t\t\ttitle=\"Lavoro femmine: 1\u00b0 ecc cac LUNA dei Re D\u2019Abruzzo all. Milillo D. prop. Greco A., 2\u00b0 ecc RICCIA dei Colli Irpini all. Marinelli C. prop. Tirelli G.\"\n\t\t\tdata-src=\"http:\/\/www.lagottoromagnolo.org\/wp-content\/gallery\/expo15\/mfrad15-12.jpg?t=1502741656\"\n\t\t\tdata-thumbnail=\"http:\/\/www.lagottoromagnolo.org\/wp-content\/gallery\/expo15\/thumbs\/thumbs_mfrad15-12.jpg?t=1502741656\"\n\t\t\tdata-image-id=\"1798\"\n\t\t\tdata-image-name=\"mfrad15-12.jpg\"\n\t\t\tdata-title=\"mfrad15-12\"\n\t\t\tdata-description=\"Lavoro femmine: 1\u00b0 ecc cac LUNA dei Re D\u2019Abruzzo all. Milillo D. prop. Greco A., 2\u00b0 ecc RICCIA dei Colli Irpini all. Marinelli C. prop. Tirelli G.\"\n\t\t\tdata-image-slug=\"mfrad15-12\"\n\t\t\t\t\t\t\t\t\t\t\t\t\t\t\t\t\t\t\t\tclass=\"ngg-fancybox\" rel=\"b27b69a8e8af4946680c4bad6d5c707c\">\n\t\t\t\t\t\t\t\t<img\n\t\t\t\t\ttitle=\"mfrad15-12\"\n\t\t\t\t\talt=\"mfrad15-12\"\n\t\t\t\t\tsrc=\"http:\/\/www.lagottoromagnolo.org\/wp-content\/gallery\/expo15\/thumbs\/thumbs_mfrad15-12.jpg?t=1502741656\"\n\t\t\t\t\twidth=\"100\"\n\t\t\t\t\theight=\"75\"\n\t\t\t\t\tstyle=\"max-width:100%;\"\n\t\t\t\t\/>\n\t\t\t<\/a>\n\t\t<\/div>\n\t\t\t\t\t\t\t<\/div>\n\t\t\t\n\t\t\t\t<div id=\"ngg-image-12\" class=\"ngg-gallery-thumbnail-box\n\t\t\t\t\t\t\t\tngg-6-columns\t\t\t\"\n\t\t\t>\n\t\t\t\t\t\t<div class=\"ngg-gallery-thumbnail\">\n\t\t<a href=\"http:\/\/www.lagottoromagnolo.org\/wp-content\/gallery\/expo15\/mfrad15-13.jpg?t=1502741656\"\n\t\t\ttitle=\"Intermedia femmine: 1\u00b0 mb MARGHERITA all. e prop. Caporale G., 2\u00b0 mb PERLA aall. Palumbi D. prop. Coppola A.\"\n\t\t\tdata-src=\"http:\/\/www.lagottoromagnolo.org\/wp-content\/gallery\/expo15\/mfrad15-13.jpg?t=1502741656\"\n\t\t\tdata-thumbnail=\"http:\/\/www.lagottoromagnolo.org\/wp-content\/gallery\/expo15\/thumbs\/thumbs_mfrad15-13.jpg?t=1502741656\"\n\t\t\tdata-image-id=\"1799\"\n\t\t\tdata-image-name=\"mfrad15-13.jpg\"\n\t\t\tdata-title=\"mfrad15-13\"\n\t\t\tdata-description=\"Intermedia femmine: 1\u00b0 mb MARGHERITA all. e prop. Caporale G., 2\u00b0 mb PERLA aall. Palumbi D. prop. Coppola A.\"\n\t\t\tdata-image-slug=\"mfrad15-13\"\n\t\t\t\t\t\t\t\t\t\t\t\t\t\t\t\t\t\t\t\tclass=\"ngg-fancybox\" rel=\"b27b69a8e8af4946680c4bad6d5c707c\">\n\t\t\t\t\t\t\t\t<img\n\t\t\t\t\ttitle=\"mfrad15-13\"\n\t\t\t\t\talt=\"mfrad15-13\"\n\t\t\t\t\tsrc=\"http:\/\/www.lagottoromagnolo.org\/wp-content\/gallery\/expo15\/thumbs\/thumbs_mfrad15-13.jpg?t=1502741656\"\n\t\t\t\t\twidth=\"100\"\n\t\t\t\t\theight=\"75\"\n\t\t\t\t\tstyle=\"max-width:100%;\"\n\t\t\t\t\/>\n\t\t\t<\/a>\n\t\t<\/div>\n\t\t\t\t\t\t\t<\/div>\n\t\t\t\n\t\t\t\t<div id=\"ngg-image-13\" class=\"ngg-gallery-thumbnail-box\n\t\t\t\t\t\t\t\tngg-6-columns\t\t\t\"\n\t\t\t>\n\t\t\t\t\t\t<div class=\"ngg-gallery-thumbnail\">\n\t\t<a href=\"http:\/\/www.lagottoromagnolo.org\/wp-content\/gallery\/expo15\/mfrad15-14.jpg?t=1502741656\"\n\t\t\ttitle=\"Giovani femmine: 1\u00b0 ecc miglior giovane, miglior femmina, bos GAIA all. Petronsi A. prop. Orlandi G., 2\u00b0 ecc Regun NIVA all. e prop. Tanos L.\"\n\t\t\tdata-src=\"http:\/\/www.lagottoromagnolo.org\/wp-content\/gallery\/expo15\/mfrad15-14.jpg?t=1502741656\"\n\t\t\tdata-thumbnail=\"http:\/\/www.lagottoromagnolo.org\/wp-content\/gallery\/expo15\/thumbs\/thumbs_mfrad15-14.jpg?t=1502741656\"\n\t\t\tdata-image-id=\"1800\"\n\t\t\tdata-image-name=\"mfrad15-14.jpg\"\n\t\t\tdata-title=\"mfrad15-14\"\n\t\t\tdata-description=\"Giovani femmine: 1\u00b0 ecc miglior giovane, miglior femmina, bos GAIA all. Petronsi A. prop. Orlandi G., 2\u00b0 ecc Regun NIVA all. e prop. Tanos L.\"\n\t\t\tdata-image-slug=\"mfrad15-14\"\n\t\t\t\t\t\t\t\t\t\t\t\t\t\t\t\t\t\t\t\tclass=\"ngg-fancybox\" rel=\"b27b69a8e8af4946680c4bad6d5c707c\">\n\t\t\t\t\t\t\t\t<img\n\t\t\t\t\ttitle=\"mfrad15-14\"\n\t\t\t\t\talt=\"mfrad15-14\"\n\t\t\t\t\tsrc=\"http:\/\/www.lagottoromagnolo.org\/wp-content\/gallery\/expo15\/thumbs\/thumbs_mfrad15-14.jpg?t=1502741656\"\n\t\t\t\t\twidth=\"100\"\n\t\t\t\t\theight=\"75\"\n\t\t\t\t\tstyle=\"max-width:100%;\"\n\t\t\t\t\/>\n\t\t\t<\/a>\n\t\t<\/div>\n\t\t\t\t\t\t\t<\/div>\n\t\t\t\n\t\t\t\t<div id=\"ngg-image-14\" class=\"ngg-gallery-thumbnail-box\n\t\t\t\t\t\t\t\tngg-6-columns\t\t\t\"\n\t\t\t>\n\t\t\t\t\t\t<div class=\"ngg-gallery-thumbnail\">\n\t\t<a href=\"http:\/\/www.lagottoromagnolo.org\/wp-content\/gallery\/expo15\/mfrad15-15.jpg?t=1502741656\"\n\t\t\ttitle=\"Juniores femmine: b LILLA all. Finessi C. prop. Pagliei C. b DAFNE del Monte Drago all. Palumbo A. prop. Leone D.\"\n\t\t\tdata-src=\"http:\/\/www.lagottoromagnolo.org\/wp-content\/gallery\/expo15\/mfrad15-15.jpg?t=1502741656\"\n\t\t\tdata-thumbnail=\"http:\/\/www.lagottoromagnolo.org\/wp-content\/gallery\/expo15\/thumbs\/thumbs_mfrad15-15.jpg?t=1502741656\"\n\t\t\tdata-image-id=\"1801\"\n\t\t\tdata-image-name=\"mfrad15-15.jpg\"\n\t\t\tdata-title=\"mfrad15-15\"\n\t\t\tdata-description=\"Juniores femmine: b LILLA all. Finessi C. prop. Pagliei C. b DAFNE del Monte Drago all. Palumbo A. prop. Leone D.\"\n\t\t\tdata-image-slug=\"mfrad15-15\"\n\t\t\t\t\t\t\t\t\t\t\t\t\t\t\t\t\t\t\t\tclass=\"ngg-fancybox\" rel=\"b27b69a8e8af4946680c4bad6d5c707c\">\n\t\t\t\t\t\t\t\t<img\n\t\t\t\t\ttitle=\"mfrad15-15\"\n\t\t\t\t\talt=\"mfrad15-15\"\n\t\t\t\t\tsrc=\"http:\/\/www.lagottoromagnolo.org\/wp-content\/gallery\/expo15\/thumbs\/thumbs_mfrad15-15.jpg?t=1502741656\"\n\t\t\t\t\twidth=\"100\"\n\t\t\t\t\theight=\"75\"\n\t\t\t\t\tstyle=\"max-width:100%;\"\n\t\t\t\t\/>\n\t\t\t<\/a>\n\t\t<\/div>\n\t\t\t\t\t\t\t<\/div>\n\t\t\t\n\t\t\t\t<div id=\"ngg-image-15\" class=\"ngg-gallery-thumbnail-box\n\t\t\t\t\t\t\t\tngg-6-columns\t\t\t\"\n\t\t\t>\n\t\t\t\t\t\t<div class=\"ngg-gallery-thumbnail\">\n\t\t<a href=\"http:\/\/www.lagottoromagnolo.org\/wp-content\/gallery\/expo15\/mfrad15-16.jpg?t=1502741656\"\n\t\t\ttitle=\"Cuccioli femmine: 1\u00b0 mp HONEY BEE dello Spirito del Bosco all. e prop. Stalder D.\"\n\t\t\tdata-src=\"http:\/\/www.lagottoromagnolo.org\/wp-content\/gallery\/expo15\/mfrad15-16.jpg?t=1502741656\"\n\t\t\tdata-thumbnail=\"http:\/\/www.lagottoromagnolo.org\/wp-content\/gallery\/expo15\/thumbs\/thumbs_mfrad15-16.jpg?t=1502741656\"\n\t\t\tdata-image-id=\"1802\"\n\t\t\tdata-image-name=\"mfrad15-16.jpg\"\n\t\t\tdata-title=\"mfrad15-16\"\n\t\t\tdata-description=\"Cuccioli femmine: 1\u00b0 mp HONEY BEE dello Spirito del Bosco all. e prop. Stalder D.\"\n\t\t\tdata-image-slug=\"mfrad15-16\"\n\t\t\t\t\t\t\t\t\t\t\t\t\t\t\t\t\t\t\t\tclass=\"ngg-fancybox\" rel=\"b27b69a8e8af4946680c4bad6d5c707c\">\n\t\t\t\t\t\t\t\t<img\n\t\t\t\t\ttitle=\"mfrad15-16\"\n\t\t\t\t\talt=\"mfrad15-16\"\n\t\t\t\t\tsrc=\"http:\/\/www.lagottoromagnolo.org\/wp-content\/gallery\/expo15\/thumbs\/thumbs_mfrad15-16.jpg?t=1502741656\"\n\t\t\t\t\twidth=\"100\"\n\t\t\t\t\theight=\"75\"\n\t\t\t\t\tstyle=\"max-width:100%;\"\n\t\t\t\t\/>\n\t\t\t<\/a>\n\t\t<\/div>\n\t\t\t\t\t\t\t<\/div>\n\t\t\t\n\t\t\t\t<div id=\"ngg-image-16\" class=\"ngg-gallery-thumbnail-box\n\t\t\t\t\t\t\t\tngg-6-columns\t\t\t\"\n\t\t\t>\n\t\t\t\t\t\t<div class=\"ngg-gallery-thumbnail\">\n\t\t<a href=\"http:\/\/www.lagottoromagnolo.org\/wp-content\/gallery\/expo15\/mfrad15-17.jpg?t=1502741657\"\n\t\t\ttitle=\"Competizione miglio femmina\"\n\t\t\tdata-src=\"http:\/\/www.lagottoromagnolo.org\/wp-content\/gallery\/expo15\/mfrad15-17.jpg?t=1502741657\"\n\t\t\tdata-thumbnail=\"http:\/\/www.lagottoromagnolo.org\/wp-content\/gallery\/expo15\/thumbs\/thumbs_mfrad15-17.jpg?t=1502741657\"\n\t\t\tdata-image-id=\"1803\"\n\t\t\tdata-image-name=\"mfrad15-17.jpg\"\n\t\t\tdata-title=\"mfrad15-17\"\n\t\t\tdata-description=\"Competizione miglio femmina\"\n\t\t\tdata-image-slug=\"mfrad15-17\"\n\t\t\t\t\t\t\t\t\t\t\t\t\t\t\t\t\t\t\t\tclass=\"ngg-fancybox\" rel=\"b27b69a8e8af4946680c4bad6d5c707c\">\n\t\t\t\t\t\t\t\t<img\n\t\t\t\t\ttitle=\"mfrad15-17\"\n\t\t\t\t\talt=\"mfrad15-17\"\n\t\t\t\t\tsrc=\"http:\/\/www.lagottoromagnolo.org\/wp-content\/gallery\/expo15\/thumbs\/thumbs_mfrad15-17.jpg?t=1502741657\"\n\t\t\t\t\twidth=\"100\"\n\t\t\t\t\theight=\"75\"\n\t\t\t\t\tstyle=\"max-width:100%;\"\n\t\t\t\t\/>\n\t\t\t<\/a>\n\t\t<\/div>\n\t\t\t\t\t\t\t<\/div>\n\t\t\t\n\t\t\t\t<div id=\"ngg-image-17\" class=\"ngg-gallery-thumbnail-box\n\t\t\t\t\t\t\t\tngg-6-columns\t\t\t\"\n\t\t\t>\n\t\t\t\t\t\t<div class=\"ngg-gallery-thumbnail\">\n\t\t<a href=\"http:\/\/www.lagottoromagnolo.org\/wp-content\/gallery\/expo15\/mfrad15-18.jpg?t=1502741657\"\n\t\t\ttitle=\"miglior femmina, bos GAIA all. Petronsi A. prop. Orlandi G.\"\n\t\t\tdata-src=\"http:\/\/www.lagottoromagnolo.org\/wp-content\/gallery\/expo15\/mfrad15-18.jpg?t=1502741657\"\n\t\t\tdata-thumbnail=\"http:\/\/www.lagottoromagnolo.org\/wp-content\/gallery\/expo15\/thumbs\/thumbs_mfrad15-18.jpg?t=1502741657\"\n\t\t\tdata-image-id=\"1804\"\n\t\t\tdata-image-name=\"mfrad15-18.jpg\"\n\t\t\tdata-title=\"mfrad15-18\"\n\t\t\tdata-description=\"miglior femmina, bos GAIA all. Petronsi A. prop. Orlandi G.\"\n\t\t\tdata-image-slug=\"mfrad15-18\"\n\t\t\t\t\t\t\t\t\t\t\t\t\t\t\t\t\t\t\t\tclass=\"ngg-fancybox\" rel=\"b27b69a8e8af4946680c4bad6d5c707c\">\n\t\t\t\t\t\t\t\t<img\n\t\t\t\t\ttitle=\"mfrad15-18\"\n\t\t\t\t\talt=\"mfrad15-18\"\n\t\t\t\t\tsrc=\"http:\/\/www.lagottoromagnolo.org\/wp-content\/gallery\/expo15\/thumbs\/thumbs_mfrad15-18.jpg?t=1502741657\"\n\t\t\t\t\twidth=\"100\"\n\t\t\t\t\theight=\"75\"\n\t\t\t\t\tstyle=\"max-width:100%;\"\n\t\t\t\t\/>\n\t\t\t<\/a>\n\t\t<\/div>\n\t\t\t\t\t\t\t<\/div>\n\t\t\t\n\t\t\t\t<div id=\"ngg-image-18\" class=\"ngg-gallery-thumbnail-box\n\t\t\t\t\t\t\t\tngg-6-columns\t\t\t\"\n\t\t\t>\n\t\t\t\t\t\t<div class=\"ngg-gallery-thumbnail\">\n\t\t<a href=\"http:\/\/www.lagottoromagnolo.org\/wp-content\/gallery\/expo15\/mfrad15-19.jpg?t=1502741657\"\n\t\t\ttitle=\"miglior giovane, bos GAIA all. Petronsi A. prop. Orlandi G.\"\n\t\t\tdata-src=\"http:\/\/www.lagottoromagnolo.org\/wp-content\/gallery\/expo15\/mfrad15-19.jpg?t=1502741657\"\n\t\t\tdata-thumbnail=\"http:\/\/www.lagottoromagnolo.org\/wp-content\/gallery\/expo15\/thumbs\/thumbs_mfrad15-19.jpg?t=1502741657\"\n\t\t\tdata-image-id=\"1805\"\n\t\t\tdata-image-name=\"mfrad15-19.jpg\"\n\t\t\tdata-title=\"mfrad15-19\"\n\t\t\tdata-description=\"miglior giovane, bos GAIA all. Petronsi A. prop. Orlandi G.\"\n\t\t\tdata-image-slug=\"mfrad15-19\"\n\t\t\t\t\t\t\t\t\t\t\t\t\t\t\t\t\t\t\t\tclass=\"ngg-fancybox\" rel=\"b27b69a8e8af4946680c4bad6d5c707c\">\n\t\t\t\t\t\t\t\t<img\n\t\t\t\t\ttitle=\"mfrad15-19\"\n\t\t\t\t\talt=\"mfrad15-19\"\n\t\t\t\t\tsrc=\"http:\/\/www.lagottoromagnolo.org\/wp-content\/gallery\/expo15\/thumbs\/thumbs_mfrad15-19.jpg?t=1502741657\"\n\t\t\t\t\twidth=\"100\"\n\t\t\t\t\theight=\"75\"\n\t\t\t\t\tstyle=\"max-width:100%;\"\n\t\t\t\t\/>\n\t\t\t<\/a>\n\t\t<\/div>\n\t\t\t\t\t\t\t<\/div>\n\t\t\t\n\t\t\t\t<div id=\"ngg-image-19\" class=\"ngg-gallery-thumbnail-box\n\t\t\t\t\t\t\t\tngg-6-columns\t\t\t\"\n\t\t\t>\n\t\t\t\t\t\t<div class=\"ngg-gallery-thumbnail\">\n\t\t<a href=\"http:\/\/www.lagottoromagnolo.org\/wp-content\/gallery\/expo15\/mfrad15-20.jpg?t=1502741657\"\n\t\t\ttitle=\"miglior juniores DRAGO del Monte Drago all. e prop. Palumbo A.\"\n\t\t\tdata-src=\"http:\/\/www.lagottoromagnolo.org\/wp-content\/gallery\/expo15\/mfrad15-20.jpg?t=1502741657\"\n\t\t\tdata-thumbnail=\"http:\/\/www.lagottoromagnolo.org\/wp-content\/gallery\/expo15\/thumbs\/thumbs_mfrad15-20.jpg?t=1502741657\"\n\t\t\tdata-image-id=\"1806\"\n\t\t\tdata-image-name=\"mfrad15-20.jpg\"\n\t\t\tdata-title=\"mfrad15-20\"\n\t\t\tdata-description=\"miglior juniores DRAGO del Monte Drago all. e prop. Palumbo A.\"\n\t\t\tdata-image-slug=\"mfrad15-20\"\n\t\t\t\t\t\t\t\t\t\t\t\t\t\t\t\t\t\t\t\tclass=\"ngg-fancybox\" rel=\"b27b69a8e8af4946680c4bad6d5c707c\">\n\t\t\t\t\t\t\t\t<img\n\t\t\t\t\ttitle=\"mfrad15-20\"\n\t\t\t\t\talt=\"mfrad15-20\"\n\t\t\t\t\tsrc=\"http:\/\/www.lagottoromagnolo.org\/wp-content\/gallery\/expo15\/thumbs\/thumbs_mfrad15-20.jpg?t=1502741657\"\n\t\t\t\t\twidth=\"100\"\n\t\t\t\t\theight=\"75\"\n\t\t\t\t\tstyle=\"max-width:100%;\"\n\t\t\t\t\/>\n\t\t\t<\/a>\n\t\t<\/div>\n\t\t\t\t\t\t\t<\/div>\n\t\t\t\n\t\t\t\t<div id=\"ngg-image-20\" class=\"ngg-gallery-thumbnail-box\n\t\t\t\t\t\t\t\tngg-6-columns\t\t\t\"\n\t\t\t>\n\t\t\t\t\t\t<div class=\"ngg-gallery-thumbnail\">\n\t\t<a href=\"http:\/\/www.lagottoromagnolo.org\/wp-content\/gallery\/expo15\/mfrad15-21.jpg?t=1502741657\"\n\t\t\ttitle=\"miglior cucciolo DOSSO DOSSI all. Pedrazzini G. prop. Imparato R.\"\n\t\t\tdata-src=\"http:\/\/www.lagottoromagnolo.org\/wp-content\/gallery\/expo15\/mfrad15-21.jpg?t=1502741657\"\n\t\t\tdata-thumbnail=\"http:\/\/www.lagottoromagnolo.org\/wp-content\/gallery\/expo15\/thumbs\/thumbs_mfrad15-21.jpg?t=1502741657\"\n\t\t\tdata-image-id=\"1807\"\n\t\t\tdata-image-name=\"mfrad15-21.jpg\"\n\t\t\tdata-title=\"mfrad15-21\"\n\t\t\tdata-description=\"miglior cucciolo DOSSO DOSSI all. Pedrazzini G. prop. Imparato R.\"\n\t\t\tdata-image-slug=\"mfrad15-21\"\n\t\t\t\t\t\t\t\t\t\t\t\t\t\t\t\t\t\t\t\tclass=\"ngg-fancybox\" rel=\"b27b69a8e8af4946680c4bad6d5c707c\">\n\t\t\t\t\t\t\t\t<img\n\t\t\t\t\ttitle=\"mfrad15-21\"\n\t\t\t\t\talt=\"mfrad15-21\"\n\t\t\t\t\tsrc=\"http:\/\/www.lagottoromagnolo.org\/wp-content\/gallery\/expo15\/thumbs\/thumbs_mfrad15-21.jpg?t=1502741657\"\n\t\t\t\t\twidth=\"100\"\n\t\t\t\t\theight=\"75\"\n\t\t\t\t\tstyle=\"max-width:100%;\"\n\t\t\t\t\/>\n\t\t\t<\/a>\n\t\t<\/div>\n\t\t\t\t\t\t\t<\/div>\n\t\t\t\n\t\t\t\t<div id=\"ngg-image-21\" class=\"ngg-gallery-thumbnail-box\n\t\t\t\t\t\t\t\tngg-6-columns\t\t\t\"\n\t\t\t>\n\t\t\t\t\t\t<div class=\"ngg-gallery-thumbnail\">\n\t\t<a href=\"http:\/\/www.lagottoromagnolo.org\/wp-content\/gallery\/expo15\/mfrad15-22.jpg?t=1553022520\"\n\t\t\ttitle=\"bob NOE\u2019 del Monte della Dea all. Caira F. prop. Marcelli M. bos GAIA all. Petronsi A. prop. Orlandi G.\"\n\t\t\tdata-src=\"http:\/\/www.lagottoromagnolo.org\/wp-content\/gallery\/expo15\/mfrad15-22.jpg?t=1553022520\"\n\t\t\tdata-thumbnail=\"http:\/\/www.lagottoromagnolo.org\/wp-content\/gallery\/expo15\/thumbs\/thumbs_mfrad15-22.jpg?t=1553022520\"\n\t\t\tdata-image-id=\"1808\"\n\t\t\tdata-image-name=\"mfrad15-22.jpg\"\n\t\t\tdata-title=\"mfrad15-22\"\n\t\t\tdata-description=\"bob NOE\u2019 del Monte della Dea all. Caira F. prop. Marcelli M. bos GAIA all. Petronsi A. prop. Orlandi G.\"\n\t\t\tdata-image-slug=\"mfrad15-22\"\n\t\t\t\t\t\t\t\t\t\t\t\t\t\t\t\t\t\t\t\tclass=\"ngg-fancybox\" rel=\"b27b69a8e8af4946680c4bad6d5c707c\">\n\t\t\t\t\t\t\t\t<img\n\t\t\t\t\ttitle=\"mfrad15-22\"\n\t\t\t\t\talt=\"mfrad15-22\"\n\t\t\t\t\tsrc=\"http:\/\/www.lagottoromagnolo.org\/wp-content\/gallery\/expo15\/thumbs\/thumbs_mfrad15-22.jpg?t=1553022520\"\n\t\t\t\t\twidth=\"100\"\n\t\t\t\t\theight=\"75\"\n\t\t\t\t\tstyle=\"max-width:100%;\"\n\t\t\t\t\/>\n\t\t\t<\/a>\n\t\t<\/div>\n\t\t\t\t\t\t\t<\/div>\n\t\t\t\n\t\n\t<br style=\"clear: both\" \/>\n\n\t\n\t\t<div class=\"ngg-clear\"><\/div>\n\t<\/div>\n<\/p>\n<p style=\"text-align: center;\">ngg_shortcode_7_placeholder<\/p>\n<p style=\"text-align: center;\">Vincitore della combinata bellezza-lavoro <strong>NOE\u2019 del Monte della Dea<\/strong> all. Caira F. prop. e cond. Marcelli M.<\/p>\n<hr \/>\n<p style=\"text-align: left;\"><a id=\"volta\"><\/a><span style=\"font-size: 6pt;\">.<\/span><\/p>\n<p style=\"text-align: center;\"><strong>RADUNO RAZZE ITALIANE<\/strong><\/p>\n<p style=\"text-align: center;\"><strong>VOLTA MANTOVANA<\/strong><br \/>\n19 luglio 2015<\/p>\n<p style=\"text-align: center;\">Giudice <strong>Sergio Scarpellini<\/strong>, 37 partecipanti<\/p>\n<p style=\"text-align: center;\">ngg_shortcode_8_placeholder<\/p>\n<p style=\"text-align: center;\"><strong>bob Il Granaio dei Malatesta DEMETRIO<\/strong> all. Benelli M. prop. Tonelli O.<br \/>\n<strong>bos Il Granaio dei Malatesta CARLETTA<\/strong> all. e prop. Benelli M.<\/p>\n<p><strong>Campioni maschi:\u00a0<\/strong>1\u00b0 ecc miglior maschio, bob\u00a0Il Granaio dei Malatesta DEMETRIO all. Benelli M. prop. Tonelli O.,\u00a02\u00b0 ecc GINKO all. e prop. Rondinini L.<br \/>\n<strong>Libera maschi:\u00a0<\/strong>1\u00b0 ecc cac PAOLO della Taparina all. Farn\u00e8 M. prop. Venturini A.,\u00a02\u00b0 ecc ris.cac Il Granaio dei Malatesta SAURO all. e prop. Benelli M.,\u00a03\u00b0 ecc GIOVE all. Porta D. prop. Porta E.,\u00a04\u00b0 ecc DIEGO delle Gualdarie all. e prop. Bernardi S.<br \/>\n<strong>Lavoro maschi:\u00a0<\/strong>1\u00b0 ecc cac SOCRATE del Monte della Dea all. Caira F. prip. Rondinini L.,\u00a02\u00b0 ecc ris.cac ZEUS all. Foianesi G. prop. Bassi F.,\u00a03\u00b0 ecc HERMANO LOCO del Fatalbecco all. e prop. Poggini A.<br \/>\n<strong>Giovani maschi:\u00a0<\/strong>1\u00b0 ecc miglior giovane Il Granaio dei Malatesta MAURO all. e prop. Benelli M.,\u00a02\u00b0 ecc ECCOLO all. e prop. Gallerini F.,\u00a03\u00b0 ecc SAVOLDI della Taparina all. Farn\u00e8 M. prop. Chini F.<br \/>\n<strong>Juniores maschi:\u00a0<\/strong>1\u00b0 mp Kan Trace ONCE AGAIN AT AUKERO all.\u00a0Zdunic \u0160inkovi\u0107 Sabina &amp; Kan Trace prop.\u00a0Zdunic \u0160inkovi\u0107 Sabina &amp; Keith Robinson,\u00a02\u00b0 mp Il Granaio dei Malatesta QUINTILIANO all. e prop. Benelli M.,\u00a03\u00b0 mp Squeaker ALLEGRO all. e prop. Nicoli L.<br \/>\n<strong>Cuccioli maschi:\u00a0<\/strong>1\u00b0 mp miglior cucciolo SCHIZZO della Bassa Val D\u2019Elsa all e prop. Gallerini F.<br \/>\n<strong>Veterani maschi:\u00a0<\/strong>1\u00b0 ecc BIGO \u00a0all. Ammannati L. prop. Gallerini F.,\u00a02\u00b0 ecc BONGO all. Borgonovi S. prop. Grilli S.,\u00a03\u00b0 ecc RIKI del Monte della Dea all. Caira F. prop. Rondinin L.<\/p>\n<p><strong>Libera femmine:<\/strong>1\u00b0 ecc cac miglior femmina bos\u00a0Il Granaio dei Malatesta CARLETTA all. e prop. Benelli M.,\u00a02\u00b0 ecc ris.cac MIRTILLA all. Marcelli M. prop. Porta D.,\u00a03\u00b0 ecc MICHELA della Taparina all. Farn\u00e8 M. prop. Nicoli L.,\u00a04\u00b0 ecc BRITNEY all. Ballardini E. prop. Venturini A.<br \/>\n<strong>Lavoro femmine:\u00a0<\/strong>1\u00b0 ecc cac LARA di Campoleone all. Rondinin L. prop. Langianni A.,\u00a02\u00b0 ecc ris.cac DIAVOLA all. e prop. Gallerini F.,\u00a03\u00b0 ecc MALITA ALFA all. Manara L. prop. Grilli C.G., 4\u00b0 mb Di Villa Federici SOFIA all. Federici F. prop. Quadri M.<br \/>\n<strong>Intermedia femmine:\u00a0<\/strong>1\u00b0 ecc REMEDIOS Buendia di Segusia all. e prop. Quadri M.<br \/>\n<strong>Giovani femmine:\u00a0<\/strong>1\u00b0 ecc Regun NIVA all. e prop. Tanos L.<br \/>\n<strong>Juniores femmine:\u00a0<\/strong>1\u00b0 mp miglior juniores Dolce Vita JUSTINA all. Mignogna S. prop. Tonelli O.,\u00a02\u00b0 mp Il Granaio dei Malatesta QUINTINA all. e prop. Benelli M.,\u00a03\u00b0 mp Kan Trace PRINCESS VIOLA\u00a0all.\u00a0Zdunic \u0160inkovi\u0107 Sabina &amp; Kan Trace prop.\u00a0Zdunic \u0160inkovi\u0107 Sabina &amp; Keith Robinson<\/p>\n<p><!-- default-view.php -->\n<div\n\tclass=\"ngg-galleryoverview default-view\n\t\t\"\n\tid=\"ngg-gallery-0f510803ad470f1d31c4cf784b0a37fa-1\"\n\tdata-nextgen-gallery-id=\"150\"\n\tdata-gallery-id=\"150\"\n\t\tdata-gallery-name=\"expo15\"\n\t>\n\n\t\t<!-- Thumbnails -->\n\t\t\t\t<div id=\"ngg-image-0\" class=\"ngg-gallery-thumbnail-box\n\t\t\t\t\t\t\t\tngg-6-columns\t\t\t\"\n\t\t\t>\n\t\t\t\t\t\t<div class=\"ngg-gallery-thumbnail\">\n\t\t<a href=\"http:\/\/www.lagottoromagnolo.org\/wp-content\/gallery\/expo15\/vm15-01.jpg?t=1502744913\"\n\t\t\ttitle=\"Campioni maschi: 1\u00b0 ecc miglior maschio, bob Il Granaio dei Malatesta DEMETRIO all. Benelli M. prop. Tonelli O. 2\u00b0 ecc GINKO all. e prop. Rondinini L.\"\n\t\t\tdata-src=\"http:\/\/www.lagottoromagnolo.org\/wp-content\/gallery\/expo15\/vm15-01.jpg?t=1502744913\"\n\t\t\tdata-thumbnail=\"http:\/\/www.lagottoromagnolo.org\/wp-content\/gallery\/expo15\/thumbs\/thumbs_vm15-01.jpg?t=1502744913\"\n\t\t\tdata-image-id=\"1721\"\n\t\t\tdata-image-name=\"vm15-01.jpg\"\n\t\t\tdata-title=\"vm15-01\"\n\t\t\tdata-description=\"Campioni maschi: 1\u00b0 ecc miglior maschio, bob Il Granaio dei Malatesta DEMETRIO all. Benelli M. prop. Tonelli O. 2\u00b0 ecc GINKO all. e prop. Rondinini L.\"\n\t\t\tdata-image-slug=\"vm15-01\"\n\t\t\t\t\t\t\t\t\t\t\t\t\t\t\t\t\t\t\t\tclass=\"ngg-fancybox\" rel=\"0f510803ad470f1d31c4cf784b0a37fa\">\n\t\t\t\t\t\t\t\t<img\n\t\t\t\t\ttitle=\"vm15-01\"\n\t\t\t\t\talt=\"vm15-01\"\n\t\t\t\t\tsrc=\"http:\/\/www.lagottoromagnolo.org\/wp-content\/gallery\/expo15\/thumbs\/thumbs_vm15-01.jpg?t=1502744913\"\n\t\t\t\t\twidth=\"100\"\n\t\t\t\t\theight=\"75\"\n\t\t\t\t\tstyle=\"max-width:100%;\"\n\t\t\t\t\/>\n\t\t\t<\/a>\n\t\t<\/div>\n\t\t\t\t\t\t\t<\/div>\n\t\t\t\n\t\t\t\t<div id=\"ngg-image-1\" class=\"ngg-gallery-thumbnail-box\n\t\t\t\t\t\t\t\tngg-6-columns\t\t\t\"\n\t\t\t>\n\t\t\t\t\t\t<div class=\"ngg-gallery-thumbnail\">\n\t\t<a href=\"http:\/\/www.lagottoromagnolo.org\/wp-content\/gallery\/expo15\/vm15-02.jpg?t=1502730221\"\n\t\t\ttitle=\"Libera maschi: 1\u00b0 ecc cac PAOLO della Taparina all. Farn\u00e8 M. prop. Venturini A.\"\n\t\t\tdata-src=\"http:\/\/www.lagottoromagnolo.org\/wp-content\/gallery\/expo15\/vm15-02.jpg?t=1502730221\"\n\t\t\tdata-thumbnail=\"http:\/\/www.lagottoromagnolo.org\/wp-content\/gallery\/expo15\/thumbs\/thumbs_vm15-02.jpg?t=1502730221\"\n\t\t\tdata-image-id=\"1722\"\n\t\t\tdata-image-name=\"vm15-02.jpg\"\n\t\t\tdata-title=\"vm15-02\"\n\t\t\tdata-description=\"Libera maschi: 1\u00b0 ecc cac PAOLO della Taparina all. Farn\u00e8 M. prop. Venturini A.\"\n\t\t\tdata-image-slug=\"vm15-02\"\n\t\t\t\t\t\t\t\t\t\t\t\t\t\t\t\t\t\t\t\tclass=\"ngg-fancybox\" rel=\"0f510803ad470f1d31c4cf784b0a37fa\">\n\t\t\t\t\t\t\t\t<img\n\t\t\t\t\ttitle=\"vm15-02\"\n\t\t\t\t\talt=\"vm15-02\"\n\t\t\t\t\tsrc=\"http:\/\/www.lagottoromagnolo.org\/wp-content\/gallery\/expo15\/thumbs\/thumbs_vm15-02.jpg?t=1502730221\"\n\t\t\t\t\twidth=\"100\"\n\t\t\t\t\theight=\"75\"\n\t\t\t\t\tstyle=\"max-width:100%;\"\n\t\t\t\t\/>\n\t\t\t<\/a>\n\t\t<\/div>\n\t\t\t\t\t\t\t<\/div>\n\t\t\t\n\t\t\t\t<div id=\"ngg-image-2\" class=\"ngg-gallery-thumbnail-box\n\t\t\t\t\t\t\t\tngg-6-columns\t\t\t\"\n\t\t\t>\n\t\t\t\t\t\t<div class=\"ngg-gallery-thumbnail\">\n\t\t<a href=\"http:\/\/www.lagottoromagnolo.org\/wp-content\/gallery\/expo15\/vm15-03.jpg?t=1502730221\"\n\t\t\ttitle=\"Lavoro maschi: 1\u00b0 ecc cac SOCRATE del Monte della Dea all. Caira F. prip. Rondinini L. 2\u00b0 ecc ris.cac ZEUS all. Foianesi G. prop. Bassi F. 3\u00b0 ecc HERMANO LOCO del Fatalbecco all. e prop. Poggini A.\"\n\t\t\tdata-src=\"http:\/\/www.lagottoromagnolo.org\/wp-content\/gallery\/expo15\/vm15-03.jpg?t=1502730221\"\n\t\t\tdata-thumbnail=\"http:\/\/www.lagottoromagnolo.org\/wp-content\/gallery\/expo15\/thumbs\/thumbs_vm15-03.jpg?t=1502730221\"\n\t\t\tdata-image-id=\"1723\"\n\t\t\tdata-image-name=\"vm15-03.jpg\"\n\t\t\tdata-title=\"vm15-03\"\n\t\t\tdata-description=\"Lavoro maschi: 1\u00b0 ecc cac SOCRATE del Monte della Dea all. Caira F. prip. Rondinini L. 2\u00b0 ecc ris.cac ZEUS all. Foianesi G. prop. Bassi F. 3\u00b0 ecc HERMANO LOCO del Fatalbecco all. e prop. Poggini A.\"\n\t\t\tdata-image-slug=\"vm15-03\"\n\t\t\t\t\t\t\t\t\t\t\t\t\t\t\t\t\t\t\t\tclass=\"ngg-fancybox\" rel=\"0f510803ad470f1d31c4cf784b0a37fa\">\n\t\t\t\t\t\t\t\t<img\n\t\t\t\t\ttitle=\"vm15-03\"\n\t\t\t\t\talt=\"vm15-03\"\n\t\t\t\t\tsrc=\"http:\/\/www.lagottoromagnolo.org\/wp-content\/gallery\/expo15\/thumbs\/thumbs_vm15-03.jpg?t=1502730221\"\n\t\t\t\t\twidth=\"100\"\n\t\t\t\t\theight=\"75\"\n\t\t\t\t\tstyle=\"max-width:100%;\"\n\t\t\t\t\/>\n\t\t\t<\/a>\n\t\t<\/div>\n\t\t\t\t\t\t\t<\/div>\n\t\t\t\n\t\t\t\t<div id=\"ngg-image-3\" class=\"ngg-gallery-thumbnail-box\n\t\t\t\t\t\t\t\tngg-6-columns\t\t\t\"\n\t\t\t>\n\t\t\t\t\t\t<div class=\"ngg-gallery-thumbnail\">\n\t\t<a href=\"http:\/\/www.lagottoromagnolo.org\/wp-content\/gallery\/expo15\/vm15-04.jpg?t=1502730221\"\n\t\t\ttitle=\"Giovani maschi: 1\u00b0 ecc miglior giovane Il Granaio dei Malatesta MAURO all. e prop. Benelli M. 2\u00b0 ecc ECCOLO all. e prop. Gallerini F. 3\u00b0 ecc SAVOLDI della Taparina all. Farn\u00e8 M. prop. Chini F.\"\n\t\t\tdata-src=\"http:\/\/www.lagottoromagnolo.org\/wp-content\/gallery\/expo15\/vm15-04.jpg?t=1502730221\"\n\t\t\tdata-thumbnail=\"http:\/\/www.lagottoromagnolo.org\/wp-content\/gallery\/expo15\/thumbs\/thumbs_vm15-04.jpg?t=1502730221\"\n\t\t\tdata-image-id=\"1724\"\n\t\t\tdata-image-name=\"vm15-04.jpg\"\n\t\t\tdata-title=\"vm15-04\"\n\t\t\tdata-description=\"Giovani maschi: 1\u00b0 ecc miglior giovane Il Granaio dei Malatesta MAURO all. e prop. Benelli M. 2\u00b0 ecc ECCOLO all. e prop. Gallerini F. 3\u00b0 ecc SAVOLDI della Taparina all. Farn\u00e8 M. prop. Chini F.\"\n\t\t\tdata-image-slug=\"vm15-04\"\n\t\t\t\t\t\t\t\t\t\t\t\t\t\t\t\t\t\t\t\tclass=\"ngg-fancybox\" rel=\"0f510803ad470f1d31c4cf784b0a37fa\">\n\t\t\t\t\t\t\t\t<img\n\t\t\t\t\ttitle=\"vm15-04\"\n\t\t\t\t\talt=\"vm15-04\"\n\t\t\t\t\tsrc=\"http:\/\/www.lagottoromagnolo.org\/wp-content\/gallery\/expo15\/thumbs\/thumbs_vm15-04.jpg?t=1502730221\"\n\t\t\t\t\twidth=\"100\"\n\t\t\t\t\theight=\"75\"\n\t\t\t\t\tstyle=\"max-width:100%;\"\n\t\t\t\t\/>\n\t\t\t<\/a>\n\t\t<\/div>\n\t\t\t\t\t\t\t<\/div>\n\t\t\t\n\t\t\t\t<div id=\"ngg-image-4\" class=\"ngg-gallery-thumbnail-box\n\t\t\t\t\t\t\t\tngg-6-columns\t\t\t\"\n\t\t\t>\n\t\t\t\t\t\t<div class=\"ngg-gallery-thumbnail\">\n\t\t<a href=\"http:\/\/www.lagottoromagnolo.org\/wp-content\/gallery\/expo15\/vm15-05.jpg?t=1502730221\"\n\t\t\ttitle=\"Juniores maschi: 1\u00b0 mp Kan Trace ONCE AGAIN AT AUKERO all. Zdunic \u0160inkovi\u0107 Sabina &amp; Kan Trace prop. Zdunic \u0160inkovi\u0107 Sabina &amp; Keith Robinson 2\u00b0 mp Il Granaio dei Malatesta QUINTILIANO all. e prop. Benelli M. 3\u00b0 mp Squeaker ALLEGRO all. e prop. Nicoli L.\"\n\t\t\tdata-src=\"http:\/\/www.lagottoromagnolo.org\/wp-content\/gallery\/expo15\/vm15-05.jpg?t=1502730221\"\n\t\t\tdata-thumbnail=\"http:\/\/www.lagottoromagnolo.org\/wp-content\/gallery\/expo15\/thumbs\/thumbs_vm15-05.jpg?t=1502730221\"\n\t\t\tdata-image-id=\"1725\"\n\t\t\tdata-image-name=\"vm15-05.jpg\"\n\t\t\tdata-title=\"vm15-05\"\n\t\t\tdata-description=\"Juniores maschi: 1\u00b0 mp Kan Trace ONCE AGAIN AT AUKERO all. Zdunic \u0160inkovi\u0107 Sabina &amp; Kan Trace prop. Zdunic \u0160inkovi\u0107 Sabina &amp; Keith Robinson 2\u00b0 mp Il Granaio dei Malatesta QUINTILIANO all. e prop. Benelli M. 3\u00b0 mp Squeaker ALLEGRO all. e prop. Nicoli L.\"\n\t\t\tdata-image-slug=\"vm15-05\"\n\t\t\t\t\t\t\t\t\t\t\t\t\t\t\t\t\t\t\t\tclass=\"ngg-fancybox\" rel=\"0f510803ad470f1d31c4cf784b0a37fa\">\n\t\t\t\t\t\t\t\t<img\n\t\t\t\t\ttitle=\"vm15-05\"\n\t\t\t\t\talt=\"vm15-05\"\n\t\t\t\t\tsrc=\"http:\/\/www.lagottoromagnolo.org\/wp-content\/gallery\/expo15\/thumbs\/thumbs_vm15-05.jpg?t=1502730221\"\n\t\t\t\t\twidth=\"100\"\n\t\t\t\t\theight=\"75\"\n\t\t\t\t\tstyle=\"max-width:100%;\"\n\t\t\t\t\/>\n\t\t\t<\/a>\n\t\t<\/div>\n\t\t\t\t\t\t\t<\/div>\n\t\t\t\n\t\t\t\t<div id=\"ngg-image-5\" class=\"ngg-gallery-thumbnail-box\n\t\t\t\t\t\t\t\tngg-6-columns\t\t\t\"\n\t\t\t>\n\t\t\t\t\t\t<div class=\"ngg-gallery-thumbnail\">\n\t\t<a href=\"http:\/\/www.lagottoromagnolo.org\/wp-content\/gallery\/expo15\/vm15-06.jpg?t=1502730221\"\n\t\t\ttitle=\"Cuccioli maschi: 1\u00b0 mp miglior cucciolo SCHIZZO della Bassa Val D&#039;Elsa all e prop. Gallerini F.\"\n\t\t\tdata-src=\"http:\/\/www.lagottoromagnolo.org\/wp-content\/gallery\/expo15\/vm15-06.jpg?t=1502730221\"\n\t\t\tdata-thumbnail=\"http:\/\/www.lagottoromagnolo.org\/wp-content\/gallery\/expo15\/thumbs\/thumbs_vm15-06.jpg?t=1502730221\"\n\t\t\tdata-image-id=\"1726\"\n\t\t\tdata-image-name=\"vm15-06.jpg\"\n\t\t\tdata-title=\"vm15-06\"\n\t\t\tdata-description=\"Cuccioli maschi: 1\u00b0 mp miglior cucciolo SCHIZZO della Bassa Val D&#039;Elsa all e prop. Gallerini F.\"\n\t\t\tdata-image-slug=\"vm15-06\"\n\t\t\t\t\t\t\t\t\t\t\t\t\t\t\t\t\t\t\t\tclass=\"ngg-fancybox\" rel=\"0f510803ad470f1d31c4cf784b0a37fa\">\n\t\t\t\t\t\t\t\t<img\n\t\t\t\t\ttitle=\"vm15-06\"\n\t\t\t\t\talt=\"vm15-06\"\n\t\t\t\t\tsrc=\"http:\/\/www.lagottoromagnolo.org\/wp-content\/gallery\/expo15\/thumbs\/thumbs_vm15-06.jpg?t=1502730221\"\n\t\t\t\t\twidth=\"100\"\n\t\t\t\t\theight=\"75\"\n\t\t\t\t\tstyle=\"max-width:100%;\"\n\t\t\t\t\/>\n\t\t\t<\/a>\n\t\t<\/div>\n\t\t\t\t\t\t\t<\/div>\n\t\t\t\n\t\t\t\t<div id=\"ngg-image-6\" class=\"ngg-gallery-thumbnail-box\n\t\t\t\t\t\t\t\tngg-6-columns\t\t\t\"\n\t\t\t>\n\t\t\t\t\t\t<div class=\"ngg-gallery-thumbnail\">\n\t\t<a href=\"http:\/\/www.lagottoromagnolo.org\/wp-content\/gallery\/expo15\/vm15-07.jpg?t=1502730221\"\n\t\t\ttitle=\"Veterani maschi: 1\u00b0 ecc BIGO all. Ammannati L. prop. Gallerini F. 2\u00b0 ecc BONGO all. Borgonovi S. prop. Grilli S. 3\u00b0 ecc RIKI del Monte della Dea all. Caira F. prop. Rondinin L.\"\n\t\t\tdata-src=\"http:\/\/www.lagottoromagnolo.org\/wp-content\/gallery\/expo15\/vm15-07.jpg?t=1502730221\"\n\t\t\tdata-thumbnail=\"http:\/\/www.lagottoromagnolo.org\/wp-content\/gallery\/expo15\/thumbs\/thumbs_vm15-07.jpg?t=1502730221\"\n\t\t\tdata-image-id=\"1727\"\n\t\t\tdata-image-name=\"vm15-07.jpg\"\n\t\t\tdata-title=\"vm15-07\"\n\t\t\tdata-description=\"Veterani maschi: 1\u00b0 ecc BIGO all. Ammannati L. prop. Gallerini F. 2\u00b0 ecc BONGO all. Borgonovi S. prop. Grilli S. 3\u00b0 ecc RIKI del Monte della Dea all. Caira F. prop. Rondinin L.\"\n\t\t\tdata-image-slug=\"vm15-07\"\n\t\t\t\t\t\t\t\t\t\t\t\t\t\t\t\t\t\t\t\tclass=\"ngg-fancybox\" rel=\"0f510803ad470f1d31c4cf784b0a37fa\">\n\t\t\t\t\t\t\t\t<img\n\t\t\t\t\ttitle=\"vm15-07\"\n\t\t\t\t\talt=\"vm15-07\"\n\t\t\t\t\tsrc=\"http:\/\/www.lagottoromagnolo.org\/wp-content\/gallery\/expo15\/thumbs\/thumbs_vm15-07.jpg?t=1502730221\"\n\t\t\t\t\twidth=\"100\"\n\t\t\t\t\theight=\"75\"\n\t\t\t\t\tstyle=\"max-width:100%;\"\n\t\t\t\t\/>\n\t\t\t<\/a>\n\t\t<\/div>\n\t\t\t\t\t\t\t<\/div>\n\t\t\t\n\t\t\t\t<div id=\"ngg-image-7\" class=\"ngg-gallery-thumbnail-box\n\t\t\t\t\t\t\t\tngg-6-columns\t\t\t\"\n\t\t\t>\n\t\t\t\t\t\t<div class=\"ngg-gallery-thumbnail\">\n\t\t<a href=\"http:\/\/www.lagottoromagnolo.org\/wp-content\/gallery\/expo15\/vm15-08.jpg?t=1502730221\"\n\t\t\ttitle=\"Libera femmine: 1\u00b0 ecc cac miglior femmina bos Il Granaio dei Malatesta CARLETTA all. e prop. Benelli M. 2\u00b0 ecc ris.cac MIRTILLA all. Marcelli M. prop. Porta D.\"\n\t\t\tdata-src=\"http:\/\/www.lagottoromagnolo.org\/wp-content\/gallery\/expo15\/vm15-08.jpg?t=1502730221\"\n\t\t\tdata-thumbnail=\"http:\/\/www.lagottoromagnolo.org\/wp-content\/gallery\/expo15\/thumbs\/thumbs_vm15-08.jpg?t=1502730221\"\n\t\t\tdata-image-id=\"1728\"\n\t\t\tdata-image-name=\"vm15-08.jpg\"\n\t\t\tdata-title=\"vm15-08\"\n\t\t\tdata-description=\"Libera femmine: 1\u00b0 ecc cac miglior femmina bos Il Granaio dei Malatesta CARLETTA all. e prop. Benelli M. 2\u00b0 ecc ris.cac MIRTILLA all. Marcelli M. prop. Porta D.\"\n\t\t\tdata-image-slug=\"vm15-08\"\n\t\t\t\t\t\t\t\t\t\t\t\t\t\t\t\t\t\t\t\tclass=\"ngg-fancybox\" rel=\"0f510803ad470f1d31c4cf784b0a37fa\">\n\t\t\t\t\t\t\t\t<img\n\t\t\t\t\ttitle=\"vm15-08\"\n\t\t\t\t\talt=\"vm15-08\"\n\t\t\t\t\tsrc=\"http:\/\/www.lagottoromagnolo.org\/wp-content\/gallery\/expo15\/thumbs\/thumbs_vm15-08.jpg?t=1502730221\"\n\t\t\t\t\twidth=\"100\"\n\t\t\t\t\theight=\"75\"\n\t\t\t\t\tstyle=\"max-width:100%;\"\n\t\t\t\t\/>\n\t\t\t<\/a>\n\t\t<\/div>\n\t\t\t\t\t\t\t<\/div>\n\t\t\t\n\t\t\t\t<div id=\"ngg-image-8\" class=\"ngg-gallery-thumbnail-box\n\t\t\t\t\t\t\t\tngg-6-columns\t\t\t\"\n\t\t\t>\n\t\t\t\t\t\t<div class=\"ngg-gallery-thumbnail\">\n\t\t<a href=\"http:\/\/www.lagottoromagnolo.org\/wp-content\/gallery\/expo15\/vm15-09.jpg?t=1502730221\"\n\t\t\ttitle=\"Lavoro femmine: 1\u00b0 ecc cac LARA di Campoleone all. Rondinin L. prop. Langianni A. 2\u00b0 ecc ris.cac DIAVOLA all. e prop. Gallerini F. 3\u00b0 ecc MALITA ALFA all. Manara L. prop. Grilli C.G. 4\u00b0 mb Di Villa Federici SOFIA all. Federici F. prop. Quadri M.\"\n\t\t\tdata-src=\"http:\/\/www.lagottoromagnolo.org\/wp-content\/gallery\/expo15\/vm15-09.jpg?t=1502730221\"\n\t\t\tdata-thumbnail=\"http:\/\/www.lagottoromagnolo.org\/wp-content\/gallery\/expo15\/thumbs\/thumbs_vm15-09.jpg?t=1502730221\"\n\t\t\tdata-image-id=\"1729\"\n\t\t\tdata-image-name=\"vm15-09.jpg\"\n\t\t\tdata-title=\"vm15-09\"\n\t\t\tdata-description=\"Lavoro femmine: 1\u00b0 ecc cac LARA di Campoleone all. Rondinin L. prop. Langianni A. 2\u00b0 ecc ris.cac DIAVOLA all. e prop. Gallerini F. 3\u00b0 ecc MALITA ALFA all. Manara L. prop. Grilli C.G. 4\u00b0 mb Di Villa Federici SOFIA all. Federici F. prop. Quadri M.\"\n\t\t\tdata-image-slug=\"vm15-09\"\n\t\t\t\t\t\t\t\t\t\t\t\t\t\t\t\t\t\t\t\tclass=\"ngg-fancybox\" rel=\"0f510803ad470f1d31c4cf784b0a37fa\">\n\t\t\t\t\t\t\t\t<img\n\t\t\t\t\ttitle=\"vm15-09\"\n\t\t\t\t\talt=\"vm15-09\"\n\t\t\t\t\tsrc=\"http:\/\/www.lagottoromagnolo.org\/wp-content\/gallery\/expo15\/thumbs\/thumbs_vm15-09.jpg?t=1502730221\"\n\t\t\t\t\twidth=\"100\"\n\t\t\t\t\theight=\"75\"\n\t\t\t\t\tstyle=\"max-width:100%;\"\n\t\t\t\t\/>\n\t\t\t<\/a>\n\t\t<\/div>\n\t\t\t\t\t\t\t<\/div>\n\t\t\t\n\t\t\t\t<div id=\"ngg-image-9\" class=\"ngg-gallery-thumbnail-box\n\t\t\t\t\t\t\t\tngg-6-columns\t\t\t\"\n\t\t\t>\n\t\t\t\t\t\t<div class=\"ngg-gallery-thumbnail\">\n\t\t<a href=\"http:\/\/www.lagottoromagnolo.org\/wp-content\/gallery\/expo15\/vm15-10.jpg?t=1502730221\"\n\t\t\ttitle=\"Intermedia femmine: 1\u00b0 ecc REMEDIOS Buendia di Segusia all. e prop. Quadri M.\"\n\t\t\tdata-src=\"http:\/\/www.lagottoromagnolo.org\/wp-content\/gallery\/expo15\/vm15-10.jpg?t=1502730221\"\n\t\t\tdata-thumbnail=\"http:\/\/www.lagottoromagnolo.org\/wp-content\/gallery\/expo15\/thumbs\/thumbs_vm15-10.jpg?t=1502730221\"\n\t\t\tdata-image-id=\"1730\"\n\t\t\tdata-image-name=\"vm15-10.jpg\"\n\t\t\tdata-title=\"vm15-10\"\n\t\t\tdata-description=\"Intermedia femmine: 1\u00b0 ecc REMEDIOS Buendia di Segusia all. e prop. Quadri M.\"\n\t\t\tdata-image-slug=\"vm15-10\"\n\t\t\t\t\t\t\t\t\t\t\t\t\t\t\t\t\t\t\t\tclass=\"ngg-fancybox\" rel=\"0f510803ad470f1d31c4cf784b0a37fa\">\n\t\t\t\t\t\t\t\t<img\n\t\t\t\t\ttitle=\"vm15-10\"\n\t\t\t\t\talt=\"vm15-10\"\n\t\t\t\t\tsrc=\"http:\/\/www.lagottoromagnolo.org\/wp-content\/gallery\/expo15\/thumbs\/thumbs_vm15-10.jpg?t=1502730221\"\n\t\t\t\t\twidth=\"100\"\n\t\t\t\t\theight=\"75\"\n\t\t\t\t\tstyle=\"max-width:100%;\"\n\t\t\t\t\/>\n\t\t\t<\/a>\n\t\t<\/div>\n\t\t\t\t\t\t\t<\/div>\n\t\t\t\n\t\t\t\t<div id=\"ngg-image-10\" class=\"ngg-gallery-thumbnail-box\n\t\t\t\t\t\t\t\tngg-6-columns\t\t\t\"\n\t\t\t>\n\t\t\t\t\t\t<div class=\"ngg-gallery-thumbnail\">\n\t\t<a href=\"http:\/\/www.lagottoromagnolo.org\/wp-content\/gallery\/expo15\/vm15-11.jpg?t=1502730221\"\n\t\t\ttitle=\"Giovani femmine: 1\u00b0 ecc Regun NIVA all. e prop. Tanos L.\"\n\t\t\tdata-src=\"http:\/\/www.lagottoromagnolo.org\/wp-content\/gallery\/expo15\/vm15-11.jpg?t=1502730221\"\n\t\t\tdata-thumbnail=\"http:\/\/www.lagottoromagnolo.org\/wp-content\/gallery\/expo15\/thumbs\/thumbs_vm15-11.jpg?t=1502730221\"\n\t\t\tdata-image-id=\"1731\"\n\t\t\tdata-image-name=\"vm15-11.jpg\"\n\t\t\tdata-title=\"vm15-11\"\n\t\t\tdata-description=\"Giovani femmine: 1\u00b0 ecc Regun NIVA all. e prop. Tanos L.\"\n\t\t\tdata-image-slug=\"vm15-11\"\n\t\t\t\t\t\t\t\t\t\t\t\t\t\t\t\t\t\t\t\tclass=\"ngg-fancybox\" rel=\"0f510803ad470f1d31c4cf784b0a37fa\">\n\t\t\t\t\t\t\t\t<img\n\t\t\t\t\ttitle=\"vm15-11\"\n\t\t\t\t\talt=\"vm15-11\"\n\t\t\t\t\tsrc=\"http:\/\/www.lagottoromagnolo.org\/wp-content\/gallery\/expo15\/thumbs\/thumbs_vm15-11.jpg?t=1502730221\"\n\t\t\t\t\twidth=\"100\"\n\t\t\t\t\theight=\"75\"\n\t\t\t\t\tstyle=\"max-width:100%;\"\n\t\t\t\t\/>\n\t\t\t<\/a>\n\t\t<\/div>\n\t\t\t\t\t\t\t<\/div>\n\t\t\t\n\t\t\t\t<div id=\"ngg-image-11\" class=\"ngg-gallery-thumbnail-box\n\t\t\t\t\t\t\t\tngg-6-columns\t\t\t\"\n\t\t\t>\n\t\t\t\t\t\t<div class=\"ngg-gallery-thumbnail\">\n\t\t<a href=\"http:\/\/www.lagottoromagnolo.org\/wp-content\/gallery\/expo15\/vm15-12.jpg?t=1502730221\"\n\t\t\ttitle=\"Juniores femmine: 1\u00b0 mp miglior juniores Dolce Vita JUSTINA all. Mignogna S. prop. Tonelli O. 2\u00b0 mp Il Granaio dei Malatesta QUINTINA all. e prop. Benelli M. 3\u00b0 mp Kan Trace PRINCESS VIOLA all. Zdunic \u0160inkovi\u0107 Sabina &amp; Kan Trace prop. Zdunic \u0160inkovi\u0107 Sabina &amp; Keith Robinson\"\n\t\t\tdata-src=\"http:\/\/www.lagottoromagnolo.org\/wp-content\/gallery\/expo15\/vm15-12.jpg?t=1502730221\"\n\t\t\tdata-thumbnail=\"http:\/\/www.lagottoromagnolo.org\/wp-content\/gallery\/expo15\/thumbs\/thumbs_vm15-12.jpg?t=1502730221\"\n\t\t\tdata-image-id=\"1732\"\n\t\t\tdata-image-name=\"vm15-12.jpg\"\n\t\t\tdata-title=\"vm15-12\"\n\t\t\tdata-description=\"Juniores femmine: 1\u00b0 mp miglior juniores Dolce Vita JUSTINA all. Mignogna S. prop. Tonelli O. 2\u00b0 mp Il Granaio dei Malatesta QUINTINA all. e prop. Benelli M. 3\u00b0 mp Kan Trace PRINCESS VIOLA all. Zdunic \u0160inkovi\u0107 Sabina &amp; Kan Trace prop. Zdunic \u0160inkovi\u0107 Sabina &amp; Keith Robinson\"\n\t\t\tdata-image-slug=\"vm15-12\"\n\t\t\t\t\t\t\t\t\t\t\t\t\t\t\t\t\t\t\t\tclass=\"ngg-fancybox\" rel=\"0f510803ad470f1d31c4cf784b0a37fa\">\n\t\t\t\t\t\t\t\t<img\n\t\t\t\t\ttitle=\"vm15-12\"\n\t\t\t\t\talt=\"vm15-12\"\n\t\t\t\t\tsrc=\"http:\/\/www.lagottoromagnolo.org\/wp-content\/gallery\/expo15\/thumbs\/thumbs_vm15-12.jpg?t=1502730221\"\n\t\t\t\t\twidth=\"100\"\n\t\t\t\t\theight=\"75\"\n\t\t\t\t\tstyle=\"max-width:100%;\"\n\t\t\t\t\/>\n\t\t\t<\/a>\n\t\t<\/div>\n\t\t\t\t\t\t\t<\/div>\n\t\t\t\n\t\t\t\t<div id=\"ngg-image-12\" class=\"ngg-gallery-thumbnail-box\n\t\t\t\t\t\t\t\tngg-6-columns\t\t\t\"\n\t\t\t>\n\t\t\t\t\t\t<div class=\"ngg-gallery-thumbnail\">\n\t\t<a href=\"http:\/\/www.lagottoromagnolo.org\/wp-content\/gallery\/expo15\/vm15-13.jpg?t=1553022520\"\n\t\t\ttitle=\"I due migliori soggetti della mostra bob Il Granaio dei Malatesta DEMETRIO all. Benelli M. prop. Tonelli O., bos Il Granaio dei Malatesta CARLETTA all. e prop. Benelli M.\"\n\t\t\tdata-src=\"http:\/\/www.lagottoromagnolo.org\/wp-content\/gallery\/expo15\/vm15-13.jpg?t=1553022520\"\n\t\t\tdata-thumbnail=\"http:\/\/www.lagottoromagnolo.org\/wp-content\/gallery\/expo15\/thumbs\/thumbs_vm15-13.jpg?t=1553022520\"\n\t\t\tdata-image-id=\"1733\"\n\t\t\tdata-image-name=\"vm15-13.jpg\"\n\t\t\tdata-title=\"vm15-13\"\n\t\t\tdata-description=\"I due migliori soggetti della mostra bob Il Granaio dei Malatesta DEMETRIO all. Benelli M. prop. Tonelli O., bos Il Granaio dei Malatesta CARLETTA all. e prop. Benelli M.\"\n\t\t\tdata-image-slug=\"vm15-13\"\n\t\t\t\t\t\t\t\t\t\t\t\t\t\t\t\t\t\t\t\tclass=\"ngg-fancybox\" rel=\"0f510803ad470f1d31c4cf784b0a37fa\">\n\t\t\t\t\t\t\t\t<img\n\t\t\t\t\ttitle=\"vm15-13\"\n\t\t\t\t\talt=\"vm15-13\"\n\t\t\t\t\tsrc=\"http:\/\/www.lagottoromagnolo.org\/wp-content\/gallery\/expo15\/thumbs\/thumbs_vm15-13.jpg?t=1553022520\"\n\t\t\t\t\twidth=\"100\"\n\t\t\t\t\theight=\"75\"\n\t\t\t\t\tstyle=\"max-width:100%;\"\n\t\t\t\t\/>\n\t\t\t<\/a>\n\t\t<\/div>\n\t\t\t\t\t\t\t<\/div>\n\t\t\t\n\t\n\t<br style=\"clear: both\" \/>\n\n\t\n\t\t<div class=\"ngg-clear\"><\/div>\n\t<\/div>\n<\/p>\n<hr \/>\n<p style=\"text-align: left;\"><a id=\"modica\"><\/a><span style=\"font-size: 6pt;\">.<\/span><\/p>\n<p style=\"text-align: center;\"><strong>RADUNO RAZZE ITALIANE <\/strong><\/p>\n<p style=\"text-align: center;\"><strong>MODICA<br \/>\n<\/strong>22 agosto 2015<\/p>\n<p style=\"text-align: center;\">Giudice\u00a0<strong>Alfredo Alessandri,<\/strong>\u00a09 iscritti<\/p>\n<p style=\"text-align: center;\">ngg_shortcode_9_placeholder<\/p>\n<p style=\"text-align: center;\"><strong>bob\u00a0CICO\u00a0<\/strong>all. Caporale G. prop. Prizio V.<br \/>\n<strong>bos<\/strong>\u00a0<strong>Il Granaio dei Malatesta FIONA<\/strong>all. Benelli M. prop. Palumbo A.<\/p>\n<p><strong>Campioni maschi:\u00a0<\/strong>1\u00b0 ecc miglior maschio bob bis\u00a0CICO all. Caporale G. prop. Prizio V.<br \/>\n<strong>Libera maschi:\u00a0<\/strong>1\u00b0 ecc cac ANDY dei Colli Irpini all. Marinelli C. prop. Gennaro S.<br \/>\n<strong>Lavoro maschi:\u00a0<\/strong>1\u00b0 ecc cac\u00a0FELIX all. Prizio V. prop. Roca A.<br \/>\n<strong>Juniores maschi:\u00a0<\/strong>1\u00b0 mp migior juniores, bis 3\u00b0 juniores DOSSO DOSSI all. Pedrazzini G. prop. Imparato R.<\/p>\n<p><strong>Libera femmine:\u00a0<\/strong>1\u00b0 ecc cac miglior femmina bos Il Granaio dei Malatesta FIONA all. Benelli M. prop. Palumbo A.<br \/>\n<strong>Giovani femmine:\u00a0<\/strong>1\u00b0 ecc miglior giovane SALLY delle Terre di Gu\u00e0 all. All. Terre di Gu\u00e0 prop. Imparato R.<\/p>\n<hr \/>\n<p style=\"text-align: left;\"><a id=\"firenze\"><\/a><span style=\"font-size: 6pt;\">.<\/span><\/p>\n<p style=\"text-align: center;\"><strong>RADUNO RAZZE ITALIANE<\/strong><\/p>\n<p style=\"text-align: center;\"><strong>FIRENZE<\/strong><br \/>\n13 settembre 2015<\/p>\n<p style=\"text-align: center;\">Giudice <strong>Giovanni Morsiani<\/strong>, 42 iscritti<\/p>\n<p style=\"text-align: center;\">ngg_shortcode_10_placeholder<\/p>\n<p style=\"text-align: center;\"><strong>bob<\/strong> <strong>Il Granaio dei Malatesta DEMETRIO<\/strong> all. Benelli M. prop. Orietta T.<br \/>\n<strong>bos MANJILA LA SESSIONE CUBANA del Fatalbecco<\/strong> all. e prop. Poggini A.<\/p>\n<p><strong>Campioni maschi:\u00a0<\/strong>1\u00b0 ecc miglior maschio bob, 3\u00b0 bis Il Granaio dei Malatesta DEMETRIO all. Benelli M. prop. Orietta T.,\u00a02\u00b0 ecc GINKO all. e prop. Rondinini L.,\u00a03\u00b0 ecc NOE\u2019 del Monte della Dea all. Caira F. prop. Marcelli M.<br \/>\n<strong>Libera maschi:\u00a0<\/strong>1\u00b0 ecc cac Il Granaio dei Malatesta SAURO all. e prop. Benelli M.,\u00a02\u00b0 ecc ris.cac ARON all. e prop. Ettorre A.,\u00a03\u00b0 ecc FULMINE all. Bellomo T. prop. Iannotta N.,\u00a04\u00b0 ecc FREEZE all. e prop. Frantellizzi M.<br \/>\n<strong>Lavoro maschi:\u00a0<\/strong>1\u00b0 ecc cac DREW del Peschio Vicale all. e prop. Orlandi G.,\u00a02\u00b0 ecc ris.cac MADIBA di Campoleone all. Rondinini L. prop. Tellini M.,\u00a03\u00b0 ecc TOPAZIO all. e prop. Marcelli M.,\u00a04\u00b0 ecc HERMANO LOCO del Fatalbecco all. e prop. Poggini A.<br \/>\n<strong>Giovani maschi:,\u00a0<\/strong>1\u00b0 ecc ECCOLO all. e prop. Gallerini F.,\u00a02\u00b0 ecc Il Granaio dei Malatesta MAURO al. Benelli M. prop. Zannoni M.,\u00a03\u00b0 mb BRUNELLO all. Bizzari M. prop. Michelotti L.,\u00a04\u00b0 mb GAS di Colle Rocca all. e prop. Sozzi D.<br \/>\n<strong>Juniores maschi:\u00a0<\/strong>1\u00b0 mp Il Granaio dei Malatesta TIRAMISU all. e prop. Benelli M.,\u00a02\u00b0 mp TERMINADO del Fatalbecco all. e prop. Poggini A.<br \/>\n<strong>Cuccioli maschi:\u00a0<\/strong>1\u00b0 mp miglior cucciolo, bis cuccioli Il Granaio dei Malatesta NEGRONI SBAGLIATO all. e prop. Benelli M.,\u00a02\u00b0 mp Il Granaio dei Malatesta NEW ORLEANS all. e prop. Benelli M.,\u00a03\u00b0 mp DOSSO DOSSI all. Pedrazzini G. prop. Imparato R.<br \/>\n<strong>Veterani maschi:\u00a0<\/strong>1\u00b0 ecc miglior veterano, bis veterani BIGO all. Ammannati L. prop. Gallerini F.<\/p>\n<p><strong>Libera femmine:\u00a0<\/strong>1\u00b0 ecc cac SAETTA all. Sandberg T. prop. Boretti D.<br \/>\n<strong>Lavoro femmine:\u00a0<\/strong>1\u00b0 ecc cac miglior femmina bos\u00a0MANJILA LA SESSIONE CUBANA del Fatalbecco\u00a0all. e prop. Poggini A.,\u00a02\u00b0 ecc ris.cac QUINTESSENZA della Taparina all. Farn\u00e8 M. prop. Santini E.,\u00a03\u00b0 ecc DIAVOLA all. e prop. Gallerini F.,\u00a04\u00b0 ecc URSULA del Monte della Dea all. Caira F. prop. Marcelli M.<br \/>\n<strong>Giovani femmine:\u00a0<\/strong>1\u00b0 ecc miglior giovane MOKA di Campoleone all. e prop. Rondinini L.,\u00a02\u00b0 ecc AFRODITE all. e prop. Frantellizzi M.,\u00a03\u00b0 ecc SALLY delle Terre di Gua\u2019 all. Mattiello M. prop. Imparato R.,\u00a04\u00b0 ecc Il Granaio dei Malatesta QUINTINA all. e prop. Benelli M.<br \/>\n<strong>Juniores femmine:\u00a0<\/strong>1\u00b0 mp miglior juniores, 3\u00b0 bis juniores Dolce Vita JUSTINA all. Mignogna S. prop. Tonelli O.,\u00a02\u00b0 mp Il Granaio dei Malatesta TAGLIATA all. e prop. Benelli M.<\/p>\n<p><!-- default-view.php -->\n<div\n\tclass=\"ngg-galleryoverview default-view\n\t\t\"\n\tid=\"ngg-gallery-3e8815716689e0e446b4445a390fa3ca-1\"\n\tdata-nextgen-gallery-id=\"150\"\n\tdata-gallery-id=\"150\"\n\t\tdata-gallery-name=\"expo15\"\n\t>\n\n\t\t<!-- Thumbnails -->\n\t\t\t\t<div id=\"ngg-image-0\" class=\"ngg-gallery-thumbnail-box\n\t\t\t\t\t\t\t\tngg-6-columns\t\t\t\"\n\t\t\t>\n\t\t\t\t\t\t<div class=\"ngg-gallery-thumbnail\">\n\t\t<a href=\"http:\/\/www.lagottoromagnolo.org\/wp-content\/gallery\/expo15\/firenze15-01.jpg?t=1502744912\"\n\t\t\ttitle=\"Campioni maschi: 1\u00b0 ecc miglior maschio bob, 3\u00b0 bis Il Granaio dei Malatesta DEMETRIO all. Benelli M. prop. Orietta T. 2\u00b0 ecc GINKO all. e prop. Rondinini L. 3\u00b0 ecc NOE\u2019 del Monte della Dea all. Caira F. prop. Marcelli M.\"\n\t\t\tdata-src=\"http:\/\/www.lagottoromagnolo.org\/wp-content\/gallery\/expo15\/firenze15-01.jpg?t=1502744912\"\n\t\t\tdata-thumbnail=\"http:\/\/www.lagottoromagnolo.org\/wp-content\/gallery\/expo15\/thumbs\/thumbs_firenze15-01.jpg?t=1502744912\"\n\t\t\tdata-image-id=\"1735\"\n\t\t\tdata-image-name=\"firenze15-01.jpg\"\n\t\t\tdata-title=\"firenze15-01\"\n\t\t\tdata-description=\"Campioni maschi: 1\u00b0 ecc miglior maschio bob, 3\u00b0 bis Il Granaio dei Malatesta DEMETRIO all. Benelli M. prop. Orietta T. 2\u00b0 ecc GINKO all. e prop. Rondinini L. 3\u00b0 ecc NOE\u2019 del Monte della Dea all. Caira F. prop. Marcelli M.\"\n\t\t\tdata-image-slug=\"firenze15-01\"\n\t\t\t\t\t\t\t\t\t\t\t\t\t\t\t\t\t\t\t\tclass=\"ngg-fancybox\" rel=\"3e8815716689e0e446b4445a390fa3ca\">\n\t\t\t\t\t\t\t\t<img\n\t\t\t\t\ttitle=\"firenze15-01\"\n\t\t\t\t\talt=\"firenze15-01\"\n\t\t\t\t\tsrc=\"http:\/\/www.lagottoromagnolo.org\/wp-content\/gallery\/expo15\/thumbs\/thumbs_firenze15-01.jpg?t=1502744912\"\n\t\t\t\t\twidth=\"100\"\n\t\t\t\t\theight=\"75\"\n\t\t\t\t\tstyle=\"max-width:100%;\"\n\t\t\t\t\/>\n\t\t\t<\/a>\n\t\t<\/div>\n\t\t\t\t\t\t\t<\/div>\n\t\t\t\n\t\t\t\t<div id=\"ngg-image-1\" class=\"ngg-gallery-thumbnail-box\n\t\t\t\t\t\t\t\tngg-6-columns\t\t\t\"\n\t\t\t>\n\t\t\t\t\t\t<div class=\"ngg-gallery-thumbnail\">\n\t\t<a href=\"http:\/\/www.lagottoromagnolo.org\/wp-content\/gallery\/expo15\/firenze15-02.jpg?t=1502730221\"\n\t\t\ttitle=\"Libera maschi: 1\u00b0 ecc cac Il Granaio dei Malatesta SAURO all. e prop. Benelli M. 2\u00b0 ecc ris.cac ARON all. e prop. Ettorre A. 3\u00b0 ecc FULMINE all. Bellomo T. prop. Iannotta N. 4\u00b0 ecc FREEZE all. e prop. Frantellizzi M.\"\n\t\t\tdata-src=\"http:\/\/www.lagottoromagnolo.org\/wp-content\/gallery\/expo15\/firenze15-02.jpg?t=1502730221\"\n\t\t\tdata-thumbnail=\"http:\/\/www.lagottoromagnolo.org\/wp-content\/gallery\/expo15\/thumbs\/thumbs_firenze15-02.jpg?t=1502730221\"\n\t\t\tdata-image-id=\"1736\"\n\t\t\tdata-image-name=\"firenze15-02.jpg\"\n\t\t\tdata-title=\"firenze15-02\"\n\t\t\tdata-description=\"Libera maschi: 1\u00b0 ecc cac Il Granaio dei Malatesta SAURO all. e prop. Benelli M. 2\u00b0 ecc ris.cac ARON all. e prop. Ettorre A. 3\u00b0 ecc FULMINE all. Bellomo T. prop. Iannotta N. 4\u00b0 ecc FREEZE all. e prop. Frantellizzi M.\"\n\t\t\tdata-image-slug=\"firenze15-02\"\n\t\t\t\t\t\t\t\t\t\t\t\t\t\t\t\t\t\t\t\tclass=\"ngg-fancybox\" rel=\"3e8815716689e0e446b4445a390fa3ca\">\n\t\t\t\t\t\t\t\t<img\n\t\t\t\t\ttitle=\"firenze15-02\"\n\t\t\t\t\talt=\"firenze15-02\"\n\t\t\t\t\tsrc=\"http:\/\/www.lagottoromagnolo.org\/wp-content\/gallery\/expo15\/thumbs\/thumbs_firenze15-02.jpg?t=1502730221\"\n\t\t\t\t\twidth=\"100\"\n\t\t\t\t\theight=\"75\"\n\t\t\t\t\tstyle=\"max-width:100%;\"\n\t\t\t\t\/>\n\t\t\t<\/a>\n\t\t<\/div>\n\t\t\t\t\t\t\t<\/div>\n\t\t\t\n\t\t\t\t<div id=\"ngg-image-2\" class=\"ngg-gallery-thumbnail-box\n\t\t\t\t\t\t\t\tngg-6-columns\t\t\t\"\n\t\t\t>\n\t\t\t\t\t\t<div class=\"ngg-gallery-thumbnail\">\n\t\t<a href=\"http:\/\/www.lagottoromagnolo.org\/wp-content\/gallery\/expo15\/firenze15-03.jpg?t=1502730221\"\n\t\t\ttitle=\"Lavoro maschi: 1\u00b0 ecc cac DREW del Peschio Vicale all. e prop. Orlandi G. 2\u00b0 ecc ris.cac MADIBA di Campoleone all. Rondinini L. prop. Tellini M. 3\u00b0 ecc TOPAZIO all. e prop. Marcelli M. 4\u00b0 ecc HERMANO LOCO del Fatalbecco all. e prop. Poggini A.\"\n\t\t\tdata-src=\"http:\/\/www.lagottoromagnolo.org\/wp-content\/gallery\/expo15\/firenze15-03.jpg?t=1502730221\"\n\t\t\tdata-thumbnail=\"http:\/\/www.lagottoromagnolo.org\/wp-content\/gallery\/expo15\/thumbs\/thumbs_firenze15-03.jpg?t=1502730221\"\n\t\t\tdata-image-id=\"1737\"\n\t\t\tdata-image-name=\"firenze15-03.jpg\"\n\t\t\tdata-title=\"firenze15-03\"\n\t\t\tdata-description=\"Lavoro maschi: 1\u00b0 ecc cac DREW del Peschio Vicale all. e prop. Orlandi G. 2\u00b0 ecc ris.cac MADIBA di Campoleone all. Rondinini L. prop. Tellini M. 3\u00b0 ecc TOPAZIO all. e prop. Marcelli M. 4\u00b0 ecc HERMANO LOCO del Fatalbecco all. e prop. Poggini A.\"\n\t\t\tdata-image-slug=\"firenze15-03\"\n\t\t\t\t\t\t\t\t\t\t\t\t\t\t\t\t\t\t\t\tclass=\"ngg-fancybox\" rel=\"3e8815716689e0e446b4445a390fa3ca\">\n\t\t\t\t\t\t\t\t<img\n\t\t\t\t\ttitle=\"firenze15-03\"\n\t\t\t\t\talt=\"firenze15-03\"\n\t\t\t\t\tsrc=\"http:\/\/www.lagottoromagnolo.org\/wp-content\/gallery\/expo15\/thumbs\/thumbs_firenze15-03.jpg?t=1502730221\"\n\t\t\t\t\twidth=\"100\"\n\t\t\t\t\theight=\"75\"\n\t\t\t\t\tstyle=\"max-width:100%;\"\n\t\t\t\t\/>\n\t\t\t<\/a>\n\t\t<\/div>\n\t\t\t\t\t\t\t<\/div>\n\t\t\t\n\t\t\t\t<div id=\"ngg-image-3\" class=\"ngg-gallery-thumbnail-box\n\t\t\t\t\t\t\t\tngg-6-columns\t\t\t\"\n\t\t\t>\n\t\t\t\t\t\t<div class=\"ngg-gallery-thumbnail\">\n\t\t<a href=\"http:\/\/www.lagottoromagnolo.org\/wp-content\/gallery\/expo15\/firenze15-04.jpg?t=1502730221\"\n\t\t\ttitle=\"Giovani maschi: 1\u00b0 ecc ECCOLO all. e prop. Gallerini F. 2\u00b0 ecc Il Granaio dei Malatesta MAURO al. Benelli M. prop. Zannoni M. 3\u00b0 mb BRUNELLO all. Bizzari M. prop. Michelotti L. 4\u00b0 mb GAS di Colle Rocca all. e prop. Sozzi D.\"\n\t\t\tdata-src=\"http:\/\/www.lagottoromagnolo.org\/wp-content\/gallery\/expo15\/firenze15-04.jpg?t=1502730221\"\n\t\t\tdata-thumbnail=\"http:\/\/www.lagottoromagnolo.org\/wp-content\/gallery\/expo15\/thumbs\/thumbs_firenze15-04.jpg?t=1502730221\"\n\t\t\tdata-image-id=\"1738\"\n\t\t\tdata-image-name=\"firenze15-04.jpg\"\n\t\t\tdata-title=\"firenze15-04\"\n\t\t\tdata-description=\"Giovani maschi: 1\u00b0 ecc ECCOLO all. e prop. Gallerini F. 2\u00b0 ecc Il Granaio dei Malatesta MAURO al. Benelli M. prop. Zannoni M. 3\u00b0 mb BRUNELLO all. Bizzari M. prop. Michelotti L. 4\u00b0 mb GAS di Colle Rocca all. e prop. Sozzi D.\"\n\t\t\tdata-image-slug=\"firenze15-04\"\n\t\t\t\t\t\t\t\t\t\t\t\t\t\t\t\t\t\t\t\tclass=\"ngg-fancybox\" rel=\"3e8815716689e0e446b4445a390fa3ca\">\n\t\t\t\t\t\t\t\t<img\n\t\t\t\t\ttitle=\"firenze15-04\"\n\t\t\t\t\talt=\"firenze15-04\"\n\t\t\t\t\tsrc=\"http:\/\/www.lagottoromagnolo.org\/wp-content\/gallery\/expo15\/thumbs\/thumbs_firenze15-04.jpg?t=1502730221\"\n\t\t\t\t\twidth=\"100\"\n\t\t\t\t\theight=\"75\"\n\t\t\t\t\tstyle=\"max-width:100%;\"\n\t\t\t\t\/>\n\t\t\t<\/a>\n\t\t<\/div>\n\t\t\t\t\t\t\t<\/div>\n\t\t\t\n\t\t\t\t<div id=\"ngg-image-4\" class=\"ngg-gallery-thumbnail-box\n\t\t\t\t\t\t\t\tngg-6-columns\t\t\t\"\n\t\t\t>\n\t\t\t\t\t\t<div class=\"ngg-gallery-thumbnail\">\n\t\t<a href=\"http:\/\/www.lagottoromagnolo.org\/wp-content\/gallery\/expo15\/firenze15-05.jpg?t=1502730221\"\n\t\t\ttitle=\"Juniores maschi: 1\u00b0 mp Il Granaio dei Malatesta TIRAMISU all. e prop. Benelli M. 2\u00b0 mp TERMINADO del Fatalbecco all. e prop. Poggini A.\"\n\t\t\tdata-src=\"http:\/\/www.lagottoromagnolo.org\/wp-content\/gallery\/expo15\/firenze15-05.jpg?t=1502730221\"\n\t\t\tdata-thumbnail=\"http:\/\/www.lagottoromagnolo.org\/wp-content\/gallery\/expo15\/thumbs\/thumbs_firenze15-05.jpg?t=1502730221\"\n\t\t\tdata-image-id=\"1739\"\n\t\t\tdata-image-name=\"firenze15-05.jpg\"\n\t\t\tdata-title=\"firenze15-05\"\n\t\t\tdata-description=\"Juniores maschi: 1\u00b0 mp Il Granaio dei Malatesta TIRAMISU all. e prop. Benelli M. 2\u00b0 mp TERMINADO del Fatalbecco all. e prop. Poggini A.\"\n\t\t\tdata-image-slug=\"firenze15-05\"\n\t\t\t\t\t\t\t\t\t\t\t\t\t\t\t\t\t\t\t\tclass=\"ngg-fancybox\" rel=\"3e8815716689e0e446b4445a390fa3ca\">\n\t\t\t\t\t\t\t\t<img\n\t\t\t\t\ttitle=\"firenze15-05\"\n\t\t\t\t\talt=\"firenze15-05\"\n\t\t\t\t\tsrc=\"http:\/\/www.lagottoromagnolo.org\/wp-content\/gallery\/expo15\/thumbs\/thumbs_firenze15-05.jpg?t=1502730221\"\n\t\t\t\t\twidth=\"100\"\n\t\t\t\t\theight=\"75\"\n\t\t\t\t\tstyle=\"max-width:100%;\"\n\t\t\t\t\/>\n\t\t\t<\/a>\n\t\t<\/div>\n\t\t\t\t\t\t\t<\/div>\n\t\t\t\n\t\t\t\t<div id=\"ngg-image-5\" class=\"ngg-gallery-thumbnail-box\n\t\t\t\t\t\t\t\tngg-6-columns\t\t\t\"\n\t\t\t>\n\t\t\t\t\t\t<div class=\"ngg-gallery-thumbnail\">\n\t\t<a href=\"http:\/\/www.lagottoromagnolo.org\/wp-content\/gallery\/expo15\/firenze15-06.jpg?t=1502730221\"\n\t\t\ttitle=\"Cuccioli maschi: 1\u00b0 mp miglior cucciolo, bis cuccioli Il Granaio dei Malatesta NEGRONI SBAGLIATO all. e prop. Benelli M. 2\u00b0 mp Il Granaio dei Malatesta NEW ORLEANS all. e prop. Benelli M. 3\u00b0 mp DOSSO DOSSI all. Pedrazzini G. prop. Imparato R.\"\n\t\t\tdata-src=\"http:\/\/www.lagottoromagnolo.org\/wp-content\/gallery\/expo15\/firenze15-06.jpg?t=1502730221\"\n\t\t\tdata-thumbnail=\"http:\/\/www.lagottoromagnolo.org\/wp-content\/gallery\/expo15\/thumbs\/thumbs_firenze15-06.jpg?t=1502730221\"\n\t\t\tdata-image-id=\"1740\"\n\t\t\tdata-image-name=\"firenze15-06.jpg\"\n\t\t\tdata-title=\"firenze15-06\"\n\t\t\tdata-description=\"Cuccioli maschi: 1\u00b0 mp miglior cucciolo, bis cuccioli Il Granaio dei Malatesta NEGRONI SBAGLIATO all. e prop. Benelli M. 2\u00b0 mp Il Granaio dei Malatesta NEW ORLEANS all. e prop. Benelli M. 3\u00b0 mp DOSSO DOSSI all. Pedrazzini G. prop. Imparato R.\"\n\t\t\tdata-image-slug=\"firenze15-06\"\n\t\t\t\t\t\t\t\t\t\t\t\t\t\t\t\t\t\t\t\tclass=\"ngg-fancybox\" rel=\"3e8815716689e0e446b4445a390fa3ca\">\n\t\t\t\t\t\t\t\t<img\n\t\t\t\t\ttitle=\"firenze15-06\"\n\t\t\t\t\talt=\"firenze15-06\"\n\t\t\t\t\tsrc=\"http:\/\/www.lagottoromagnolo.org\/wp-content\/gallery\/expo15\/thumbs\/thumbs_firenze15-06.jpg?t=1502730221\"\n\t\t\t\t\twidth=\"100\"\n\t\t\t\t\theight=\"75\"\n\t\t\t\t\tstyle=\"max-width:100%;\"\n\t\t\t\t\/>\n\t\t\t<\/a>\n\t\t<\/div>\n\t\t\t\t\t\t\t<\/div>\n\t\t\t\n\t\t\t\t<div id=\"ngg-image-6\" class=\"ngg-gallery-thumbnail-box\n\t\t\t\t\t\t\t\tngg-6-columns\t\t\t\"\n\t\t\t>\n\t\t\t\t\t\t<div class=\"ngg-gallery-thumbnail\">\n\t\t<a href=\"http:\/\/www.lagottoromagnolo.org\/wp-content\/gallery\/expo15\/firenze15-07.jpg?t=1502737998\"\n\t\t\ttitle=\"Veterani maschi: 1\u00b0 ecc miglior veterano, bis veterani BIGO all. Ammannati L. prop. Gallerini F.\"\n\t\t\tdata-src=\"http:\/\/www.lagottoromagnolo.org\/wp-content\/gallery\/expo15\/firenze15-07.jpg?t=1502737998\"\n\t\t\tdata-thumbnail=\"http:\/\/www.lagottoromagnolo.org\/wp-content\/gallery\/expo15\/thumbs\/thumbs_firenze15-07.jpg?t=1502737998\"\n\t\t\tdata-image-id=\"1741\"\n\t\t\tdata-image-name=\"firenze15-07.jpg\"\n\t\t\tdata-title=\"firenze15-07\"\n\t\t\tdata-description=\"Veterani maschi: 1\u00b0 ecc miglior veterano, bis veterani BIGO all. Ammannati L. prop. Gallerini F.\"\n\t\t\tdata-image-slug=\"firenze15-07\"\n\t\t\t\t\t\t\t\t\t\t\t\t\t\t\t\t\t\t\t\tclass=\"ngg-fancybox\" rel=\"3e8815716689e0e446b4445a390fa3ca\">\n\t\t\t\t\t\t\t\t<img\n\t\t\t\t\ttitle=\"firenze15-07\"\n\t\t\t\t\talt=\"firenze15-07\"\n\t\t\t\t\tsrc=\"http:\/\/www.lagottoromagnolo.org\/wp-content\/gallery\/expo15\/thumbs\/thumbs_firenze15-07.jpg?t=1502737998\"\n\t\t\t\t\twidth=\"100\"\n\t\t\t\t\theight=\"75\"\n\t\t\t\t\tstyle=\"max-width:100%;\"\n\t\t\t\t\/>\n\t\t\t<\/a>\n\t\t<\/div>\n\t\t\t\t\t\t\t<\/div>\n\t\t\t\n\t\t\t\t<div id=\"ngg-image-7\" class=\"ngg-gallery-thumbnail-box\n\t\t\t\t\t\t\t\tngg-6-columns\t\t\t\"\n\t\t\t>\n\t\t\t\t\t\t<div class=\"ngg-gallery-thumbnail\">\n\t\t<a href=\"http:\/\/www.lagottoromagnolo.org\/wp-content\/gallery\/expo15\/firenze15-08.jpg?t=1502737998\"\n\t\t\ttitle=\"Libera femmine: 1\u00b0 ecc cac SAETTA all. Sandberg T. prop. Boretti D.\"\n\t\t\tdata-src=\"http:\/\/www.lagottoromagnolo.org\/wp-content\/gallery\/expo15\/firenze15-08.jpg?t=1502737998\"\n\t\t\tdata-thumbnail=\"http:\/\/www.lagottoromagnolo.org\/wp-content\/gallery\/expo15\/thumbs\/thumbs_firenze15-08.jpg?t=1502737998\"\n\t\t\tdata-image-id=\"1742\"\n\t\t\tdata-image-name=\"firenze15-08.jpg\"\n\t\t\tdata-title=\"firenze15-08\"\n\t\t\tdata-description=\"Libera femmine: 1\u00b0 ecc cac SAETTA all. Sandberg T. prop. Boretti D.\"\n\t\t\tdata-image-slug=\"firenze15-08\"\n\t\t\t\t\t\t\t\t\t\t\t\t\t\t\t\t\t\t\t\tclass=\"ngg-fancybox\" rel=\"3e8815716689e0e446b4445a390fa3ca\">\n\t\t\t\t\t\t\t\t<img\n\t\t\t\t\ttitle=\"firenze15-08\"\n\t\t\t\t\talt=\"firenze15-08\"\n\t\t\t\t\tsrc=\"http:\/\/www.lagottoromagnolo.org\/wp-content\/gallery\/expo15\/thumbs\/thumbs_firenze15-08.jpg?t=1502737998\"\n\t\t\t\t\twidth=\"100\"\n\t\t\t\t\theight=\"75\"\n\t\t\t\t\tstyle=\"max-width:100%;\"\n\t\t\t\t\/>\n\t\t\t<\/a>\n\t\t<\/div>\n\t\t\t\t\t\t\t<\/div>\n\t\t\t\n\t\t\t\t<div id=\"ngg-image-8\" class=\"ngg-gallery-thumbnail-box\n\t\t\t\t\t\t\t\tngg-6-columns\t\t\t\"\n\t\t\t>\n\t\t\t\t\t\t<div class=\"ngg-gallery-thumbnail\">\n\t\t<a href=\"http:\/\/www.lagottoromagnolo.org\/wp-content\/gallery\/expo15\/firenze15-09.jpg?t=1502737998\"\n\t\t\ttitle=\"Lavoro femmine: 1\u00b0 ecc cac miglior femmina bos MANJILA LA SESSIONE CUBANA del Fatalbecco all. e prop. Poggini A. 2\u00b0 ecc ris.cac QUINTESSENZA della Taparina all. Farn\u00e8 M. prop. Santini E. 3\u00b0 ecc DIAVOLA all. e prop. Gallerini F. 4\u00b0 ecc URSULA del Monte della Dea all. Caira F. prop. Marcelli M.\"\n\t\t\tdata-src=\"http:\/\/www.lagottoromagnolo.org\/wp-content\/gallery\/expo15\/firenze15-09.jpg?t=1502737998\"\n\t\t\tdata-thumbnail=\"http:\/\/www.lagottoromagnolo.org\/wp-content\/gallery\/expo15\/thumbs\/thumbs_firenze15-09.jpg?t=1502737998\"\n\t\t\tdata-image-id=\"1743\"\n\t\t\tdata-image-name=\"firenze15-09.jpg\"\n\t\t\tdata-title=\"firenze15-09\"\n\t\t\tdata-description=\"Lavoro femmine: 1\u00b0 ecc cac miglior femmina bos MANJILA LA SESSIONE CUBANA del Fatalbecco all. e prop. Poggini A. 2\u00b0 ecc ris.cac QUINTESSENZA della Taparina all. Farn\u00e8 M. prop. Santini E. 3\u00b0 ecc DIAVOLA all. e prop. Gallerini F. 4\u00b0 ecc URSULA del Monte della Dea all. Caira F. prop. Marcelli M.\"\n\t\t\tdata-image-slug=\"firenze15-09\"\n\t\t\t\t\t\t\t\t\t\t\t\t\t\t\t\t\t\t\t\tclass=\"ngg-fancybox\" rel=\"3e8815716689e0e446b4445a390fa3ca\">\n\t\t\t\t\t\t\t\t<img\n\t\t\t\t\ttitle=\"firenze15-09\"\n\t\t\t\t\talt=\"firenze15-09\"\n\t\t\t\t\tsrc=\"http:\/\/www.lagottoromagnolo.org\/wp-content\/gallery\/expo15\/thumbs\/thumbs_firenze15-09.jpg?t=1502737998\"\n\t\t\t\t\twidth=\"100\"\n\t\t\t\t\theight=\"75\"\n\t\t\t\t\tstyle=\"max-width:100%;\"\n\t\t\t\t\/>\n\t\t\t<\/a>\n\t\t<\/div>\n\t\t\t\t\t\t\t<\/div>\n\t\t\t\n\t\t\t\t<div id=\"ngg-image-9\" class=\"ngg-gallery-thumbnail-box\n\t\t\t\t\t\t\t\tngg-6-columns\t\t\t\"\n\t\t\t>\n\t\t\t\t\t\t<div class=\"ngg-gallery-thumbnail\">\n\t\t<a href=\"http:\/\/www.lagottoromagnolo.org\/wp-content\/gallery\/expo15\/firenze15-10.jpg?t=1502737998\"\n\t\t\ttitle=\"Giovani femmine: 1\u00b0 ecc miglior giovane MOKA di Campoleone all. e prop. Rondinini L. 2\u00b0 ecc AFRODITE all. e prop. Frantellizzi M. 3\u00b0 ecc SALLY delle Terre di Gua&#039; all. Mattiello M. prop. Imparato R. 4\u00b0 ecc Il Granaio dei Malatesta QUINTINA all. e prop. Benelli M.\"\n\t\t\tdata-src=\"http:\/\/www.lagottoromagnolo.org\/wp-content\/gallery\/expo15\/firenze15-10.jpg?t=1502737998\"\n\t\t\tdata-thumbnail=\"http:\/\/www.lagottoromagnolo.org\/wp-content\/gallery\/expo15\/thumbs\/thumbs_firenze15-10.jpg?t=1502737998\"\n\t\t\tdata-image-id=\"1744\"\n\t\t\tdata-image-name=\"firenze15-10.jpg\"\n\t\t\tdata-title=\"firenze15-10\"\n\t\t\tdata-description=\"Giovani femmine: 1\u00b0 ecc miglior giovane MOKA di Campoleone all. e prop. Rondinini L. 2\u00b0 ecc AFRODITE all. e prop. Frantellizzi M. 3\u00b0 ecc SALLY delle Terre di Gua&#039; all. Mattiello M. prop. Imparato R. 4\u00b0 ecc Il Granaio dei Malatesta QUINTINA all. e prop. Benelli M.\"\n\t\t\tdata-image-slug=\"firenze15-10\"\n\t\t\t\t\t\t\t\t\t\t\t\t\t\t\t\t\t\t\t\tclass=\"ngg-fancybox\" rel=\"3e8815716689e0e446b4445a390fa3ca\">\n\t\t\t\t\t\t\t\t<img\n\t\t\t\t\ttitle=\"firenze15-10\"\n\t\t\t\t\talt=\"firenze15-10\"\n\t\t\t\t\tsrc=\"http:\/\/www.lagottoromagnolo.org\/wp-content\/gallery\/expo15\/thumbs\/thumbs_firenze15-10.jpg?t=1502737998\"\n\t\t\t\t\twidth=\"100\"\n\t\t\t\t\theight=\"75\"\n\t\t\t\t\tstyle=\"max-width:100%;\"\n\t\t\t\t\/>\n\t\t\t<\/a>\n\t\t<\/div>\n\t\t\t\t\t\t\t<\/div>\n\t\t\t\n\t\t\t\t<div id=\"ngg-image-10\" class=\"ngg-gallery-thumbnail-box\n\t\t\t\t\t\t\t\tngg-6-columns\t\t\t\"\n\t\t\t>\n\t\t\t\t\t\t<div class=\"ngg-gallery-thumbnail\">\n\t\t<a href=\"http:\/\/www.lagottoromagnolo.org\/wp-content\/gallery\/expo15\/firenze15-11.jpg?t=1502737998\"\n\t\t\ttitle=\"Juniores femmine: 1\u00b0 mp miglior juniores, 3\u00b0 bis juniores Dolce Vita JUSTINA all. Mignogna S. prop. Tonelli O. 2\u00b0 mp Il Granaio dei Malatesta TAGLIATA all. e prop. Benelli M.\"\n\t\t\tdata-src=\"http:\/\/www.lagottoromagnolo.org\/wp-content\/gallery\/expo15\/firenze15-11.jpg?t=1502737998\"\n\t\t\tdata-thumbnail=\"http:\/\/www.lagottoromagnolo.org\/wp-content\/gallery\/expo15\/thumbs\/thumbs_firenze15-11.jpg?t=1502737998\"\n\t\t\tdata-image-id=\"1745\"\n\t\t\tdata-image-name=\"firenze15-11.jpg\"\n\t\t\tdata-title=\"firenze15-11\"\n\t\t\tdata-description=\"Juniores femmine: 1\u00b0 mp miglior juniores, 3\u00b0 bis juniores Dolce Vita JUSTINA all. Mignogna S. prop. Tonelli O. 2\u00b0 mp Il Granaio dei Malatesta TAGLIATA all. e prop. Benelli M.\"\n\t\t\tdata-image-slug=\"firenze15-11\"\n\t\t\t\t\t\t\t\t\t\t\t\t\t\t\t\t\t\t\t\tclass=\"ngg-fancybox\" rel=\"3e8815716689e0e446b4445a390fa3ca\">\n\t\t\t\t\t\t\t\t<img\n\t\t\t\t\ttitle=\"firenze15-11\"\n\t\t\t\t\talt=\"firenze15-11\"\n\t\t\t\t\tsrc=\"http:\/\/www.lagottoromagnolo.org\/wp-content\/gallery\/expo15\/thumbs\/thumbs_firenze15-11.jpg?t=1502737998\"\n\t\t\t\t\twidth=\"100\"\n\t\t\t\t\theight=\"75\"\n\t\t\t\t\tstyle=\"max-width:100%;\"\n\t\t\t\t\/>\n\t\t\t<\/a>\n\t\t<\/div>\n\t\t\t\t\t\t\t<\/div>\n\t\t\t\n\t\t\t\t<div id=\"ngg-image-11\" class=\"ngg-gallery-thumbnail-box\n\t\t\t\t\t\t\t\tngg-6-columns\t\t\t\"\n\t\t\t>\n\t\t\t\t\t\t<div class=\"ngg-gallery-thumbnail\">\n\t\t<a href=\"http:\/\/www.lagottoromagnolo.org\/wp-content\/gallery\/expo15\/firenze15-12.jpg?t=1502737998\"\n\t\t\ttitle=\"Miglior maschio: 1\u00b0 Il Granaio dei Malatesta Demetrio 2\u00b0 Drew del Peschio Vicale\"\n\t\t\tdata-src=\"http:\/\/www.lagottoromagnolo.org\/wp-content\/gallery\/expo15\/firenze15-12.jpg?t=1502737998\"\n\t\t\tdata-thumbnail=\"http:\/\/www.lagottoromagnolo.org\/wp-content\/gallery\/expo15\/thumbs\/thumbs_firenze15-12.jpg?t=1502737998\"\n\t\t\tdata-image-id=\"1746\"\n\t\t\tdata-image-name=\"firenze15-12.jpg\"\n\t\t\tdata-title=\"firenze15-12\"\n\t\t\tdata-description=\"Miglior maschio: 1\u00b0 Il Granaio dei Malatesta Demetrio 2\u00b0 Drew del Peschio Vicale\"\n\t\t\tdata-image-slug=\"firenze15-12\"\n\t\t\t\t\t\t\t\t\t\t\t\t\t\t\t\t\t\t\t\tclass=\"ngg-fancybox\" rel=\"3e8815716689e0e446b4445a390fa3ca\">\n\t\t\t\t\t\t\t\t<img\n\t\t\t\t\ttitle=\"firenze15-12\"\n\t\t\t\t\talt=\"firenze15-12\"\n\t\t\t\t\tsrc=\"http:\/\/www.lagottoromagnolo.org\/wp-content\/gallery\/expo15\/thumbs\/thumbs_firenze15-12.jpg?t=1502737998\"\n\t\t\t\t\twidth=\"100\"\n\t\t\t\t\theight=\"75\"\n\t\t\t\t\tstyle=\"max-width:100%;\"\n\t\t\t\t\/>\n\t\t\t<\/a>\n\t\t<\/div>\n\t\t\t\t\t\t\t<\/div>\n\t\t\t\n\t\t\t\t<div id=\"ngg-image-12\" class=\"ngg-gallery-thumbnail-box\n\t\t\t\t\t\t\t\tngg-6-columns\t\t\t\"\n\t\t\t>\n\t\t\t\t\t\t<div class=\"ngg-gallery-thumbnail\">\n\t\t<a href=\"http:\/\/www.lagottoromagnolo.org\/wp-content\/gallery\/expo15\/firenze15-13.jpg?t=1502737998\"\n\t\t\ttitle=\"Miglior femmina: 1\u00b0 Manjila La Sessione Cubana del Fatalbecco 2\u00b0 Moka di Campoleone 3\u00b0 Saetta\"\n\t\t\tdata-src=\"http:\/\/www.lagottoromagnolo.org\/wp-content\/gallery\/expo15\/firenze15-13.jpg?t=1502737998\"\n\t\t\tdata-thumbnail=\"http:\/\/www.lagottoromagnolo.org\/wp-content\/gallery\/expo15\/thumbs\/thumbs_firenze15-13.jpg?t=1502737998\"\n\t\t\tdata-image-id=\"1747\"\n\t\t\tdata-image-name=\"firenze15-13.jpg\"\n\t\t\tdata-title=\"firenze15-13\"\n\t\t\tdata-description=\"Miglior femmina: 1\u00b0 Manjila La Sessione Cubana del Fatalbecco 2\u00b0 Moka di Campoleone 3\u00b0 Saetta\"\n\t\t\tdata-image-slug=\"firenze15-13\"\n\t\t\t\t\t\t\t\t\t\t\t\t\t\t\t\t\t\t\t\tclass=\"ngg-fancybox\" rel=\"3e8815716689e0e446b4445a390fa3ca\">\n\t\t\t\t\t\t\t\t<img\n\t\t\t\t\ttitle=\"firenze15-13\"\n\t\t\t\t\talt=\"firenze15-13\"\n\t\t\t\t\tsrc=\"http:\/\/www.lagottoromagnolo.org\/wp-content\/gallery\/expo15\/thumbs\/thumbs_firenze15-13.jpg?t=1502737998\"\n\t\t\t\t\twidth=\"100\"\n\t\t\t\t\theight=\"75\"\n\t\t\t\t\tstyle=\"max-width:100%;\"\n\t\t\t\t\/>\n\t\t\t<\/a>\n\t\t<\/div>\n\t\t\t\t\t\t\t<\/div>\n\t\t\t\n\t\t\t\t<div id=\"ngg-image-13\" class=\"ngg-gallery-thumbnail-box\n\t\t\t\t\t\t\t\tngg-6-columns\t\t\t\"\n\t\t\t>\n\t\t\t\t\t\t<div class=\"ngg-gallery-thumbnail\">\n\t\t<a href=\"http:\/\/www.lagottoromagnolo.org\/wp-content\/gallery\/expo15\/firenze15-14.jpg?t=1502737998\"\n\t\t\ttitle=\"Miglior giovane: Moka di Campoleone\"\n\t\t\tdata-src=\"http:\/\/www.lagottoromagnolo.org\/wp-content\/gallery\/expo15\/firenze15-14.jpg?t=1502737998\"\n\t\t\tdata-thumbnail=\"http:\/\/www.lagottoromagnolo.org\/wp-content\/gallery\/expo15\/thumbs\/thumbs_firenze15-14.jpg?t=1502737998\"\n\t\t\tdata-image-id=\"1748\"\n\t\t\tdata-image-name=\"firenze15-14.jpg\"\n\t\t\tdata-title=\"firenze15-14\"\n\t\t\tdata-description=\"Miglior giovane: Moka di Campoleone\"\n\t\t\tdata-image-slug=\"firenze15-14\"\n\t\t\t\t\t\t\t\t\t\t\t\t\t\t\t\t\t\t\t\tclass=\"ngg-fancybox\" rel=\"3e8815716689e0e446b4445a390fa3ca\">\n\t\t\t\t\t\t\t\t<img\n\t\t\t\t\ttitle=\"firenze15-14\"\n\t\t\t\t\talt=\"firenze15-14\"\n\t\t\t\t\tsrc=\"http:\/\/www.lagottoromagnolo.org\/wp-content\/gallery\/expo15\/thumbs\/thumbs_firenze15-14.jpg?t=1502737998\"\n\t\t\t\t\twidth=\"100\"\n\t\t\t\t\theight=\"75\"\n\t\t\t\t\tstyle=\"max-width:100%;\"\n\t\t\t\t\/>\n\t\t\t<\/a>\n\t\t<\/div>\n\t\t\t\t\t\t\t<\/div>\n\t\t\t\n\t\t\t\t<div id=\"ngg-image-14\" class=\"ngg-gallery-thumbnail-box\n\t\t\t\t\t\t\t\tngg-6-columns\t\t\t\"\n\t\t\t>\n\t\t\t\t\t\t<div class=\"ngg-gallery-thumbnail\">\n\t\t<a href=\"http:\/\/www.lagottoromagnolo.org\/wp-content\/gallery\/expo15\/firenze15-15.jpg?t=1502737998\"\n\t\t\ttitle=\"Vincitore miglior testa: Ginko\"\n\t\t\tdata-src=\"http:\/\/www.lagottoromagnolo.org\/wp-content\/gallery\/expo15\/firenze15-15.jpg?t=1502737998\"\n\t\t\tdata-thumbnail=\"http:\/\/www.lagottoromagnolo.org\/wp-content\/gallery\/expo15\/thumbs\/thumbs_firenze15-15.jpg?t=1502737998\"\n\t\t\tdata-image-id=\"1749\"\n\t\t\tdata-image-name=\"firenze15-15.jpg\"\n\t\t\tdata-title=\"firenze15-15\"\n\t\t\tdata-description=\"Vincitore miglior testa: Ginko\"\n\t\t\tdata-image-slug=\"firenze15-15\"\n\t\t\t\t\t\t\t\t\t\t\t\t\t\t\t\t\t\t\t\tclass=\"ngg-fancybox\" rel=\"3e8815716689e0e446b4445a390fa3ca\">\n\t\t\t\t\t\t\t\t<img\n\t\t\t\t\ttitle=\"firenze15-15\"\n\t\t\t\t\talt=\"firenze15-15\"\n\t\t\t\t\tsrc=\"http:\/\/www.lagottoromagnolo.org\/wp-content\/gallery\/expo15\/thumbs\/thumbs_firenze15-15.jpg?t=1502737998\"\n\t\t\t\t\twidth=\"100\"\n\t\t\t\t\theight=\"75\"\n\t\t\t\t\tstyle=\"max-width:100%;\"\n\t\t\t\t\/>\n\t\t\t<\/a>\n\t\t<\/div>\n\t\t\t\t\t\t\t<\/div>\n\t\t\t\n\t\t\t\t<div id=\"ngg-image-15\" class=\"ngg-gallery-thumbnail-box\n\t\t\t\t\t\t\t\tngg-6-columns\t\t\t\"\n\t\t\t>\n\t\t\t\t\t\t<div class=\"ngg-gallery-thumbnail\">\n\t\t<a href=\"http:\/\/www.lagottoromagnolo.org\/wp-content\/gallery\/expo15\/firenze15-16.jpg?t=1553022520\"\n\t\t\ttitle=\"I due migliori soggetti della mostra bob Il Granaio dei Malatesta DEMETRIO all. Benelli M. prop. Orietta T. e bos MANJILA LA SESSIONE CUBANA del Fatalbecco all. e prop. Poggini A.\"\n\t\t\tdata-src=\"http:\/\/www.lagottoromagnolo.org\/wp-content\/gallery\/expo15\/firenze15-16.jpg?t=1553022520\"\n\t\t\tdata-thumbnail=\"http:\/\/www.lagottoromagnolo.org\/wp-content\/gallery\/expo15\/thumbs\/thumbs_firenze15-16.jpg?t=1553022520\"\n\t\t\tdata-image-id=\"1750\"\n\t\t\tdata-image-name=\"firenze15-16.jpg\"\n\t\t\tdata-title=\"firenze15-16\"\n\t\t\tdata-description=\"I due migliori soggetti della mostra bob Il Granaio dei Malatesta DEMETRIO all. Benelli M. prop. Orietta T. e bos MANJILA LA SESSIONE CUBANA del Fatalbecco all. e prop. Poggini A.\"\n\t\t\tdata-image-slug=\"firenze15-16\"\n\t\t\t\t\t\t\t\t\t\t\t\t\t\t\t\t\t\t\t\tclass=\"ngg-fancybox\" rel=\"3e8815716689e0e446b4445a390fa3ca\">\n\t\t\t\t\t\t\t\t<img\n\t\t\t\t\ttitle=\"firenze15-16\"\n\t\t\t\t\talt=\"firenze15-16\"\n\t\t\t\t\tsrc=\"http:\/\/www.lagottoromagnolo.org\/wp-content\/gallery\/expo15\/thumbs\/thumbs_firenze15-16.jpg?t=1553022520\"\n\t\t\t\t\twidth=\"100\"\n\t\t\t\t\theight=\"75\"\n\t\t\t\t\tstyle=\"max-width:100%;\"\n\t\t\t\t\/>\n\t\t\t<\/a>\n\t\t<\/div>\n\t\t\t\t\t\t\t<\/div>\n\t\t\t\n\t\n\t<br style=\"clear: both\" \/>\n\n\t\n\t\t<div class=\"ngg-clear\"><\/div>\n\t<\/div>\n<\/p>\n<hr \/>\n<p style=\"text-align: left;\"><a id=\"bagnara\"><\/a><span style=\"font-size: 6pt;\">.<\/span><\/p>\n<p style=\"text-align: center;\"><strong>RADUNO NAZIONALE C.I.L. \u2013 CAMPIONATO SOCIALE<\/strong><\/p>\n<p style=\"text-align: center;\"><strong>BAGNARA DI ROMAGNA<\/strong><br \/>\n2-3 ottobre 2015<\/p>\n<p style=\"text-align: center;\">Giudici:<br \/>\n<strong>Alessandro Zeppi<\/strong> &#8211; maschi e femmine classi juniores, cuccioli, veterani<br \/>\n<strong>Giovanni Morsiani<\/strong>\u00a0&#8211; femmine classi campioni, libera, lavoro, intermedia e giovani<br \/>\n<strong>Gilberto Grandi<\/strong> &#8211; maschi classi campioni, libera, lavoro, intermedia e giovani<\/p>\n<p style=\"text-align: center;\">170 iscritti<\/p>\n<p style=\"text-align: center;\">ngg_shortcode_11_placeholder<\/p>\n<p style=\"text-align: center;\"><strong>bob MANJLA SESSIONE CUBANA del Fatalbecco<\/strong> all. e prop. Poggini A.<br \/>\n<strong>bos<\/strong> <strong>Rozebottel\u2019s PLAYBOY<\/strong> all. e prop. Van Gemert K.<\/p>\n<p style=\"text-align: left;\"><strong>Ring d&#8217;onore<\/strong><\/p>\n<p><strong><!-- default-view.php -->\n<div\n\tclass=\"ngg-galleryoverview default-view\n\t\t\"\n\tid=\"ngg-gallery-ad9bf733043e28f2df90f16b2e1ab19e-1\"\n\tdata-nextgen-gallery-id=\"150\"\n\tdata-gallery-id=\"150\"\n\t\tdata-gallery-name=\"expo15\"\n\t>\n\n\t\t<!-- Thumbnails -->\n\t\t\t\t<div id=\"ngg-image-0\" class=\"ngg-gallery-thumbnail-box\n\t\t\t\t\t\t\t\tngg-6-columns\t\t\t\"\n\t\t\t>\n\t\t\t\t\t\t<div class=\"ngg-gallery-thumbnail\">\n\t\t<a href=\"http:\/\/www.lagottoromagnolo.org\/wp-content\/gallery\/expo15\/bag15-01.jpg?t=1502744912\"\n\t\t\ttitle=\"miglior cucciolo DESTER del Ginestreto all. e prop. Zavagli E.\"\n\t\t\tdata-src=\"http:\/\/www.lagottoromagnolo.org\/wp-content\/gallery\/expo15\/bag15-01.jpg?t=1502744912\"\n\t\t\tdata-thumbnail=\"http:\/\/www.lagottoromagnolo.org\/wp-content\/gallery\/expo15\/thumbs\/thumbs_bag15-01.jpg?t=1502744912\"\n\t\t\tdata-image-id=\"1809\"\n\t\t\tdata-image-name=\"bag15-01.jpg\"\n\t\t\tdata-title=\"bag15-01\"\n\t\t\tdata-description=\"miglior cucciolo DESTER del Ginestreto all. e prop. Zavagli E.\"\n\t\t\tdata-image-slug=\"bag15-01\"\n\t\t\t\t\t\t\t\t\t\t\t\t\t\t\t\t\t\t\t\tclass=\"ngg-fancybox\" rel=\"ad9bf733043e28f2df90f16b2e1ab19e\">\n\t\t\t\t\t\t\t\t<img\n\t\t\t\t\ttitle=\"bag15-01\"\n\t\t\t\t\talt=\"bag15-01\"\n\t\t\t\t\tsrc=\"http:\/\/www.lagottoromagnolo.org\/wp-content\/gallery\/expo15\/thumbs\/thumbs_bag15-01.jpg?t=1502744912\"\n\t\t\t\t\twidth=\"100\"\n\t\t\t\t\theight=\"75\"\n\t\t\t\t\tstyle=\"max-width:100%;\"\n\t\t\t\t\/>\n\t\t\t<\/a>\n\t\t<\/div>\n\t\t\t\t\t\t\t<\/div>\n\t\t\t\n\t\t\t\t<div id=\"ngg-image-1\" class=\"ngg-gallery-thumbnail-box\n\t\t\t\t\t\t\t\tngg-6-columns\t\t\t\"\n\t\t\t>\n\t\t\t\t\t\t<div class=\"ngg-gallery-thumbnail\">\n\t\t<a href=\"http:\/\/www.lagottoromagnolo.org\/wp-content\/gallery\/expo15\/bag15-02.jpg?t=1502742851\"\n\t\t\ttitle=\"miglior juniores Praxtars JUMPING JILL all. e prop. Ludvigsen T.\"\n\t\t\tdata-src=\"http:\/\/www.lagottoromagnolo.org\/wp-content\/gallery\/expo15\/bag15-02.jpg?t=1502742851\"\n\t\t\tdata-thumbnail=\"http:\/\/www.lagottoromagnolo.org\/wp-content\/gallery\/expo15\/thumbs\/thumbs_bag15-02.jpg?t=1502742851\"\n\t\t\tdata-image-id=\"1810\"\n\t\t\tdata-image-name=\"bag15-02.jpg\"\n\t\t\tdata-title=\"bag15-02\"\n\t\t\tdata-description=\"miglior juniores Praxtars JUMPING JILL all. e prop. Ludvigsen T.\"\n\t\t\tdata-image-slug=\"bag15-02\"\n\t\t\t\t\t\t\t\t\t\t\t\t\t\t\t\t\t\t\t\tclass=\"ngg-fancybox\" rel=\"ad9bf733043e28f2df90f16b2e1ab19e\">\n\t\t\t\t\t\t\t\t<img\n\t\t\t\t\ttitle=\"bag15-02\"\n\t\t\t\t\talt=\"bag15-02\"\n\t\t\t\t\tsrc=\"http:\/\/www.lagottoromagnolo.org\/wp-content\/gallery\/expo15\/thumbs\/thumbs_bag15-02.jpg?t=1502742851\"\n\t\t\t\t\twidth=\"100\"\n\t\t\t\t\theight=\"75\"\n\t\t\t\t\tstyle=\"max-width:100%;\"\n\t\t\t\t\/>\n\t\t\t<\/a>\n\t\t<\/div>\n\t\t\t\t\t\t\t<\/div>\n\t\t\t\n\t\t\t\t<div id=\"ngg-image-2\" class=\"ngg-gallery-thumbnail-box\n\t\t\t\t\t\t\t\tngg-6-columns\t\t\t\"\n\t\t\t>\n\t\t\t\t\t\t<div class=\"ngg-gallery-thumbnail\">\n\t\t<a href=\"http:\/\/www.lagottoromagnolo.org\/wp-content\/gallery\/expo15\/bag15-03.jpg?t=1502742851\"\n\t\t\ttitle=\"miglior veterano Comes Cordis CARAMELLA all. Ruoff U. prop. Preisig H.W.\"\n\t\t\tdata-src=\"http:\/\/www.lagottoromagnolo.org\/wp-content\/gallery\/expo15\/bag15-03.jpg?t=1502742851\"\n\t\t\tdata-thumbnail=\"http:\/\/www.lagottoromagnolo.org\/wp-content\/gallery\/expo15\/thumbs\/thumbs_bag15-03.jpg?t=1502742851\"\n\t\t\tdata-image-id=\"1811\"\n\t\t\tdata-image-name=\"bag15-03.jpg\"\n\t\t\tdata-title=\"bag15-03\"\n\t\t\tdata-description=\"miglior veterano Comes Cordis CARAMELLA all. Ruoff U. prop. Preisig H.W.\"\n\t\t\tdata-image-slug=\"bag15-03\"\n\t\t\t\t\t\t\t\t\t\t\t\t\t\t\t\t\t\t\t\tclass=\"ngg-fancybox\" rel=\"ad9bf733043e28f2df90f16b2e1ab19e\">\n\t\t\t\t\t\t\t\t<img\n\t\t\t\t\ttitle=\"bag15-03\"\n\t\t\t\t\talt=\"bag15-03\"\n\t\t\t\t\tsrc=\"http:\/\/www.lagottoromagnolo.org\/wp-content\/gallery\/expo15\/thumbs\/thumbs_bag15-03.jpg?t=1502742851\"\n\t\t\t\t\twidth=\"100\"\n\t\t\t\t\theight=\"75\"\n\t\t\t\t\tstyle=\"max-width:100%;\"\n\t\t\t\t\/>\n\t\t\t<\/a>\n\t\t<\/div>\n\t\t\t\t\t\t\t<\/div>\n\t\t\t\n\t\t\t\t<div id=\"ngg-image-3\" class=\"ngg-gallery-thumbnail-box\n\t\t\t\t\t\t\t\tngg-6-columns\t\t\t\"\n\t\t\t>\n\t\t\t\t\t\t<div class=\"ngg-gallery-thumbnail\">\n\t\t<a href=\"http:\/\/www.lagottoromagnolo.org\/wp-content\/gallery\/expo15\/bag15-04.jpg?t=1502742851\"\n\t\t\ttitle=\"Giudice per le classi cuccioli, juniores e veterani: Alessandro Zeppi\"\n\t\t\tdata-src=\"http:\/\/www.lagottoromagnolo.org\/wp-content\/gallery\/expo15\/bag15-04.jpg?t=1502742851\"\n\t\t\tdata-thumbnail=\"http:\/\/www.lagottoromagnolo.org\/wp-content\/gallery\/expo15\/thumbs\/thumbs_bag15-04.jpg?t=1502742851\"\n\t\t\tdata-image-id=\"1812\"\n\t\t\tdata-image-name=\"bag15-04.jpg\"\n\t\t\tdata-title=\"bag15-04\"\n\t\t\tdata-description=\"Giudice per le classi cuccioli, juniores e veterani: Alessandro Zeppi\"\n\t\t\tdata-image-slug=\"bag15-04\"\n\t\t\t\t\t\t\t\t\t\t\t\t\t\t\t\t\t\t\t\tclass=\"ngg-fancybox\" rel=\"ad9bf733043e28f2df90f16b2e1ab19e\">\n\t\t\t\t\t\t\t\t<img\n\t\t\t\t\ttitle=\"bag15-04\"\n\t\t\t\t\talt=\"bag15-04\"\n\t\t\t\t\tsrc=\"http:\/\/www.lagottoromagnolo.org\/wp-content\/gallery\/expo15\/thumbs\/thumbs_bag15-04.jpg?t=1502742851\"\n\t\t\t\t\twidth=\"100\"\n\t\t\t\t\theight=\"75\"\n\t\t\t\t\tstyle=\"max-width:100%;\"\n\t\t\t\t\/>\n\t\t\t<\/a>\n\t\t<\/div>\n\t\t\t\t\t\t\t<\/div>\n\t\t\t\n\t\t\t\t<div id=\"ngg-image-4\" class=\"ngg-gallery-thumbnail-box\n\t\t\t\t\t\t\t\tngg-6-columns\t\t\t\"\n\t\t\t>\n\t\t\t\t\t\t<div class=\"ngg-gallery-thumbnail\">\n\t\t<a href=\"http:\/\/www.lagottoromagnolo.org\/wp-content\/gallery\/expo15\/bag15-05.jpg?t=1502742851\"\n\t\t\ttitle=\"miglior giovane Rozebottel\u2019s PLAYBOY all. e prop. Van Gemert K.\"\n\t\t\tdata-src=\"http:\/\/www.lagottoromagnolo.org\/wp-content\/gallery\/expo15\/bag15-05.jpg?t=1502742851\"\n\t\t\tdata-thumbnail=\"http:\/\/www.lagottoromagnolo.org\/wp-content\/gallery\/expo15\/thumbs\/thumbs_bag15-05.jpg?t=1502742851\"\n\t\t\tdata-image-id=\"1813\"\n\t\t\tdata-image-name=\"bag15-05.jpg\"\n\t\t\tdata-title=\"bag15-05\"\n\t\t\tdata-description=\"miglior giovane Rozebottel\u2019s PLAYBOY all. e prop. Van Gemert K.\"\n\t\t\tdata-image-slug=\"bag15-05\"\n\t\t\t\t\t\t\t\t\t\t\t\t\t\t\t\t\t\t\t\tclass=\"ngg-fancybox\" rel=\"ad9bf733043e28f2df90f16b2e1ab19e\">\n\t\t\t\t\t\t\t\t<img\n\t\t\t\t\ttitle=\"bag15-05\"\n\t\t\t\t\talt=\"bag15-05\"\n\t\t\t\t\tsrc=\"http:\/\/www.lagottoromagnolo.org\/wp-content\/gallery\/expo15\/thumbs\/thumbs_bag15-05.jpg?t=1502742851\"\n\t\t\t\t\twidth=\"100\"\n\t\t\t\t\theight=\"75\"\n\t\t\t\t\tstyle=\"max-width:100%;\"\n\t\t\t\t\/>\n\t\t\t<\/a>\n\t\t<\/div>\n\t\t\t\t\t\t\t<\/div>\n\t\t\t\n\t\t\t\t<div id=\"ngg-image-5\" class=\"ngg-gallery-thumbnail-box\n\t\t\t\t\t\t\t\tngg-6-columns\t\t\t\"\n\t\t\t>\n\t\t\t\t\t\t<div class=\"ngg-gallery-thumbnail\">\n\t\t<a href=\"http:\/\/www.lagottoromagnolo.org\/wp-content\/gallery\/expo15\/bag15-06.jpg?t=1502742851\"\n\t\t\ttitle=\"miglior maschio Rozebottel\u2019s PLAYBOY all. e prop. Van Gemert K.\"\n\t\t\tdata-src=\"http:\/\/www.lagottoromagnolo.org\/wp-content\/gallery\/expo15\/bag15-06.jpg?t=1502742851\"\n\t\t\tdata-thumbnail=\"http:\/\/www.lagottoromagnolo.org\/wp-content\/gallery\/expo15\/thumbs\/thumbs_bag15-06.jpg?t=1502742851\"\n\t\t\tdata-image-id=\"1814\"\n\t\t\tdata-image-name=\"bag15-06.jpg\"\n\t\t\tdata-title=\"bag15-06\"\n\t\t\tdata-description=\"miglior maschio Rozebottel\u2019s PLAYBOY all. e prop. Van Gemert K.\"\n\t\t\tdata-image-slug=\"bag15-06\"\n\t\t\t\t\t\t\t\t\t\t\t\t\t\t\t\t\t\t\t\tclass=\"ngg-fancybox\" rel=\"ad9bf733043e28f2df90f16b2e1ab19e\">\n\t\t\t\t\t\t\t\t<img\n\t\t\t\t\ttitle=\"bag15-06\"\n\t\t\t\t\talt=\"bag15-06\"\n\t\t\t\t\tsrc=\"http:\/\/www.lagottoromagnolo.org\/wp-content\/gallery\/expo15\/thumbs\/thumbs_bag15-06.jpg?t=1502742851\"\n\t\t\t\t\twidth=\"100\"\n\t\t\t\t\theight=\"75\"\n\t\t\t\t\tstyle=\"max-width:100%;\"\n\t\t\t\t\/>\n\t\t\t<\/a>\n\t\t<\/div>\n\t\t\t\t\t\t\t<\/div>\n\t\t\t\n\t\t\t\t<div id=\"ngg-image-6\" class=\"ngg-gallery-thumbnail-box\n\t\t\t\t\t\t\t\tngg-6-columns\t\t\t\"\n\t\t\t>\n\t\t\t\t\t\t<div class=\"ngg-gallery-thumbnail\">\n\t\t<a href=\"http:\/\/www.lagottoromagnolo.org\/wp-content\/gallery\/expo15\/bag15-07.jpg?t=1502742851\"\n\t\t\ttitle=\"Campione Sociale Rozebottel\u2019s BIG SPENDER all. e prop. Van Gemert K.\"\n\t\t\tdata-src=\"http:\/\/www.lagottoromagnolo.org\/wp-content\/gallery\/expo15\/bag15-07.jpg?t=1502742851\"\n\t\t\tdata-thumbnail=\"http:\/\/www.lagottoromagnolo.org\/wp-content\/gallery\/expo15\/thumbs\/thumbs_bag15-07.jpg?t=1502742851\"\n\t\t\tdata-image-id=\"1815\"\n\t\t\tdata-image-name=\"bag15-07.jpg\"\n\t\t\tdata-title=\"bag15-07\"\n\t\t\tdata-description=\"Campione Sociale Rozebottel\u2019s BIG SPENDER all. e prop. Van Gemert K.\"\n\t\t\tdata-image-slug=\"bag15-07\"\n\t\t\t\t\t\t\t\t\t\t\t\t\t\t\t\t\t\t\t\tclass=\"ngg-fancybox\" rel=\"ad9bf733043e28f2df90f16b2e1ab19e\">\n\t\t\t\t\t\t\t\t<img\n\t\t\t\t\ttitle=\"bag15-07\"\n\t\t\t\t\talt=\"bag15-07\"\n\t\t\t\t\tsrc=\"http:\/\/www.lagottoromagnolo.org\/wp-content\/gallery\/expo15\/thumbs\/thumbs_bag15-07.jpg?t=1502742851\"\n\t\t\t\t\twidth=\"100\"\n\t\t\t\t\theight=\"75\"\n\t\t\t\t\tstyle=\"max-width:100%;\"\n\t\t\t\t\/>\n\t\t\t<\/a>\n\t\t<\/div>\n\t\t\t\t\t\t\t<\/div>\n\t\t\t\n\t\t\t\t<div id=\"ngg-image-7\" class=\"ngg-gallery-thumbnail-box\n\t\t\t\t\t\t\t\tngg-6-columns\t\t\t\"\n\t\t\t>\n\t\t\t\t\t\t<div class=\"ngg-gallery-thumbnail\">\n\t\t<a href=\"http:\/\/www.lagottoromagnolo.org\/wp-content\/gallery\/expo15\/bag15-08.jpg?t=1502742851\"\n\t\t\ttitle=\"miglior femmina, Campione Sociale MANJLA LA SESSIONE CUBANA del Fatalbecco all. e prop. Poggini A.\"\n\t\t\tdata-src=\"http:\/\/www.lagottoromagnolo.org\/wp-content\/gallery\/expo15\/bag15-08.jpg?t=1502742851\"\n\t\t\tdata-thumbnail=\"http:\/\/www.lagottoromagnolo.org\/wp-content\/gallery\/expo15\/thumbs\/thumbs_bag15-08.jpg?t=1502742851\"\n\t\t\tdata-image-id=\"1816\"\n\t\t\tdata-image-name=\"bag15-08.jpg\"\n\t\t\tdata-title=\"bag15-08\"\n\t\t\tdata-description=\"miglior femmina, Campione Sociale MANJLA LA SESSIONE CUBANA del Fatalbecco all. e prop. Poggini A.\"\n\t\t\tdata-image-slug=\"bag15-08\"\n\t\t\t\t\t\t\t\t\t\t\t\t\t\t\t\t\t\t\t\tclass=\"ngg-fancybox\" rel=\"ad9bf733043e28f2df90f16b2e1ab19e\">\n\t\t\t\t\t\t\t\t<img\n\t\t\t\t\ttitle=\"bag15-08\"\n\t\t\t\t\talt=\"bag15-08\"\n\t\t\t\t\tsrc=\"http:\/\/www.lagottoromagnolo.org\/wp-content\/gallery\/expo15\/thumbs\/thumbs_bag15-08.jpg?t=1502742851\"\n\t\t\t\t\twidth=\"100\"\n\t\t\t\t\theight=\"75\"\n\t\t\t\t\tstyle=\"max-width:100%;\"\n\t\t\t\t\/>\n\t\t\t<\/a>\n\t\t<\/div>\n\t\t\t\t\t\t\t<\/div>\n\t\t\t\n\t\t\t\t<div id=\"ngg-image-8\" class=\"ngg-gallery-thumbnail-box\n\t\t\t\t\t\t\t\tngg-6-columns\t\t\t\"\n\t\t\t>\n\t\t\t\t\t\t<div class=\"ngg-gallery-thumbnail\">\n\t\t<a href=\"http:\/\/www.lagottoromagnolo.org\/wp-content\/gallery\/expo15\/bag15-09.jpg?t=1502742851\"\n\t\t\ttitle=\"Trofeo per il migliore movimento e costruzione: Rozebottel\u2019s PLAYBOY\"\n\t\t\tdata-src=\"http:\/\/www.lagottoromagnolo.org\/wp-content\/gallery\/expo15\/bag15-09.jpg?t=1502742851\"\n\t\t\tdata-thumbnail=\"http:\/\/www.lagottoromagnolo.org\/wp-content\/gallery\/expo15\/thumbs\/thumbs_bag15-09.jpg?t=1502742851\"\n\t\t\tdata-image-id=\"1817\"\n\t\t\tdata-image-name=\"bag15-09.jpg\"\n\t\t\tdata-title=\"bag15-09\"\n\t\t\tdata-description=\"Trofeo per il migliore movimento e costruzione: Rozebottel\u2019s PLAYBOY\"\n\t\t\tdata-image-slug=\"bag15-09\"\n\t\t\t\t\t\t\t\t\t\t\t\t\t\t\t\t\t\t\t\tclass=\"ngg-fancybox\" rel=\"ad9bf733043e28f2df90f16b2e1ab19e\">\n\t\t\t\t\t\t\t\t<img\n\t\t\t\t\ttitle=\"bag15-09\"\n\t\t\t\t\talt=\"bag15-09\"\n\t\t\t\t\tsrc=\"http:\/\/www.lagottoromagnolo.org\/wp-content\/gallery\/expo15\/thumbs\/thumbs_bag15-09.jpg?t=1502742851\"\n\t\t\t\t\twidth=\"100\"\n\t\t\t\t\theight=\"75\"\n\t\t\t\t\tstyle=\"max-width:100%;\"\n\t\t\t\t\/>\n\t\t\t<\/a>\n\t\t<\/div>\n\t\t\t\t\t\t\t<\/div>\n\t\t\t\n\t\t\t\t<div id=\"ngg-image-9\" class=\"ngg-gallery-thumbnail-box\n\t\t\t\t\t\t\t\tngg-6-columns\t\t\t\"\n\t\t\t>\n\t\t\t\t\t\t<div class=\"ngg-gallery-thumbnail\">\n\t\t<a href=\"http:\/\/www.lagottoromagnolo.org\/wp-content\/gallery\/expo15\/bag15-10.jpg?t=1502742851\"\n\t\t\ttitle=\"Trofeo per il migliore mantello: ORSO della Cascinetta\"\n\t\t\tdata-src=\"http:\/\/www.lagottoromagnolo.org\/wp-content\/gallery\/expo15\/bag15-10.jpg?t=1502742851\"\n\t\t\tdata-thumbnail=\"http:\/\/www.lagottoromagnolo.org\/wp-content\/gallery\/expo15\/thumbs\/thumbs_bag15-10.jpg?t=1502742851\"\n\t\t\tdata-image-id=\"1818\"\n\t\t\tdata-image-name=\"bag15-10.jpg\"\n\t\t\tdata-title=\"bag15-10\"\n\t\t\tdata-description=\"Trofeo per il migliore mantello: ORSO della Cascinetta\"\n\t\t\tdata-image-slug=\"bag15-10\"\n\t\t\t\t\t\t\t\t\t\t\t\t\t\t\t\t\t\t\t\tclass=\"ngg-fancybox\" rel=\"ad9bf733043e28f2df90f16b2e1ab19e\">\n\t\t\t\t\t\t\t\t<img\n\t\t\t\t\ttitle=\"bag15-10\"\n\t\t\t\t\talt=\"bag15-10\"\n\t\t\t\t\tsrc=\"http:\/\/www.lagottoromagnolo.org\/wp-content\/gallery\/expo15\/thumbs\/thumbs_bag15-10.jpg?t=1502742851\"\n\t\t\t\t\twidth=\"100\"\n\t\t\t\t\theight=\"75\"\n\t\t\t\t\tstyle=\"max-width:100%;\"\n\t\t\t\t\/>\n\t\t\t<\/a>\n\t\t<\/div>\n\t\t\t\t\t\t\t<\/div>\n\t\t\t\n\t\t\t\t<div id=\"ngg-image-10\" class=\"ngg-gallery-thumbnail-box\n\t\t\t\t\t\t\t\tngg-6-columns\t\t\t\"\n\t\t\t>\n\t\t\t\t\t\t<div class=\"ngg-gallery-thumbnail\">\n\t\t<a href=\"http:\/\/www.lagottoromagnolo.org\/wp-content\/gallery\/expo15\/bag15-11.jpg?t=1502742851\"\n\t\t\ttitle=\"Trofeo \u201cLuciano Bernabei\u201d per la miglior testa: NUTELLA del Monte della Dea\"\n\t\t\tdata-src=\"http:\/\/www.lagottoromagnolo.org\/wp-content\/gallery\/expo15\/bag15-11.jpg?t=1502742851\"\n\t\t\tdata-thumbnail=\"http:\/\/www.lagottoromagnolo.org\/wp-content\/gallery\/expo15\/thumbs\/thumbs_bag15-11.jpg?t=1502742851\"\n\t\t\tdata-image-id=\"1819\"\n\t\t\tdata-image-name=\"bag15-11.jpg\"\n\t\t\tdata-title=\"bag15-11\"\n\t\t\tdata-description=\"Trofeo \u201cLuciano Bernabei\u201d per la miglior testa: NUTELLA del Monte della Dea\"\n\t\t\tdata-image-slug=\"bag15-11\"\n\t\t\t\t\t\t\t\t\t\t\t\t\t\t\t\t\t\t\t\tclass=\"ngg-fancybox\" rel=\"ad9bf733043e28f2df90f16b2e1ab19e\">\n\t\t\t\t\t\t\t\t<img\n\t\t\t\t\ttitle=\"bag15-11\"\n\t\t\t\t\talt=\"bag15-11\"\n\t\t\t\t\tsrc=\"http:\/\/www.lagottoromagnolo.org\/wp-content\/gallery\/expo15\/thumbs\/thumbs_bag15-11.jpg?t=1502742851\"\n\t\t\t\t\twidth=\"100\"\n\t\t\t\t\theight=\"75\"\n\t\t\t\t\tstyle=\"max-width:100%;\"\n\t\t\t\t\/>\n\t\t\t<\/a>\n\t\t<\/div>\n\t\t\t\t\t\t\t<\/div>\n\t\t\t\n\t\t\t\t<div id=\"ngg-image-11\" class=\"ngg-gallery-thumbnail-box\n\t\t\t\t\t\t\t\tngg-6-columns\t\t\t\"\n\t\t\t>\n\t\t\t\t\t\t<div class=\"ngg-gallery-thumbnail\">\n\t\t<a href=\"http:\/\/www.lagottoromagnolo.org\/wp-content\/gallery\/expo15\/bag15-12.jpg?t=1502742851\"\n\t\t\ttitle=\"Miglior coppia: FUFI \u2013 Villa Bottacci FLORA\"\n\t\t\tdata-src=\"http:\/\/www.lagottoromagnolo.org\/wp-content\/gallery\/expo15\/bag15-12.jpg?t=1502742851\"\n\t\t\tdata-thumbnail=\"http:\/\/www.lagottoromagnolo.org\/wp-content\/gallery\/expo15\/thumbs\/thumbs_bag15-12.jpg?t=1502742851\"\n\t\t\tdata-image-id=\"1820\"\n\t\t\tdata-image-name=\"bag15-12.jpg\"\n\t\t\tdata-title=\"bag15-12\"\n\t\t\tdata-description=\"Miglior coppia: FUFI \u2013 Villa Bottacci FLORA\"\n\t\t\tdata-image-slug=\"bag15-12\"\n\t\t\t\t\t\t\t\t\t\t\t\t\t\t\t\t\t\t\t\tclass=\"ngg-fancybox\" rel=\"ad9bf733043e28f2df90f16b2e1ab19e\">\n\t\t\t\t\t\t\t\t<img\n\t\t\t\t\ttitle=\"bag15-12\"\n\t\t\t\t\talt=\"bag15-12\"\n\t\t\t\t\tsrc=\"http:\/\/www.lagottoromagnolo.org\/wp-content\/gallery\/expo15\/thumbs\/thumbs_bag15-12.jpg?t=1502742851\"\n\t\t\t\t\twidth=\"100\"\n\t\t\t\t\theight=\"75\"\n\t\t\t\t\tstyle=\"max-width:100%;\"\n\t\t\t\t\/>\n\t\t\t<\/a>\n\t\t<\/div>\n\t\t\t\t\t\t\t<\/div>\n\t\t\t\n\t\t\t\t<div id=\"ngg-image-12\" class=\"ngg-gallery-thumbnail-box\n\t\t\t\t\t\t\t\tngg-6-columns\t\t\t\"\n\t\t\t>\n\t\t\t\t\t\t<div class=\"ngg-gallery-thumbnail\">\n\t\t<a href=\"http:\/\/www.lagottoromagnolo.org\/wp-content\/gallery\/expo15\/bag15-13.jpg?t=1502742851\"\n\t\t\ttitle=\"Miglior gruppo: GINKO, LUPIN di Campoleone, NUTELLA del Monte della Dea\"\n\t\t\tdata-src=\"http:\/\/www.lagottoromagnolo.org\/wp-content\/gallery\/expo15\/bag15-13.jpg?t=1502742851\"\n\t\t\tdata-thumbnail=\"http:\/\/www.lagottoromagnolo.org\/wp-content\/gallery\/expo15\/thumbs\/thumbs_bag15-13.jpg?t=1502742851\"\n\t\t\tdata-image-id=\"1821\"\n\t\t\tdata-image-name=\"bag15-13.jpg\"\n\t\t\tdata-title=\"bag15-13\"\n\t\t\tdata-description=\"Miglior gruppo: GINKO, LUPIN di Campoleone, NUTELLA del Monte della Dea\"\n\t\t\tdata-image-slug=\"bag15-13\"\n\t\t\t\t\t\t\t\t\t\t\t\t\t\t\t\t\t\t\t\tclass=\"ngg-fancybox\" rel=\"ad9bf733043e28f2df90f16b2e1ab19e\">\n\t\t\t\t\t\t\t\t<img\n\t\t\t\t\ttitle=\"bag15-13\"\n\t\t\t\t\talt=\"bag15-13\"\n\t\t\t\t\tsrc=\"http:\/\/www.lagottoromagnolo.org\/wp-content\/gallery\/expo15\/thumbs\/thumbs_bag15-13.jpg?t=1502742851\"\n\t\t\t\t\twidth=\"100\"\n\t\t\t\t\theight=\"75\"\n\t\t\t\t\tstyle=\"max-width:100%;\"\n\t\t\t\t\/>\n\t\t\t<\/a>\n\t\t<\/div>\n\t\t\t\t\t\t\t<\/div>\n\t\t\t\n\t\t\t\t<div id=\"ngg-image-13\" class=\"ngg-gallery-thumbnail-box\n\t\t\t\t\t\t\t\tngg-6-columns\t\t\t\"\n\t\t\t>\n\t\t\t\t\t\t<div class=\"ngg-gallery-thumbnail\">\n\t\t<a href=\"http:\/\/www.lagottoromagnolo.org\/wp-content\/gallery\/expo15\/bag15-14.jpg?t=1502742851\"\n\t\t\ttitle=\"\"\n\t\t\tdata-src=\"http:\/\/www.lagottoromagnolo.org\/wp-content\/gallery\/expo15\/bag15-14.jpg?t=1502742851\"\n\t\t\tdata-thumbnail=\"http:\/\/www.lagottoromagnolo.org\/wp-content\/gallery\/expo15\/thumbs\/thumbs_bag15-14.jpg?t=1502742851\"\n\t\t\tdata-image-id=\"1822\"\n\t\t\tdata-image-name=\"bag15-14.jpg\"\n\t\t\tdata-title=\"bag15-14\"\n\t\t\tdata-description=\"\"\n\t\t\tdata-image-slug=\"bag15-14\"\n\t\t\t\t\t\t\t\t\t\t\t\t\t\t\t\t\t\t\t\tclass=\"ngg-fancybox\" rel=\"ad9bf733043e28f2df90f16b2e1ab19e\">\n\t\t\t\t\t\t\t\t<img\n\t\t\t\t\ttitle=\"bag15-14\"\n\t\t\t\t\talt=\"bag15-14\"\n\t\t\t\t\tsrc=\"http:\/\/www.lagottoromagnolo.org\/wp-content\/gallery\/expo15\/thumbs\/thumbs_bag15-14.jpg?t=1502742851\"\n\t\t\t\t\twidth=\"100\"\n\t\t\t\t\theight=\"75\"\n\t\t\t\t\tstyle=\"max-width:100%;\"\n\t\t\t\t\/>\n\t\t\t<\/a>\n\t\t<\/div>\n\t\t\t\t\t\t\t<\/div>\n\t\t\t\n\t\t\t\t<div id=\"ngg-image-14\" class=\"ngg-gallery-thumbnail-box\n\t\t\t\t\t\t\t\tngg-6-columns\t\t\t\"\n\t\t\t>\n\t\t\t\t\t\t<div class=\"ngg-gallery-thumbnail\">\n\t\t<a href=\"http:\/\/www.lagottoromagnolo.org\/wp-content\/gallery\/expo15\/bag15-15.jpg?t=1502742851\"\n\t\t\ttitle=\"I giudici delle classi campioni, libera, lavoro, intermedia e giovani: maschi - Gilberto Grandi, femmine - Giovanni Morsiani\"\n\t\t\tdata-src=\"http:\/\/www.lagottoromagnolo.org\/wp-content\/gallery\/expo15\/bag15-15.jpg?t=1502742851\"\n\t\t\tdata-thumbnail=\"http:\/\/www.lagottoromagnolo.org\/wp-content\/gallery\/expo15\/thumbs\/thumbs_bag15-15.jpg?t=1502742851\"\n\t\t\tdata-image-id=\"1823\"\n\t\t\tdata-image-name=\"bag15-15.jpg\"\n\t\t\tdata-title=\"bag15-15\"\n\t\t\tdata-description=\"I giudici delle classi campioni, libera, lavoro, intermedia e giovani: maschi - Gilberto Grandi, femmine - Giovanni Morsiani\"\n\t\t\tdata-image-slug=\"bag15-15\"\n\t\t\t\t\t\t\t\t\t\t\t\t\t\t\t\t\t\t\t\tclass=\"ngg-fancybox\" rel=\"ad9bf733043e28f2df90f16b2e1ab19e\">\n\t\t\t\t\t\t\t\t<img\n\t\t\t\t\ttitle=\"bag15-15\"\n\t\t\t\t\talt=\"bag15-15\"\n\t\t\t\t\tsrc=\"http:\/\/www.lagottoromagnolo.org\/wp-content\/gallery\/expo15\/thumbs\/thumbs_bag15-15.jpg?t=1502742851\"\n\t\t\t\t\twidth=\"100\"\n\t\t\t\t\theight=\"75\"\n\t\t\t\t\tstyle=\"max-width:100%;\"\n\t\t\t\t\/>\n\t\t\t<\/a>\n\t\t<\/div>\n\t\t\t\t\t\t\t<\/div>\n\t\t\t\n\t\t\t\t<div id=\"ngg-image-15\" class=\"ngg-gallery-thumbnail-box\n\t\t\t\t\t\t\t\tngg-6-columns\t\t\t\"\n\t\t\t>\n\t\t\t\t\t\t<div class=\"ngg-gallery-thumbnail\">\n\t\t<a href=\"http:\/\/www.lagottoromagnolo.org\/wp-content\/gallery\/expo15\/bag15-16.jpg?t=1502742851\"\n\t\t\ttitle=\"I due migliori soggetti del Raduno bob MANJLA SESSIONE CUBANA del Fatalbecco all. e prop. Poggini A. bos Rozebottel\u2019s PLAYBOY all. e prop. Van Gemert K.\"\n\t\t\tdata-src=\"http:\/\/www.lagottoromagnolo.org\/wp-content\/gallery\/expo15\/bag15-16.jpg?t=1502742851\"\n\t\t\tdata-thumbnail=\"http:\/\/www.lagottoromagnolo.org\/wp-content\/gallery\/expo15\/thumbs\/thumbs_bag15-16.jpg?t=1502742851\"\n\t\t\tdata-image-id=\"1824\"\n\t\t\tdata-image-name=\"bag15-16.jpg\"\n\t\t\tdata-title=\"bag15-16\"\n\t\t\tdata-description=\"I due migliori soggetti del Raduno bob MANJLA SESSIONE CUBANA del Fatalbecco all. e prop. Poggini A. bos Rozebottel\u2019s PLAYBOY all. e prop. Van Gemert K.\"\n\t\t\tdata-image-slug=\"bag15-16\"\n\t\t\t\t\t\t\t\t\t\t\t\t\t\t\t\t\t\t\t\tclass=\"ngg-fancybox\" rel=\"ad9bf733043e28f2df90f16b2e1ab19e\">\n\t\t\t\t\t\t\t\t<img\n\t\t\t\t\ttitle=\"bag15-16\"\n\t\t\t\t\talt=\"bag15-16\"\n\t\t\t\t\tsrc=\"http:\/\/www.lagottoromagnolo.org\/wp-content\/gallery\/expo15\/thumbs\/thumbs_bag15-16.jpg?t=1502742851\"\n\t\t\t\t\twidth=\"100\"\n\t\t\t\t\theight=\"75\"\n\t\t\t\t\tstyle=\"max-width:100%;\"\n\t\t\t\t\/>\n\t\t\t<\/a>\n\t\t<\/div>\n\t\t\t\t\t\t\t<\/div>\n\t\t\t\n\t\t\t\t<div id=\"ngg-image-16\" class=\"ngg-gallery-thumbnail-box\n\t\t\t\t\t\t\t\tngg-6-columns\t\t\t\"\n\t\t\t>\n\t\t\t\t\t\t<div class=\"ngg-gallery-thumbnail\">\n\t\t<a href=\"http:\/\/www.lagottoromagnolo.org\/wp-content\/gallery\/expo15\/bag15-17.jpg?t=1553022520\"\n\t\t\ttitle=\"I due migliori soggetti del Raduno bob MANJLA SESSIONE CUBANA del Fatalbecco all. e prop. Poggini A. bos Rozebottel\u2019s PLAYBOY all. e prop. Van Gemert K.\"\n\t\t\tdata-src=\"http:\/\/www.lagottoromagnolo.org\/wp-content\/gallery\/expo15\/bag15-17.jpg?t=1553022520\"\n\t\t\tdata-thumbnail=\"http:\/\/www.lagottoromagnolo.org\/wp-content\/gallery\/expo15\/thumbs\/thumbs_bag15-17.jpg?t=1553022520\"\n\t\t\tdata-image-id=\"1825\"\n\t\t\tdata-image-name=\"bag15-17.jpg\"\n\t\t\tdata-title=\"bag15-17\"\n\t\t\tdata-description=\"I due migliori soggetti del Raduno bob MANJLA SESSIONE CUBANA del Fatalbecco all. e prop. Poggini A. bos Rozebottel\u2019s PLAYBOY all. e prop. Van Gemert K.\"\n\t\t\tdata-image-slug=\"bag15-17\"\n\t\t\t\t\t\t\t\t\t\t\t\t\t\t\t\t\t\t\t\tclass=\"ngg-fancybox\" rel=\"ad9bf733043e28f2df90f16b2e1ab19e\">\n\t\t\t\t\t\t\t\t<img\n\t\t\t\t\ttitle=\"bag15-17\"\n\t\t\t\t\talt=\"bag15-17\"\n\t\t\t\t\tsrc=\"http:\/\/www.lagottoromagnolo.org\/wp-content\/gallery\/expo15\/thumbs\/thumbs_bag15-17.jpg?t=1553022520\"\n\t\t\t\t\twidth=\"100\"\n\t\t\t\t\theight=\"75\"\n\t\t\t\t\tstyle=\"max-width:100%;\"\n\t\t\t\t\/>\n\t\t\t<\/a>\n\t\t<\/div>\n\t\t\t\t\t\t\t<\/div>\n\t\t\t\n\t\t\t\t<div id=\"ngg-image-17\" class=\"ngg-gallery-thumbnail-box\n\t\t\t\t\t\t\t\tngg-6-columns\t\t\t\"\n\t\t\t>\n\t\t\t\t\t\t<div class=\"ngg-gallery-thumbnail\">\n\t\t<a href=\"http:\/\/www.lagottoromagnolo.org\/wp-content\/gallery\/expo15\/bag15-18.jpg?t=1502742851\"\n\t\t\ttitle=\"\"\n\t\t\tdata-src=\"http:\/\/www.lagottoromagnolo.org\/wp-content\/gallery\/expo15\/bag15-18.jpg?t=1502742851\"\n\t\t\tdata-thumbnail=\"http:\/\/www.lagottoromagnolo.org\/wp-content\/gallery\/expo15\/thumbs\/thumbs_bag15-18.jpg?t=1502742851\"\n\t\t\tdata-image-id=\"1826\"\n\t\t\tdata-image-name=\"bag15-18.jpg\"\n\t\t\tdata-title=\"bag15-18\"\n\t\t\tdata-description=\"\"\n\t\t\tdata-image-slug=\"bag15-18\"\n\t\t\t\t\t\t\t\t\t\t\t\t\t\t\t\t\t\t\t\tclass=\"ngg-fancybox\" rel=\"ad9bf733043e28f2df90f16b2e1ab19e\">\n\t\t\t\t\t\t\t\t<img\n\t\t\t\t\ttitle=\"bag15-18\"\n\t\t\t\t\talt=\"bag15-18\"\n\t\t\t\t\tsrc=\"http:\/\/www.lagottoromagnolo.org\/wp-content\/gallery\/expo15\/thumbs\/thumbs_bag15-18.jpg?t=1502742851\"\n\t\t\t\t\twidth=\"100\"\n\t\t\t\t\theight=\"75\"\n\t\t\t\t\tstyle=\"max-width:100%;\"\n\t\t\t\t\/>\n\t\t\t<\/a>\n\t\t<\/div>\n\t\t\t\t\t\t\t<\/div>\n\t\t\t\n\t\n\t<br style=\"clear: both\" \/>\n\n\t\n\t\t<div class=\"ngg-clear\"><\/div>\n\t<\/div>\n<\/strong><\/p>\n<p><strong>Campioni maschi:\u00a0<\/strong>1\u00b0 ecc Campione Sociale Rozebottel\u2019s BIG SPENDER all. e prop. Van Gemert K.,\u00a02\u00b0 ecc Il Granaio dei Malatesta DEMETRIO all. Benelli M. prop. Tonelli O.,\u00a03\u00b0 ecc BAD all. e prop. Bottacci C.\u00a04\u00b0 ecc Angelus Mei CAEL all. Fodor J. prop. Shaffer A.<br \/>\n<strong>Libera maschi:\u00a0<\/strong>1\u00b0 ecc cac CAVATORE dei Boschi D\u2019Oro all. Damaschin C. prop. Eberhardt S.,\u00a02\u00b0 ecc ris.cac Regun MANGO all. Tanos L. prop. Killingmo K.,\u00a03\u00b0 ecc ICE Golatiere du Trepont all. Geissant\/Bernardi\/Faure prop. Digonet Y.,\u00a04\u00b0 ecc PINON MASSAGGERO di Pinon all. Shirey J.&amp;L. prop. Morehouse R.<br \/>\n<strong>Lavoro maschi:\u00a0<\/strong>1\u00b0 ecc cac Comer Cordis OTHELLO all. e prop. Ruoff U.,\u00a02\u00b0 ecc ris.cac ZEUS all. Foianesi G. prop. Bassi F.,\u00a03\u00b0 ecc DREW del Peschio Vicale all. e prop. Orlandi G.,\u00a04\u00b0 ecc TOPAZIO all. e prop. Marcelli M.<br \/>\n<strong>Intermedia maschi:\u00a0<\/strong>1\u00b0 ecc JOYCE all. Robert P. prop. Baugiraud Y.,\u00a02\u00b0 ecc BRENT di Terra Incognita all. e prop. Terra Incognita kennel,\u00a03\u00b0 ecc Rozebottel\u2019s MC DREAMY all. e prop. Van Gemert K.,\u00a04\u00b0 ecc MEO all. Capriolo G. prop. Shirley J&amp;L.<br \/>\n<strong>Giovani maschi:\u00a0<\/strong>1\u00b0 ecc Campione Sociale Giovani, miglior giovane, miglior maschio, bos Rozebottel\u2019s PLAYBOY all. e prop. Van Gemert K.,\u00a02\u00b0 ecc \u00a0Il Granaio dei Malatesta REMO all. Benelli M. prop. Gamberini G.,\u00a03\u00b0 ecc Il Granaio dei Malatesta MAURO all. Benelli M. prop. Zannoni M.,\u00a04\u00b0 ecc JUPI all. B. De Graaf prop. Egger J.<br \/>\n<strong>Juniores maschi:\u00a0<\/strong>1\u00b0 mp MARCELLO all. Chaves Mendes V. L. prop. Shirley J.&amp;L.,\u00a02\u00b0 mp Art Fantasy ARMANDO all. Semenova K. prop. Ludvigsen T.,\u00a03\u00b0 mp SCHIZZO della Bassa Val D\u2019Elsa all. e prop. Gallerini F.,\u00a04\u00b0 mp Il Granaio dei Malatesta TIRAMISU\u2019 all. e prop. Benelli M.<br \/>\n<strong>Cuccioli maschi:\u00a0<\/strong>1\u00b0 mp miglior cucciolo DESTER del Ginestreto all. e prop. Zavagli E.,\u00a02\u00b0 mp VANS all. e prop. Finessi C.,\u00a03\u00b0 mp Il Granaio dei Malatesta NEGRONI SBAGLIATO all. e prop. Benelli M.,\u00a04\u00b0 mp Il Granaio dei Malatesta NEW ORLEANS all. e prop. Benelli M.<br \/>\n<strong>Veterani maschi:\u00a0<\/strong>1\u00b0 ecc\u00a0Toshiko\u2019s Tru-Pri RAMPEN ARNE OTTAR all. Presthaug S. prop. Sundsbarn H.,\u00a02\u00b0 ecc BIGO all. Ammannati L. prop. Gallerini F.,\u00a03\u00b0 ecc GRECCIO del Amici per Sempre all. Frei C. prop. Fauth E.<\/p>\n<p><strong>Campioni femmine:\u00a0<\/strong>1\u00b0 ecc BELLA VERONA CHANTREL Gorska Fantazja all. Radomska B. prop. Ludvigsen T.,\u00a02\u00b0 ecc Il Granaio dei Malatesta CESIRA all. Benelli M. prop. Schoug K.,\u00a03\u00b0 ecc NUTELLA del Monte della Dea all. Caira R. prop. Rondinini L.,\u00a04\u00b0 ecc ENYA dei Boschi D\u2019Oro all. Damaschin C.prop. Terra Incognita Kennel<br \/>\n<strong>Libera femmine:\u00a0<\/strong>1\u00b0 ecc cac OCTAVIA delle Terre di Gua\u2019 all. Mattiello M. prop. Bortolan G.,\u00a02\u00b0 ecc ZETA all. Puljoz J. prop. Ruzic E.,\u00a03\u00b0 ecc \u00a0ALESSIA Gorska Fantazja Chantrel all. Iwanowska D. prop. Killingmo K.,\u00a04\u00b0 ecc ERA APREZZATA Ocrina all. e prop. Brane K.<br \/>\n<strong>Lavoro femmine:\u00a0<\/strong>1\u00b0 ecc cac Campione Sociale, miglior femmina, bob MANJLA LA SESSIONE CUBANA del Fatalbecco all. e prop. Poggini A.,\u00a02\u00b0 ecc ris.cac FANCY FAIR Golatiere di Trepont all. e prop. Geissant J.L.,\u00a03\u00b0 ecc QUINTESSENZA della Taparina all. Farn\u00e8 M. prop. Langianni A.,\u00a04\u00b0 ecc REMEDIOS Buendia di Segusia all. e prop. Quadri M.<br \/>\n<strong>Intermedia femmine:\u00a0<\/strong>1\u00b0 ecc ris.cac Accompagnatore RAGAZZINA all. Preisig H-W. prop. Terra Incognita Kennel,\u00a02\u00b0 ecc AYLA all. e prop. Muller T.,\u00a03\u00b0 ecc Il Granaio dei Malatesta ILENIA all. e prop. Benelli M.,\u00a04\u00b0 ecc ROSAMUNDA della Taparina all. Farn\u00e8 M. prop. Bocchini L.<br \/>\n<strong>Giovani femmine:\u00a0<\/strong>1\u00b0 ecc Campione Sociale Giovani Accompagnatore ROMA ROMANTICA all. Preisig H.W prop. Backes T.&amp;U.,\u00a02\u00b0 ecc Il Granaio dei Malatesta OFELIA all. Benelli M. prop. Dubravka M.,\u00a03\u00b0 ecc Il Granaio dei Malatesta QUINTINA all. e prop. Benelli M.,\u00a04\u00b0 ecc\u00a0Kan Trace PRINCESS VIOLA all. Zdunic \u0160inkovi\u0107 S.&amp; Kan Trace prop. Zdunic \u0160inkovi\u0107 S.<br \/>\n<strong>Juniores femmine:\u00a0<\/strong>1\u00b0 mp miglior juniores Praxtars JUMPING JILL all. e prop. Ludvigsen T.,\u00a02\u00b0 mp Dolce Vita JUSTINA all. Mignogna S. prop. Tonelli O.,\u00a03\u00b0 mp HONEY BEE dello Spiroto del Bosco all. e prop. Stalder D.,\u00a04\u00b0 mp Il Granaio dei Malatesta TAGLIATELLA all. e prop. Benelli M.<br \/>\n<strong>Cuccioli femmine:\u00a0<\/strong>1\u00b0 mp TOSCA di Villa dei Gruccioni all. Lucarelli F. prop. Rodler P.,\u00a02\u00b0 mp FRIDA all. Marcelli M. prop. Minguzzi C.,\u00a03\u00b0 mp DORINA Insignis Natura da Casali all. e prop. Ruzic E.,\u00a04\u00b0 mp ARTEMISIA GENTILESCHI all. Pedrazzini G. prop. Leporati F.<br \/>\n<strong>Veterani femmine:\u00a0<\/strong>1\u00b0 ecc miglior veterano Comes Cordis CARAMELLA all. Ruoff U. prop. Preisig H.W.,\u00a02\u00b0 ecc PATCHOULI de L\u2019Ille D\u2019Ogoz all. Deglise A.K. prop. Frei C.,\u00a03\u00b0 mb DUDU\u2019 all. Strazzari A. prop. Petroni R.<\/p>\n<p><!-- default-view.php -->\n<div\n\tclass=\"ngg-galleryoverview default-view\n\t\t\"\n\tid=\"ngg-gallery-840e5beb88bb4573ef4544f440b4ab8e-1\"\n\tdata-nextgen-gallery-id=\"150\"\n\tdata-gallery-id=\"150\"\n\t\tdata-gallery-name=\"expo15\"\n\t>\n\n\t\t<!-- Thumbnails -->\n\t\t\t\t<div id=\"ngg-image-0\" class=\"ngg-gallery-thumbnail-box\n\t\t\t\t\t\t\t\tngg-6-columns\t\t\t\"\n\t\t\t>\n\t\t\t\t\t\t<div class=\"ngg-gallery-thumbnail\">\n\t\t<a href=\"http:\/\/www.lagottoromagnolo.org\/wp-content\/gallery\/expo15\/bag15-21.jpg?t=1502744912\"\n\t\t\ttitle=\"Campioni maschi: 1\u00b0 ecc Campione Sociale Rozebottel\u2019s BIG SPENDER all. e prop. Van Gemert K. 2\u00b0 ecc Il Granaio dei Malatesta DEMETRIO all. Benelli M. prop. Tonelli O. 3\u00b0 ecc BAD all. e prop. Bottacci C. 4\u00b0 ecc Angelus Mei CAEL all. Fodor J. prop. Shaffer A.\"\n\t\t\tdata-src=\"http:\/\/www.lagottoromagnolo.org\/wp-content\/gallery\/expo15\/bag15-21.jpg?t=1502744912\"\n\t\t\tdata-thumbnail=\"http:\/\/www.lagottoromagnolo.org\/wp-content\/gallery\/expo15\/thumbs\/thumbs_bag15-21.jpg?t=1502744912\"\n\t\t\tdata-image-id=\"1827\"\n\t\t\tdata-image-name=\"bag15-21.jpg\"\n\t\t\tdata-title=\"bag15-21\"\n\t\t\tdata-description=\"Campioni maschi: 1\u00b0 ecc Campione Sociale Rozebottel\u2019s BIG SPENDER all. e prop. Van Gemert K. 2\u00b0 ecc Il Granaio dei Malatesta DEMETRIO all. Benelli M. prop. Tonelli O. 3\u00b0 ecc BAD all. e prop. Bottacci C. 4\u00b0 ecc Angelus Mei CAEL all. Fodor J. prop. Shaffer A.\"\n\t\t\tdata-image-slug=\"bag15-21\"\n\t\t\t\t\t\t\t\t\t\t\t\t\t\t\t\t\t\t\t\tclass=\"ngg-fancybox\" rel=\"840e5beb88bb4573ef4544f440b4ab8e\">\n\t\t\t\t\t\t\t\t<img\n\t\t\t\t\ttitle=\"bag15-21\"\n\t\t\t\t\talt=\"bag15-21\"\n\t\t\t\t\tsrc=\"http:\/\/www.lagottoromagnolo.org\/wp-content\/gallery\/expo15\/thumbs\/thumbs_bag15-21.jpg?t=1502744912\"\n\t\t\t\t\twidth=\"100\"\n\t\t\t\t\theight=\"75\"\n\t\t\t\t\tstyle=\"max-width:100%;\"\n\t\t\t\t\/>\n\t\t\t<\/a>\n\t\t<\/div>\n\t\t\t\t\t\t\t<\/div>\n\t\t\t\n\t\t\t\t<div id=\"ngg-image-1\" class=\"ngg-gallery-thumbnail-box\n\t\t\t\t\t\t\t\tngg-6-columns\t\t\t\"\n\t\t\t>\n\t\t\t\t\t\t<div class=\"ngg-gallery-thumbnail\">\n\t\t<a href=\"http:\/\/www.lagottoromagnolo.org\/wp-content\/gallery\/expo15\/bag15-22.jpg?t=1502742851\"\n\t\t\ttitle=\"Libera maschi: 1\u00b0 ecc cac CAVATORE dei Boschi D\u2019Oro all. Damaschin C. prop. Eberhardt S. 2\u00b0 ecc ris.cac Regun MANGO all. Tanos L. prop. Killingmo K. 3\u00b0 ecc ICE Golatiere du Trepont all. Geissant\/Bernardi\/Faure prop. Digonet Y. 4\u00b0 ecc PINON MASSAGGERO di Pinon all. Shirey J.&amp;L. prop. Morehouse R.\"\n\t\t\tdata-src=\"http:\/\/www.lagottoromagnolo.org\/wp-content\/gallery\/expo15\/bag15-22.jpg?t=1502742851\"\n\t\t\tdata-thumbnail=\"http:\/\/www.lagottoromagnolo.org\/wp-content\/gallery\/expo15\/thumbs\/thumbs_bag15-22.jpg?t=1502742851\"\n\t\t\tdata-image-id=\"1828\"\n\t\t\tdata-image-name=\"bag15-22.jpg\"\n\t\t\tdata-title=\"bag15-22\"\n\t\t\tdata-description=\"Libera maschi: 1\u00b0 ecc cac CAVATORE dei Boschi D\u2019Oro all. Damaschin C. prop. Eberhardt S. 2\u00b0 ecc ris.cac Regun MANGO all. Tanos L. prop. Killingmo K. 3\u00b0 ecc ICE Golatiere du Trepont all. Geissant\/Bernardi\/Faure prop. Digonet Y. 4\u00b0 ecc PINON MASSAGGERO di Pinon all. Shirey J.&amp;L. prop. Morehouse R.\"\n\t\t\tdata-image-slug=\"bag15-22\"\n\t\t\t\t\t\t\t\t\t\t\t\t\t\t\t\t\t\t\t\tclass=\"ngg-fancybox\" rel=\"840e5beb88bb4573ef4544f440b4ab8e\">\n\t\t\t\t\t\t\t\t<img\n\t\t\t\t\ttitle=\"bag15-22\"\n\t\t\t\t\talt=\"bag15-22\"\n\t\t\t\t\tsrc=\"http:\/\/www.lagottoromagnolo.org\/wp-content\/gallery\/expo15\/thumbs\/thumbs_bag15-22.jpg?t=1502742851\"\n\t\t\t\t\twidth=\"100\"\n\t\t\t\t\theight=\"75\"\n\t\t\t\t\tstyle=\"max-width:100%;\"\n\t\t\t\t\/>\n\t\t\t<\/a>\n\t\t<\/div>\n\t\t\t\t\t\t\t<\/div>\n\t\t\t\n\t\t\t\t<div id=\"ngg-image-2\" class=\"ngg-gallery-thumbnail-box\n\t\t\t\t\t\t\t\tngg-6-columns\t\t\t\"\n\t\t\t>\n\t\t\t\t\t\t<div class=\"ngg-gallery-thumbnail\">\n\t\t<a href=\"http:\/\/www.lagottoromagnolo.org\/wp-content\/gallery\/expo15\/bag15-23.jpg?t=1502742851\"\n\t\t\ttitle=\"Lavoro maschi: 1\u00b0 ecc cac Comer Cordis OTHELLO all. e prop. Ruoff U. 2\u00b0 ecc ris.cac ZEUS all. Foianesi G. prop. Bassi F. 3\u00b0 ecc DREW del Peschio Vicale all. e prop. Orlandi G. 4\u00b0 ecc TOPAZIO all. e prop. Marcelli M.\"\n\t\t\tdata-src=\"http:\/\/www.lagottoromagnolo.org\/wp-content\/gallery\/expo15\/bag15-23.jpg?t=1502742851\"\n\t\t\tdata-thumbnail=\"http:\/\/www.lagottoromagnolo.org\/wp-content\/gallery\/expo15\/thumbs\/thumbs_bag15-23.jpg?t=1502742851\"\n\t\t\tdata-image-id=\"1829\"\n\t\t\tdata-image-name=\"bag15-23.jpg\"\n\t\t\tdata-title=\"bag15-23\"\n\t\t\tdata-description=\"Lavoro maschi: 1\u00b0 ecc cac Comer Cordis OTHELLO all. e prop. Ruoff U. 2\u00b0 ecc ris.cac ZEUS all. Foianesi G. prop. Bassi F. 3\u00b0 ecc DREW del Peschio Vicale all. e prop. Orlandi G. 4\u00b0 ecc TOPAZIO all. e prop. Marcelli M.\"\n\t\t\tdata-image-slug=\"bag15-23\"\n\t\t\t\t\t\t\t\t\t\t\t\t\t\t\t\t\t\t\t\tclass=\"ngg-fancybox\" rel=\"840e5beb88bb4573ef4544f440b4ab8e\">\n\t\t\t\t\t\t\t\t<img\n\t\t\t\t\ttitle=\"bag15-23\"\n\t\t\t\t\talt=\"bag15-23\"\n\t\t\t\t\tsrc=\"http:\/\/www.lagottoromagnolo.org\/wp-content\/gallery\/expo15\/thumbs\/thumbs_bag15-23.jpg?t=1502742851\"\n\t\t\t\t\twidth=\"100\"\n\t\t\t\t\theight=\"75\"\n\t\t\t\t\tstyle=\"max-width:100%;\"\n\t\t\t\t\/>\n\t\t\t<\/a>\n\t\t<\/div>\n\t\t\t\t\t\t\t<\/div>\n\t\t\t\n\t\t\t\t<div id=\"ngg-image-3\" class=\"ngg-gallery-thumbnail-box\n\t\t\t\t\t\t\t\tngg-6-columns\t\t\t\"\n\t\t\t>\n\t\t\t\t\t\t<div class=\"ngg-gallery-thumbnail\">\n\t\t<a href=\"http:\/\/www.lagottoromagnolo.org\/wp-content\/gallery\/expo15\/bag15-24.jpg?t=1502742851\"\n\t\t\ttitle=\"Intermedia maschi: 1\u00b0 ecc JOYCE all. Robert P. prop. Baugiraud Y. 2\u00b0 ecc BRENT di Terra Incognita all. e prop. Terra Incognita kennel 3\u00b0 ecc Rozebottel\u2019s MC DREAMY all. e prop. Van Gemert K. 4\u00b0 ecc MEO all. Capriolo G. prop. Shirley J&amp;L.\"\n\t\t\tdata-src=\"http:\/\/www.lagottoromagnolo.org\/wp-content\/gallery\/expo15\/bag15-24.jpg?t=1502742851\"\n\t\t\tdata-thumbnail=\"http:\/\/www.lagottoromagnolo.org\/wp-content\/gallery\/expo15\/thumbs\/thumbs_bag15-24.jpg?t=1502742851\"\n\t\t\tdata-image-id=\"1830\"\n\t\t\tdata-image-name=\"bag15-24.jpg\"\n\t\t\tdata-title=\"bag15-24\"\n\t\t\tdata-description=\"Intermedia maschi: 1\u00b0 ecc JOYCE all. Robert P. prop. Baugiraud Y. 2\u00b0 ecc BRENT di Terra Incognita all. e prop. Terra Incognita kennel 3\u00b0 ecc Rozebottel\u2019s MC DREAMY all. e prop. Van Gemert K. 4\u00b0 ecc MEO all. Capriolo G. prop. Shirley J&amp;L.\"\n\t\t\tdata-image-slug=\"bag15-24\"\n\t\t\t\t\t\t\t\t\t\t\t\t\t\t\t\t\t\t\t\tclass=\"ngg-fancybox\" rel=\"840e5beb88bb4573ef4544f440b4ab8e\">\n\t\t\t\t\t\t\t\t<img\n\t\t\t\t\ttitle=\"bag15-24\"\n\t\t\t\t\talt=\"bag15-24\"\n\t\t\t\t\tsrc=\"http:\/\/www.lagottoromagnolo.org\/wp-content\/gallery\/expo15\/thumbs\/thumbs_bag15-24.jpg?t=1502742851\"\n\t\t\t\t\twidth=\"100\"\n\t\t\t\t\theight=\"75\"\n\t\t\t\t\tstyle=\"max-width:100%;\"\n\t\t\t\t\/>\n\t\t\t<\/a>\n\t\t<\/div>\n\t\t\t\t\t\t\t<\/div>\n\t\t\t\n\t\t\t\t<div id=\"ngg-image-4\" class=\"ngg-gallery-thumbnail-box\n\t\t\t\t\t\t\t\tngg-6-columns\t\t\t\"\n\t\t\t>\n\t\t\t\t\t\t<div class=\"ngg-gallery-thumbnail\">\n\t\t<a href=\"http:\/\/www.lagottoromagnolo.org\/wp-content\/gallery\/expo15\/bag15-25.jpg?t=1502742851\"\n\t\t\ttitle=\"cac CAVATORE dei Boschi D\u2019Oro all. Damaschin C. prop. Eberhardt S. ris.cac Regun MANGO all. Tanos L. prop. Killingmo K.\"\n\t\t\tdata-src=\"http:\/\/www.lagottoromagnolo.org\/wp-content\/gallery\/expo15\/bag15-25.jpg?t=1502742851\"\n\t\t\tdata-thumbnail=\"http:\/\/www.lagottoromagnolo.org\/wp-content\/gallery\/expo15\/thumbs\/thumbs_bag15-25.jpg?t=1502742851\"\n\t\t\tdata-image-id=\"1831\"\n\t\t\tdata-image-name=\"bag15-25.jpg\"\n\t\t\tdata-title=\"bag15-25\"\n\t\t\tdata-description=\"cac CAVATORE dei Boschi D\u2019Oro all. Damaschin C. prop. Eberhardt S. ris.cac Regun MANGO all. Tanos L. prop. Killingmo K.\"\n\t\t\tdata-image-slug=\"bag15-25\"\n\t\t\t\t\t\t\t\t\t\t\t\t\t\t\t\t\t\t\t\tclass=\"ngg-fancybox\" rel=\"840e5beb88bb4573ef4544f440b4ab8e\">\n\t\t\t\t\t\t\t\t<img\n\t\t\t\t\ttitle=\"bag15-25\"\n\t\t\t\t\talt=\"bag15-25\"\n\t\t\t\t\tsrc=\"http:\/\/www.lagottoromagnolo.org\/wp-content\/gallery\/expo15\/thumbs\/thumbs_bag15-25.jpg?t=1502742851\"\n\t\t\t\t\twidth=\"100\"\n\t\t\t\t\theight=\"75\"\n\t\t\t\t\tstyle=\"max-width:100%;\"\n\t\t\t\t\/>\n\t\t\t<\/a>\n\t\t<\/div>\n\t\t\t\t\t\t\t<\/div>\n\t\t\t\n\t\t\t\t<div id=\"ngg-image-5\" class=\"ngg-gallery-thumbnail-box\n\t\t\t\t\t\t\t\tngg-6-columns\t\t\t\"\n\t\t\t>\n\t\t\t\t\t\t<div class=\"ngg-gallery-thumbnail\">\n\t\t<a href=\"http:\/\/www.lagottoromagnolo.org\/wp-content\/gallery\/expo15\/bag15-26.jpg?t=1502742851\"\n\t\t\ttitle=\"Giovani maschi: 1\u00b0 ecc Campione Sociale Giovani, miglior giovane, miglior maschio, bob Rozebottel\u2019s PLAYBOY all. e prop. Van Gemert K. 2\u00b0 ecc Il Granaio dei Malatesta REMO all. Benelli M. prop. Gamberini G. 3\u00b0 ecc Il Granaio dei Malatesta MAURO all. Benelli M. prop. Zannoni M. 4\u00b0 ecc JUPI all. B. De Graaf prop. Egger J.\"\n\t\t\tdata-src=\"http:\/\/www.lagottoromagnolo.org\/wp-content\/gallery\/expo15\/bag15-26.jpg?t=1502742851\"\n\t\t\tdata-thumbnail=\"http:\/\/www.lagottoromagnolo.org\/wp-content\/gallery\/expo15\/thumbs\/thumbs_bag15-26.jpg?t=1502742851\"\n\t\t\tdata-image-id=\"1832\"\n\t\t\tdata-image-name=\"bag15-26.jpg\"\n\t\t\tdata-title=\"bag15-26\"\n\t\t\tdata-description=\"Giovani maschi: 1\u00b0 ecc Campione Sociale Giovani, miglior giovane, miglior maschio, bob Rozebottel\u2019s PLAYBOY all. e prop. Van Gemert K. 2\u00b0 ecc Il Granaio dei Malatesta REMO all. Benelli M. prop. Gamberini G. 3\u00b0 ecc Il Granaio dei Malatesta MAURO all. Benelli M. prop. Zannoni M. 4\u00b0 ecc JUPI all. B. De Graaf prop. Egger J.\"\n\t\t\tdata-image-slug=\"bag15-26\"\n\t\t\t\t\t\t\t\t\t\t\t\t\t\t\t\t\t\t\t\tclass=\"ngg-fancybox\" rel=\"840e5beb88bb4573ef4544f440b4ab8e\">\n\t\t\t\t\t\t\t\t<img\n\t\t\t\t\ttitle=\"bag15-26\"\n\t\t\t\t\talt=\"bag15-26\"\n\t\t\t\t\tsrc=\"http:\/\/www.lagottoromagnolo.org\/wp-content\/gallery\/expo15\/thumbs\/thumbs_bag15-26.jpg?t=1502742851\"\n\t\t\t\t\twidth=\"100\"\n\t\t\t\t\theight=\"75\"\n\t\t\t\t\tstyle=\"max-width:100%;\"\n\t\t\t\t\/>\n\t\t\t<\/a>\n\t\t<\/div>\n\t\t\t\t\t\t\t<\/div>\n\t\t\t\n\t\t\t\t<div id=\"ngg-image-6\" class=\"ngg-gallery-thumbnail-box\n\t\t\t\t\t\t\t\tngg-6-columns\t\t\t\"\n\t\t\t>\n\t\t\t\t\t\t<div class=\"ngg-gallery-thumbnail\">\n\t\t<a href=\"http:\/\/www.lagottoromagnolo.org\/wp-content\/gallery\/expo15\/bag15-27.jpg?t=1502742851\"\n\t\t\ttitle=\"Juniores maschi: 1\u00b0 mp MARCELLO all. Chaves Mendes V. L. prop. Shirley J.&amp;L. 2\u00b0 mp Art Fantasy ARMANDO all. Semenova K. prop. Ludvigsen T. 3\u00b0 mp SCHIZZO della Bassa Val D\u2019Elsa all. e prop. Gallerini F. 4\u00b0 mp Il Granaio dei Malatesta TIRAMISU\u2019 all. e prop. Benelli M.\"\n\t\t\tdata-src=\"http:\/\/www.lagottoromagnolo.org\/wp-content\/gallery\/expo15\/bag15-27.jpg?t=1502742851\"\n\t\t\tdata-thumbnail=\"http:\/\/www.lagottoromagnolo.org\/wp-content\/gallery\/expo15\/thumbs\/thumbs_bag15-27.jpg?t=1502742851\"\n\t\t\tdata-image-id=\"1833\"\n\t\t\tdata-image-name=\"bag15-27.jpg\"\n\t\t\tdata-title=\"bag15-27\"\n\t\t\tdata-description=\"Juniores maschi: 1\u00b0 mp MARCELLO all. Chaves Mendes V. L. prop. Shirley J.&amp;L. 2\u00b0 mp Art Fantasy ARMANDO all. Semenova K. prop. Ludvigsen T. 3\u00b0 mp SCHIZZO della Bassa Val D\u2019Elsa all. e prop. Gallerini F. 4\u00b0 mp Il Granaio dei Malatesta TIRAMISU\u2019 all. e prop. Benelli M.\"\n\t\t\tdata-image-slug=\"bag15-27\"\n\t\t\t\t\t\t\t\t\t\t\t\t\t\t\t\t\t\t\t\tclass=\"ngg-fancybox\" rel=\"840e5beb88bb4573ef4544f440b4ab8e\">\n\t\t\t\t\t\t\t\t<img\n\t\t\t\t\ttitle=\"bag15-27\"\n\t\t\t\t\talt=\"bag15-27\"\n\t\t\t\t\tsrc=\"http:\/\/www.lagottoromagnolo.org\/wp-content\/gallery\/expo15\/thumbs\/thumbs_bag15-27.jpg?t=1502742851\"\n\t\t\t\t\twidth=\"100\"\n\t\t\t\t\theight=\"75\"\n\t\t\t\t\tstyle=\"max-width:100%;\"\n\t\t\t\t\/>\n\t\t\t<\/a>\n\t\t<\/div>\n\t\t\t\t\t\t\t<\/div>\n\t\t\t\n\t\t\t\t<div id=\"ngg-image-7\" class=\"ngg-gallery-thumbnail-box\n\t\t\t\t\t\t\t\tngg-6-columns\t\t\t\"\n\t\t\t>\n\t\t\t\t\t\t<div class=\"ngg-gallery-thumbnail\">\n\t\t<a href=\"http:\/\/www.lagottoromagnolo.org\/wp-content\/gallery\/expo15\/bag15-28.jpg?t=1502742851\"\n\t\t\ttitle=\"Cuccioli maschi: 1\u00b0 mp miglior cucciolo DESTER del Ginestreto all. e prop. Zavagli E. 2\u00b0 mp VANS all. eprop. Finesi C. 3\u00b0 mp Il Granaio dei Malatesta NEGRONI SBAGLIATO all. e prop. Benelli M. 4\u00b0 mp Il Granaio dei Malatesta NEW ORLEANS all. e prop. Benelli M.\"\n\t\t\tdata-src=\"http:\/\/www.lagottoromagnolo.org\/wp-content\/gallery\/expo15\/bag15-28.jpg?t=1502742851\"\n\t\t\tdata-thumbnail=\"http:\/\/www.lagottoromagnolo.org\/wp-content\/gallery\/expo15\/thumbs\/thumbs_bag15-28.jpg?t=1502742851\"\n\t\t\tdata-image-id=\"1834\"\n\t\t\tdata-image-name=\"bag15-28.jpg\"\n\t\t\tdata-title=\"bag15-28\"\n\t\t\tdata-description=\"Cuccioli maschi: 1\u00b0 mp miglior cucciolo DESTER del Ginestreto all. e prop. Zavagli E. 2\u00b0 mp VANS all. eprop. Finesi C. 3\u00b0 mp Il Granaio dei Malatesta NEGRONI SBAGLIATO all. e prop. Benelli M. 4\u00b0 mp Il Granaio dei Malatesta NEW ORLEANS all. e prop. Benelli M.\"\n\t\t\tdata-image-slug=\"bag15-28\"\n\t\t\t\t\t\t\t\t\t\t\t\t\t\t\t\t\t\t\t\tclass=\"ngg-fancybox\" rel=\"840e5beb88bb4573ef4544f440b4ab8e\">\n\t\t\t\t\t\t\t\t<img\n\t\t\t\t\ttitle=\"bag15-28\"\n\t\t\t\t\talt=\"bag15-28\"\n\t\t\t\t\tsrc=\"http:\/\/www.lagottoromagnolo.org\/wp-content\/gallery\/expo15\/thumbs\/thumbs_bag15-28.jpg?t=1502742851\"\n\t\t\t\t\twidth=\"100\"\n\t\t\t\t\theight=\"75\"\n\t\t\t\t\tstyle=\"max-width:100%;\"\n\t\t\t\t\/>\n\t\t\t<\/a>\n\t\t<\/div>\n\t\t\t\t\t\t\t<\/div>\n\t\t\t\n\t\t\t\t<div id=\"ngg-image-8\" class=\"ngg-gallery-thumbnail-box\n\t\t\t\t\t\t\t\tngg-6-columns\t\t\t\"\n\t\t\t>\n\t\t\t\t\t\t<div class=\"ngg-gallery-thumbnail\">\n\t\t<a href=\"http:\/\/www.lagottoromagnolo.org\/wp-content\/gallery\/expo15\/bag15-29.jpg?t=1502742851\"\n\t\t\ttitle=\"Veterani maschi: 1\u00b0 ecc Toshiko\u2019s Tru-Pri RAMPEN ARNE OTTAR all. Presthaug S. prop. Sundsbarn H. 2\u00b0 ecc BIGO all. Ammannati L. prop. Gallerini F. 3\u00b0 ecc GRECCIO del Amici per Sempre all. Frei C. prop. Fauth E.\"\n\t\t\tdata-src=\"http:\/\/www.lagottoromagnolo.org\/wp-content\/gallery\/expo15\/bag15-29.jpg?t=1502742851\"\n\t\t\tdata-thumbnail=\"http:\/\/www.lagottoromagnolo.org\/wp-content\/gallery\/expo15\/thumbs\/thumbs_bag15-29.jpg?t=1502742851\"\n\t\t\tdata-image-id=\"1835\"\n\t\t\tdata-image-name=\"bag15-29.jpg\"\n\t\t\tdata-title=\"bag15-29\"\n\t\t\tdata-description=\"Veterani maschi: 1\u00b0 ecc Toshiko\u2019s Tru-Pri RAMPEN ARNE OTTAR all. Presthaug S. prop. Sundsbarn H. 2\u00b0 ecc BIGO all. Ammannati L. prop. Gallerini F. 3\u00b0 ecc GRECCIO del Amici per Sempre all. Frei C. prop. Fauth E.\"\n\t\t\tdata-image-slug=\"bag15-29\"\n\t\t\t\t\t\t\t\t\t\t\t\t\t\t\t\t\t\t\t\tclass=\"ngg-fancybox\" rel=\"840e5beb88bb4573ef4544f440b4ab8e\">\n\t\t\t\t\t\t\t\t<img\n\t\t\t\t\ttitle=\"bag15-29\"\n\t\t\t\t\talt=\"bag15-29\"\n\t\t\t\t\tsrc=\"http:\/\/www.lagottoromagnolo.org\/wp-content\/gallery\/expo15\/thumbs\/thumbs_bag15-29.jpg?t=1502742851\"\n\t\t\t\t\twidth=\"100\"\n\t\t\t\t\theight=\"75\"\n\t\t\t\t\tstyle=\"max-width:100%;\"\n\t\t\t\t\/>\n\t\t\t<\/a>\n\t\t<\/div>\n\t\t\t\t\t\t\t<\/div>\n\t\t\t\n\t\t\t\t<div id=\"ngg-image-9\" class=\"ngg-gallery-thumbnail-box\n\t\t\t\t\t\t\t\tngg-6-columns\t\t\t\"\n\t\t\t>\n\t\t\t\t\t\t<div class=\"ngg-gallery-thumbnail\">\n\t\t<a href=\"http:\/\/www.lagottoromagnolo.org\/wp-content\/gallery\/expo15\/bag15-30.jpg?t=1502742851\"\n\t\t\ttitle=\"Campioni femmine: 1\u00b0 ecc BELLA VERONA CHANTREL Gorska Fantazja all. Radomska B. prop. Ludvigsen T. 2\u00b0 ecc Il Granaio dei Malatesta CESIRA all. Benelli M. prop. Schoug K. 3\u00b0 ecc NUTELLA del Monte della Dea all. Caira R. prop. Rondinini L. 4\u00b0 ecc ENYA dei Boschi D\u2019Oro all. Damaschin C.prop. Terra Incognita Kennel\"\n\t\t\tdata-src=\"http:\/\/www.lagottoromagnolo.org\/wp-content\/gallery\/expo15\/bag15-30.jpg?t=1502742851\"\n\t\t\tdata-thumbnail=\"http:\/\/www.lagottoromagnolo.org\/wp-content\/gallery\/expo15\/thumbs\/thumbs_bag15-30.jpg?t=1502742851\"\n\t\t\tdata-image-id=\"1836\"\n\t\t\tdata-image-name=\"bag15-30.jpg\"\n\t\t\tdata-title=\"bag15-30\"\n\t\t\tdata-description=\"Campioni femmine: 1\u00b0 ecc BELLA VERONA CHANTREL Gorska Fantazja all. Radomska B. prop. Ludvigsen T. 2\u00b0 ecc Il Granaio dei Malatesta CESIRA all. Benelli M. prop. Schoug K. 3\u00b0 ecc NUTELLA del Monte della Dea all. Caira R. prop. Rondinini L. 4\u00b0 ecc ENYA dei Boschi D\u2019Oro all. Damaschin C.prop. Terra Incognita Kennel\"\n\t\t\tdata-image-slug=\"bag15-30\"\n\t\t\t\t\t\t\t\t\t\t\t\t\t\t\t\t\t\t\t\tclass=\"ngg-fancybox\" rel=\"840e5beb88bb4573ef4544f440b4ab8e\">\n\t\t\t\t\t\t\t\t<img\n\t\t\t\t\ttitle=\"bag15-30\"\n\t\t\t\t\talt=\"bag15-30\"\n\t\t\t\t\tsrc=\"http:\/\/www.lagottoromagnolo.org\/wp-content\/gallery\/expo15\/thumbs\/thumbs_bag15-30.jpg?t=1502742851\"\n\t\t\t\t\twidth=\"100\"\n\t\t\t\t\theight=\"75\"\n\t\t\t\t\tstyle=\"max-width:100%;\"\n\t\t\t\t\/>\n\t\t\t<\/a>\n\t\t<\/div>\n\t\t\t\t\t\t\t<\/div>\n\t\t\t\n\t\t\t\t<div id=\"ngg-image-10\" class=\"ngg-gallery-thumbnail-box\n\t\t\t\t\t\t\t\tngg-6-columns\t\t\t\"\n\t\t\t>\n\t\t\t\t\t\t<div class=\"ngg-gallery-thumbnail\">\n\t\t<a href=\"http:\/\/www.lagottoromagnolo.org\/wp-content\/gallery\/expo15\/bag15-31.jpg?t=1502742851\"\n\t\t\ttitle=\"Libera femmine: 1\u00b0 ecc cac OCTAVIA delle Terre di Gua\u2019 all. Mattiello M. prop. Bortolan G. 2\u00b0 ecc ZETA all. Puljoz J. prop. Ruzic E. 3\u00b0 ecc ALESSIA Gorska Fantazja Chantrel all. Iwanowska D. prop. Killingmo K. 4\u00b0 ecc ERA APREZZATA Ocrina all. e prop. Brane K.\"\n\t\t\tdata-src=\"http:\/\/www.lagottoromagnolo.org\/wp-content\/gallery\/expo15\/bag15-31.jpg?t=1502742851\"\n\t\t\tdata-thumbnail=\"http:\/\/www.lagottoromagnolo.org\/wp-content\/gallery\/expo15\/thumbs\/thumbs_bag15-31.jpg?t=1502742851\"\n\t\t\tdata-image-id=\"1837\"\n\t\t\tdata-image-name=\"bag15-31.jpg\"\n\t\t\tdata-title=\"bag15-31\"\n\t\t\tdata-description=\"Libera femmine: 1\u00b0 ecc cac OCTAVIA delle Terre di Gua\u2019 all. Mattiello M. prop. Bortolan G. 2\u00b0 ecc ZETA all. Puljoz J. prop. Ruzic E. 3\u00b0 ecc ALESSIA Gorska Fantazja Chantrel all. Iwanowska D. prop. Killingmo K. 4\u00b0 ecc ERA APREZZATA Ocrina all. e prop. Brane K.\"\n\t\t\tdata-image-slug=\"bag15-31\"\n\t\t\t\t\t\t\t\t\t\t\t\t\t\t\t\t\t\t\t\tclass=\"ngg-fancybox\" rel=\"840e5beb88bb4573ef4544f440b4ab8e\">\n\t\t\t\t\t\t\t\t<img\n\t\t\t\t\ttitle=\"bag15-31\"\n\t\t\t\t\talt=\"bag15-31\"\n\t\t\t\t\tsrc=\"http:\/\/www.lagottoromagnolo.org\/wp-content\/gallery\/expo15\/thumbs\/thumbs_bag15-31.jpg?t=1502742851\"\n\t\t\t\t\twidth=\"100\"\n\t\t\t\t\theight=\"75\"\n\t\t\t\t\tstyle=\"max-width:100%;\"\n\t\t\t\t\/>\n\t\t\t<\/a>\n\t\t<\/div>\n\t\t\t\t\t\t\t<\/div>\n\t\t\t\n\t\t\t\t<div id=\"ngg-image-11\" class=\"ngg-gallery-thumbnail-box\n\t\t\t\t\t\t\t\tngg-6-columns\t\t\t\"\n\t\t\t>\n\t\t\t\t\t\t<div class=\"ngg-gallery-thumbnail\">\n\t\t<a href=\"http:\/\/www.lagottoromagnolo.org\/wp-content\/gallery\/expo15\/bag15-32.jpg?t=1502742851\"\n\t\t\ttitle=\"Lavoro femmine: 1\u00b0 ecc cac Campione Sociale, miglior femmina, bob MANJLA LA SESSIONE CUBANA del Fatalbecco all. e prop. Poggini A. 2\u00b0 ecc ris.cac FANCY FAIR Golatiere di Trepont all. e prop. Geissant J.L. 3\u00b0 ecc QUINTESSENZA della Taparina all. Farn\u00e8 M. prop. Langianni A. 4\u00b0 ecc REMEDIOS Buendia di Segusia all. e prop. Quadri M.\"\n\t\t\tdata-src=\"http:\/\/www.lagottoromagnolo.org\/wp-content\/gallery\/expo15\/bag15-32.jpg?t=1502742851\"\n\t\t\tdata-thumbnail=\"http:\/\/www.lagottoromagnolo.org\/wp-content\/gallery\/expo15\/thumbs\/thumbs_bag15-32.jpg?t=1502742851\"\n\t\t\tdata-image-id=\"1838\"\n\t\t\tdata-image-name=\"bag15-32.jpg\"\n\t\t\tdata-title=\"bag15-32\"\n\t\t\tdata-description=\"Lavoro femmine: 1\u00b0 ecc cac Campione Sociale, miglior femmina, bob MANJLA LA SESSIONE CUBANA del Fatalbecco all. e prop. Poggini A. 2\u00b0 ecc ris.cac FANCY FAIR Golatiere di Trepont all. e prop. Geissant J.L. 3\u00b0 ecc QUINTESSENZA della Taparina all. Farn\u00e8 M. prop. Langianni A. 4\u00b0 ecc REMEDIOS Buendia di Segusia all. e prop. Quadri M.\"\n\t\t\tdata-image-slug=\"bag15-32\"\n\t\t\t\t\t\t\t\t\t\t\t\t\t\t\t\t\t\t\t\tclass=\"ngg-fancybox\" rel=\"840e5beb88bb4573ef4544f440b4ab8e\">\n\t\t\t\t\t\t\t\t<img\n\t\t\t\t\ttitle=\"bag15-32\"\n\t\t\t\t\talt=\"bag15-32\"\n\t\t\t\t\tsrc=\"http:\/\/www.lagottoromagnolo.org\/wp-content\/gallery\/expo15\/thumbs\/thumbs_bag15-32.jpg?t=1502742851\"\n\t\t\t\t\twidth=\"100\"\n\t\t\t\t\theight=\"75\"\n\t\t\t\t\tstyle=\"max-width:100%;\"\n\t\t\t\t\/>\n\t\t\t<\/a>\n\t\t<\/div>\n\t\t\t\t\t\t\t<\/div>\n\t\t\t\n\t\t\t\t<div id=\"ngg-image-12\" class=\"ngg-gallery-thumbnail-box\n\t\t\t\t\t\t\t\tngg-6-columns\t\t\t\"\n\t\t\t>\n\t\t\t\t\t\t<div class=\"ngg-gallery-thumbnail\">\n\t\t<a href=\"http:\/\/www.lagottoromagnolo.org\/wp-content\/gallery\/expo15\/bag15-33.jpg?t=1502742851\"\n\t\t\ttitle=\"Intermedia femmine: 1\u00b0 ecc ris.cac Accompagnatore RAGAZZINA all. Preisig H-W. prop. Terra Incognita Kennel 2\u00b0 ecc AYLA all. e prop. Muller T. 3\u00b0 ecc Il Granaio dei Malatesta ILENIA all. e prop. Benelli M. 4\u00b0 ecc ROSAMUNDA della Taparina all. Farn\u00e8 M. prop. Bocchini L.\"\n\t\t\tdata-src=\"http:\/\/www.lagottoromagnolo.org\/wp-content\/gallery\/expo15\/bag15-33.jpg?t=1502742851\"\n\t\t\tdata-thumbnail=\"http:\/\/www.lagottoromagnolo.org\/wp-content\/gallery\/expo15\/thumbs\/thumbs_bag15-33.jpg?t=1502742851\"\n\t\t\tdata-image-id=\"1839\"\n\t\t\tdata-image-name=\"bag15-33.jpg\"\n\t\t\tdata-title=\"bag15-33\"\n\t\t\tdata-description=\"Intermedia femmine: 1\u00b0 ecc ris.cac Accompagnatore RAGAZZINA all. Preisig H-W. prop. Terra Incognita Kennel 2\u00b0 ecc AYLA all. e prop. Muller T. 3\u00b0 ecc Il Granaio dei Malatesta ILENIA all. e prop. Benelli M. 4\u00b0 ecc ROSAMUNDA della Taparina all. Farn\u00e8 M. prop. Bocchini L.\"\n\t\t\tdata-image-slug=\"bag15-33\"\n\t\t\t\t\t\t\t\t\t\t\t\t\t\t\t\t\t\t\t\tclass=\"ngg-fancybox\" rel=\"840e5beb88bb4573ef4544f440b4ab8e\">\n\t\t\t\t\t\t\t\t<img\n\t\t\t\t\ttitle=\"bag15-33\"\n\t\t\t\t\talt=\"bag15-33\"\n\t\t\t\t\tsrc=\"http:\/\/www.lagottoromagnolo.org\/wp-content\/gallery\/expo15\/thumbs\/thumbs_bag15-33.jpg?t=1502742851\"\n\t\t\t\t\twidth=\"100\"\n\t\t\t\t\theight=\"75\"\n\t\t\t\t\tstyle=\"max-width:100%;\"\n\t\t\t\t\/>\n\t\t\t<\/a>\n\t\t<\/div>\n\t\t\t\t\t\t\t<\/div>\n\t\t\t\n\t\t\t\t<div id=\"ngg-image-13\" class=\"ngg-gallery-thumbnail-box\n\t\t\t\t\t\t\t\tngg-6-columns\t\t\t\"\n\t\t\t>\n\t\t\t\t\t\t<div class=\"ngg-gallery-thumbnail\">\n\t\t<a href=\"http:\/\/www.lagottoromagnolo.org\/wp-content\/gallery\/expo15\/bag15-34.jpg?t=1502742851\"\n\t\t\ttitle=\"cac OCTAVIA delle Terre di Gua\u2019 all. Mattiello M. prop. Bortolan G. ris.cac Accompagnatore RAGAZZINA all. Preisig H-W. prop. Terra Incognita Kennel\"\n\t\t\tdata-src=\"http:\/\/www.lagottoromagnolo.org\/wp-content\/gallery\/expo15\/bag15-34.jpg?t=1502742851\"\n\t\t\tdata-thumbnail=\"http:\/\/www.lagottoromagnolo.org\/wp-content\/gallery\/expo15\/thumbs\/thumbs_bag15-34.jpg?t=1502742851\"\n\t\t\tdata-image-id=\"1840\"\n\t\t\tdata-image-name=\"bag15-34.jpg\"\n\t\t\tdata-title=\"bag15-34\"\n\t\t\tdata-description=\"cac OCTAVIA delle Terre di Gua\u2019 all. Mattiello M. prop. Bortolan G. ris.cac Accompagnatore RAGAZZINA all. Preisig H-W. prop. Terra Incognita Kennel\"\n\t\t\tdata-image-slug=\"bag15-34\"\n\t\t\t\t\t\t\t\t\t\t\t\t\t\t\t\t\t\t\t\tclass=\"ngg-fancybox\" rel=\"840e5beb88bb4573ef4544f440b4ab8e\">\n\t\t\t\t\t\t\t\t<img\n\t\t\t\t\ttitle=\"bag15-34\"\n\t\t\t\t\talt=\"bag15-34\"\n\t\t\t\t\tsrc=\"http:\/\/www.lagottoromagnolo.org\/wp-content\/gallery\/expo15\/thumbs\/thumbs_bag15-34.jpg?t=1502742851\"\n\t\t\t\t\twidth=\"100\"\n\t\t\t\t\theight=\"75\"\n\t\t\t\t\tstyle=\"max-width:100%;\"\n\t\t\t\t\/>\n\t\t\t<\/a>\n\t\t<\/div>\n\t\t\t\t\t\t\t<\/div>\n\t\t\t\n\t\t\t\t<div id=\"ngg-image-14\" class=\"ngg-gallery-thumbnail-box\n\t\t\t\t\t\t\t\tngg-6-columns\t\t\t\"\n\t\t\t>\n\t\t\t\t\t\t<div class=\"ngg-gallery-thumbnail\">\n\t\t<a href=\"http:\/\/www.lagottoromagnolo.org\/wp-content\/gallery\/expo15\/bag15-35.jpg?t=1502742851\"\n\t\t\ttitle=\"Giovani femmine: 1\u00b0 ecc Campione Sociale Giovani Accompagnatore ROMA ROMANTICA all. Preisig H.W prop. Backes T.&amp;U. 2\u00b0 ecc Il Granaio dei Malatesta OFELIA all. Benelli M. prop. Dubravka M. 3\u00b0 ecc Il Granaio dei Malatesta QUINTINA all. e prop. Benelli M. 4\u00b0 ecc Kan Trace PRINCESS VIOLA all. Zdunic \u0160inkovi\u0107 S.&amp; Kan Trace prop. Zdunic \u0160inkovi\u0107 S.\"\n\t\t\tdata-src=\"http:\/\/www.lagottoromagnolo.org\/wp-content\/gallery\/expo15\/bag15-35.jpg?t=1502742851\"\n\t\t\tdata-thumbnail=\"http:\/\/www.lagottoromagnolo.org\/wp-content\/gallery\/expo15\/thumbs\/thumbs_bag15-35.jpg?t=1502742851\"\n\t\t\tdata-image-id=\"1841\"\n\t\t\tdata-image-name=\"bag15-35.jpg\"\n\t\t\tdata-title=\"bag15-35\"\n\t\t\tdata-description=\"Giovani femmine: 1\u00b0 ecc Campione Sociale Giovani Accompagnatore ROMA ROMANTICA all. Preisig H.W prop. Backes T.&amp;U. 2\u00b0 ecc Il Granaio dei Malatesta OFELIA all. Benelli M. prop. Dubravka M. 3\u00b0 ecc Il Granaio dei Malatesta QUINTINA all. e prop. Benelli M. 4\u00b0 ecc Kan Trace PRINCESS VIOLA all. Zdunic \u0160inkovi\u0107 S.&amp; Kan Trace prop. Zdunic \u0160inkovi\u0107 S.\"\n\t\t\tdata-image-slug=\"bag15-35\"\n\t\t\t\t\t\t\t\t\t\t\t\t\t\t\t\t\t\t\t\tclass=\"ngg-fancybox\" rel=\"840e5beb88bb4573ef4544f440b4ab8e\">\n\t\t\t\t\t\t\t\t<img\n\t\t\t\t\ttitle=\"bag15-35\"\n\t\t\t\t\talt=\"bag15-35\"\n\t\t\t\t\tsrc=\"http:\/\/www.lagottoromagnolo.org\/wp-content\/gallery\/expo15\/thumbs\/thumbs_bag15-35.jpg?t=1502742851\"\n\t\t\t\t\twidth=\"100\"\n\t\t\t\t\theight=\"75\"\n\t\t\t\t\tstyle=\"max-width:100%;\"\n\t\t\t\t\/>\n\t\t\t<\/a>\n\t\t<\/div>\n\t\t\t\t\t\t\t<\/div>\n\t\t\t\n\t\t\t\t<div id=\"ngg-image-15\" class=\"ngg-gallery-thumbnail-box\n\t\t\t\t\t\t\t\tngg-6-columns\t\t\t\"\n\t\t\t>\n\t\t\t\t\t\t<div class=\"ngg-gallery-thumbnail\">\n\t\t<a href=\"http:\/\/www.lagottoromagnolo.org\/wp-content\/gallery\/expo15\/bag15-36.jpg?t=1502742851\"\n\t\t\ttitle=\"Juniores femmine: 1\u00b0 mp miglior juniores Praxtars JUMPING JILL all. e prop. Ludvigsen T. 2\u00b0 mp Dolce Vita JUSTINA all. Mignogna S. prop. Tonelli O. 3\u00b0 mp HONEY BEE dello Spiroto del Bosco all. e prop. Stalder D. 4\u00b0 mp Il Granaio dei Malatesta TAGLIATELLA all. e prop. Benelli M.\"\n\t\t\tdata-src=\"http:\/\/www.lagottoromagnolo.org\/wp-content\/gallery\/expo15\/bag15-36.jpg?t=1502742851\"\n\t\t\tdata-thumbnail=\"http:\/\/www.lagottoromagnolo.org\/wp-content\/gallery\/expo15\/thumbs\/thumbs_bag15-36.jpg?t=1502742851\"\n\t\t\tdata-image-id=\"1842\"\n\t\t\tdata-image-name=\"bag15-36.jpg\"\n\t\t\tdata-title=\"bag15-36\"\n\t\t\tdata-description=\"Juniores femmine: 1\u00b0 mp miglior juniores Praxtars JUMPING JILL all. e prop. Ludvigsen T. 2\u00b0 mp Dolce Vita JUSTINA all. Mignogna S. prop. Tonelli O. 3\u00b0 mp HONEY BEE dello Spiroto del Bosco all. e prop. Stalder D. 4\u00b0 mp Il Granaio dei Malatesta TAGLIATELLA all. e prop. Benelli M.\"\n\t\t\tdata-image-slug=\"bag15-36\"\n\t\t\t\t\t\t\t\t\t\t\t\t\t\t\t\t\t\t\t\tclass=\"ngg-fancybox\" rel=\"840e5beb88bb4573ef4544f440b4ab8e\">\n\t\t\t\t\t\t\t\t<img\n\t\t\t\t\ttitle=\"bag15-36\"\n\t\t\t\t\talt=\"bag15-36\"\n\t\t\t\t\tsrc=\"http:\/\/www.lagottoromagnolo.org\/wp-content\/gallery\/expo15\/thumbs\/thumbs_bag15-36.jpg?t=1502742851\"\n\t\t\t\t\twidth=\"100\"\n\t\t\t\t\theight=\"75\"\n\t\t\t\t\tstyle=\"max-width:100%;\"\n\t\t\t\t\/>\n\t\t\t<\/a>\n\t\t<\/div>\n\t\t\t\t\t\t\t<\/div>\n\t\t\t\n\t\t\t\t<div id=\"ngg-image-16\" class=\"ngg-gallery-thumbnail-box\n\t\t\t\t\t\t\t\tngg-6-columns\t\t\t\"\n\t\t\t>\n\t\t\t\t\t\t<div class=\"ngg-gallery-thumbnail\">\n\t\t<a href=\"http:\/\/www.lagottoromagnolo.org\/wp-content\/gallery\/expo15\/bag15-37.jpg?t=1502742851\"\n\t\t\ttitle=\"Cuccioli femmine: 1\u00b0 mp TOSCA di Villa dei Gruccioni all. Lucarelli F. prop. Rodler P. 2\u00b0 mp FRIDA all. Marcelli M. prop. Minguzzi C. 3\u00b0 mp DORINA Insignis Natura da Casali all. e prop. Ruzic E. 4\u00b0 mp ARTEMISIA GENTILESCHI all. Pedrazzini G. prop. Leporati F.\"\n\t\t\tdata-src=\"http:\/\/www.lagottoromagnolo.org\/wp-content\/gallery\/expo15\/bag15-37.jpg?t=1502742851\"\n\t\t\tdata-thumbnail=\"http:\/\/www.lagottoromagnolo.org\/wp-content\/gallery\/expo15\/thumbs\/thumbs_bag15-37.jpg?t=1502742851\"\n\t\t\tdata-image-id=\"1843\"\n\t\t\tdata-image-name=\"bag15-37.jpg\"\n\t\t\tdata-title=\"bag15-37\"\n\t\t\tdata-description=\"Cuccioli femmine: 1\u00b0 mp TOSCA di Villa dei Gruccioni all. Lucarelli F. prop. Rodler P. 2\u00b0 mp FRIDA all. Marcelli M. prop. Minguzzi C. 3\u00b0 mp DORINA Insignis Natura da Casali all. e prop. Ruzic E. 4\u00b0 mp ARTEMISIA GENTILESCHI all. Pedrazzini G. prop. Leporati F.\"\n\t\t\tdata-image-slug=\"bag15-37\"\n\t\t\t\t\t\t\t\t\t\t\t\t\t\t\t\t\t\t\t\tclass=\"ngg-fancybox\" rel=\"840e5beb88bb4573ef4544f440b4ab8e\">\n\t\t\t\t\t\t\t\t<img\n\t\t\t\t\ttitle=\"bag15-37\"\n\t\t\t\t\talt=\"bag15-37\"\n\t\t\t\t\tsrc=\"http:\/\/www.lagottoromagnolo.org\/wp-content\/gallery\/expo15\/thumbs\/thumbs_bag15-37.jpg?t=1502742851\"\n\t\t\t\t\twidth=\"100\"\n\t\t\t\t\theight=\"75\"\n\t\t\t\t\tstyle=\"max-width:100%;\"\n\t\t\t\t\/>\n\t\t\t<\/a>\n\t\t<\/div>\n\t\t\t\t\t\t\t<\/div>\n\t\t\t\n\t\t\t\t<div id=\"ngg-image-17\" class=\"ngg-gallery-thumbnail-box\n\t\t\t\t\t\t\t\tngg-6-columns\t\t\t\"\n\t\t\t>\n\t\t\t\t\t\t<div class=\"ngg-gallery-thumbnail\">\n\t\t<a href=\"http:\/\/www.lagottoromagnolo.org\/wp-content\/gallery\/expo15\/bag15-38.jpg?t=1502742852\"\n\t\t\ttitle=\"Veterani femmine: 1\u00b0 ecc miglior veterano Comes Cordis CARAMELLA all. Ruoff U. prop. Preisig H.W. 2\u00b0 ecc PATCHOULI de L\u2019Ille D\u2019Ogoz all. Deglise A.K. prop. Frei C. 3\u00b0 mb DUDU\u2019 all. Strazzari A. prop. Petroni R.\"\n\t\t\tdata-src=\"http:\/\/www.lagottoromagnolo.org\/wp-content\/gallery\/expo15\/bag15-38.jpg?t=1502742852\"\n\t\t\tdata-thumbnail=\"http:\/\/www.lagottoromagnolo.org\/wp-content\/gallery\/expo15\/thumbs\/thumbs_bag15-38.jpg?t=1502742852\"\n\t\t\tdata-image-id=\"1844\"\n\t\t\tdata-image-name=\"bag15-38.jpg\"\n\t\t\tdata-title=\"bag15-38\"\n\t\t\tdata-description=\"Veterani femmine: 1\u00b0 ecc miglior veterano Comes Cordis CARAMELLA all. Ruoff U. prop. Preisig H.W. 2\u00b0 ecc PATCHOULI de L\u2019Ille D\u2019Ogoz all. Deglise A.K. prop. Frei C. 3\u00b0 mb DUDU\u2019 all. Strazzari A. prop. Petroni R.\"\n\t\t\tdata-image-slug=\"bag15-38\"\n\t\t\t\t\t\t\t\t\t\t\t\t\t\t\t\t\t\t\t\tclass=\"ngg-fancybox\" rel=\"840e5beb88bb4573ef4544f440b4ab8e\">\n\t\t\t\t\t\t\t\t<img\n\t\t\t\t\ttitle=\"bag15-38\"\n\t\t\t\t\talt=\"bag15-38\"\n\t\t\t\t\tsrc=\"http:\/\/www.lagottoromagnolo.org\/wp-content\/gallery\/expo15\/thumbs\/thumbs_bag15-38.jpg?t=1502742852\"\n\t\t\t\t\twidth=\"100\"\n\t\t\t\t\theight=\"75\"\n\t\t\t\t\tstyle=\"max-width:100%;\"\n\t\t\t\t\/>\n\t\t\t<\/a>\n\t\t<\/div>\n\t\t\t\t\t\t\t<\/div>\n\t\t\t\n\t\n\t<br style=\"clear: both\" \/>\n\n\t\n\t\t<div class=\"ngg-clear\"><\/div>\n\t<\/div>\n<\/p>\n<p style=\"text-align: center;\">ngg_shortcode_12_placeholder<\/p>\n<p style=\"text-align: center;\">Trofeo<strong> \u201cQuintino Toschi\u201d<\/strong> per la combinata tra raduno e prova di lavoro <strong>BELLA-RIA dal Migliore<\/strong> all. Freese\/Davies S. prop. e cond. Collet D.<\/p>\n<p style=\"text-align: center;\">ngg_shortcode_13_placeholder<\/p>\n<p style=\"text-align: center;\">Vincitore <strong>Combinata Junior<\/strong> per la combinata tra raduno e prova di lavoro cuccioli <strong>VANS<\/strong> all. prop. e cond. Finessi C.<\/p>\n<hr \/>\n<p style=\"text-align: left;\"><a id=\"bastiara\"><\/a><span style=\"font-size: 6pt;\">.<\/span><\/p>\n<p style=\"text-align: center;\"><strong>RADUNO NAZIONALE C.I.L.<\/strong><\/p>\n<p style=\"text-align: center;\"><strong>BASTIA UMBRA<\/strong><br \/>\n10 ottobre 2015<\/p>\n<p style=\"text-align: center;\">Giudice <strong>Domenico Milillo<\/strong>, 30 iscritti<\/p>\n<p style=\"text-align: center;\">ngg_shortcode_14_placeholder<\/p>\n<p style=\"text-align: center;\"><strong>bob<\/strong> <strong>Regun MANGO<\/strong> all. Tanos L. prop. Killingmo K.<br \/>\n<strong>bos Il Granaio dei Malatesta FIONA<\/strong> all. Benelli M. prop. Palumbo A.<\/p>\n<p><strong>Campioni maschi:\u00a0<\/strong>1\u00b0 ecc GINKO all. e prop. Rondinini L.<br \/>\n<strong>Libera maschi:\u00a0<\/strong>1\u00b0 ecc cac miglior maschio bob Regun MANGO all. Tanos L. prop. Killingmo K.,\u00a02\u00b0 ecc ris.cac ROY dei Re D\u2019Abruzzo all. Milillo D. prop. Langianni A.,\u00a03\u00b0 ecc ARON all. e prop. Ettorre A.<br \/>\n<strong>Lavoro maschi:\u00a0<\/strong>1\u00b0 ecc cac MADIBA di Campoleone all. Rondinini L. prop. Tellini M.,\u00a02\u00b0 ecc ris.cac DREW del Peschio Vicale all. e prop. Orlandi G.,\u00a03\u00b0 mb HERMANO LOCO del Fatalbecco all. e prop. Poggini A.,\u00a04\u00b0 mb FELIX all. Prizio V. prop. Roca M.<br \/>\n<strong>Intermedia maschi:\u00a0<\/strong>b TOM all. e prop. Febbi S.<br \/>\n<strong>Giovani maschi:\u00a0<\/strong>1\u00b0 ecc miglior giovane BART all. Colangelo G. prop. Caira F.<br \/>\n<strong>Juniores maschi:\u00a0<\/strong>1\u00b0 mp TERMINANDO del \u00a0Fatalbecco all. e prop. Poggini A.,\u00a02\u00b0 mp PICO all. Colotti A. prop. Mencarelli M.<br \/>\n<strong>Cuccioli maschi:\u00a0<\/strong>1\u00b0 mp CASPER all. Bistocchi P. prop. Petricciuolo M.<\/p>\n<p><strong>Libera femmine:\u00a0<\/strong>1\u00b0 ecc cac miglior femmina bos Il Granaio dei Malatesta FIONA all. Benelli M. prop. Palumbo A.,\u00a02\u00b0 ecc ris.cac Villa Bottacci PERLA all. Bottacci C. prop. Lucarelli F.,\u00a03\u00b0 ecc WHOOPI Amici per Sempre all. Frei C. prop. Lachmann S.,\u00a04\u00b0 ecc FATA all. Martelli P. prop. Preisig H.<br \/>\n<strong>Lavoro femmine:\u00a0<\/strong>1\u00b0 ecc cac MANJLA LA SESSIONE CUBANA del Fatalbecco all. e prop. Poggini A.,\u00a02\u00b0 mb BRUNA all. e prop. Fronzetti D.,\u00a03\u00b0 b FAE all. e prop. Petricciuolo M.<br \/>\n<strong>Giovani femmine:\u00a0<\/strong>1\u00b0 ecc MOKA di Campoleone all. e prop. Rondinini L.,\u00a02\u00b0 mb SALLY delle Terre di Gua\u2019 all. Mattiello M. prop. Imparato R.<br \/>\n<strong>Cuccioli femmine:\u00a0<\/strong>1\u00b0 mp NIKITA all. Bistocchi P. prop. Petricciuolo M.<\/p>\n<p><!-- default-view.php -->\n<div\n\tclass=\"ngg-galleryoverview default-view\n\t\t\"\n\tid=\"ngg-gallery-d2bfc1ef314c0cd2afb863f59c6d907e-1\"\n\tdata-nextgen-gallery-id=\"150\"\n\tdata-gallery-id=\"150\"\n\t\tdata-gallery-name=\"expo15\"\n\t>\n\n\t\t<!-- Thumbnails -->\n\t\t\t\t<div id=\"ngg-image-0\" class=\"ngg-gallery-thumbnail-box\n\t\t\t\t\t\t\t\tngg-6-columns\t\t\t\"\n\t\t\t>\n\t\t\t\t\t\t<div class=\"ngg-gallery-thumbnail\">\n\t\t<a href=\"http:\/\/www.lagottoromagnolo.org\/wp-content\/gallery\/expo15\/bastiaRad15_01.jpg?t=1502744912\"\n\t\t\ttitle=\"Libera maschi: 1\u00b0 ecc cac miglior maschio bob Regun MANGO all. Tanos L. prop. Killingmo K. 2\u00b0 ecc ris.cac ROY dei Re D\u2019Abruzzo all. Milillo D. prop. Langianni A. 3\u00b0 ecc ARON all. e prop. Ettorre A.\"\n\t\t\tdata-src=\"http:\/\/www.lagottoromagnolo.org\/wp-content\/gallery\/expo15\/bastiaRad15_01.jpg?t=1502744912\"\n\t\t\tdata-thumbnail=\"http:\/\/www.lagottoromagnolo.org\/wp-content\/gallery\/expo15\/thumbs\/thumbs_bastiaRad15_01.jpg?t=1502744912\"\n\t\t\tdata-image-id=\"1845\"\n\t\t\tdata-image-name=\"bastiaRad15_01.jpg\"\n\t\t\tdata-title=\"bastiaRad15_01\"\n\t\t\tdata-description=\"Libera maschi: 1\u00b0 ecc cac miglior maschio bob Regun MANGO all. Tanos L. prop. Killingmo K. 2\u00b0 ecc ris.cac ROY dei Re D\u2019Abruzzo all. Milillo D. prop. Langianni A. 3\u00b0 ecc ARON all. e prop. Ettorre A.\"\n\t\t\tdata-image-slug=\"bastiarad15_01\"\n\t\t\t\t\t\t\t\t\t\t\t\t\t\t\t\t\t\t\t\tclass=\"ngg-fancybox\" rel=\"d2bfc1ef314c0cd2afb863f59c6d907e\">\n\t\t\t\t\t\t\t\t<img\n\t\t\t\t\ttitle=\"bastiaRad15_01\"\n\t\t\t\t\talt=\"bastiaRad15_01\"\n\t\t\t\t\tsrc=\"http:\/\/www.lagottoromagnolo.org\/wp-content\/gallery\/expo15\/thumbs\/thumbs_bastiaRad15_01.jpg?t=1502744912\"\n\t\t\t\t\twidth=\"100\"\n\t\t\t\t\theight=\"75\"\n\t\t\t\t\tstyle=\"max-width:100%;\"\n\t\t\t\t\/>\n\t\t\t<\/a>\n\t\t<\/div>\n\t\t\t\t\t\t\t<\/div>\n\t\t\t\n\t\t\t\t<div id=\"ngg-image-1\" class=\"ngg-gallery-thumbnail-box\n\t\t\t\t\t\t\t\tngg-6-columns\t\t\t\"\n\t\t\t>\n\t\t\t\t\t\t<div class=\"ngg-gallery-thumbnail\">\n\t\t<a href=\"http:\/\/www.lagottoromagnolo.org\/wp-content\/gallery\/expo15\/bastiaRad15_02.jpg?t=1502742852\"\n\t\t\ttitle=\"Lavoro maschi: 1\u00b0 ecc cac MADIBA di Campoleone all. Rondinini L. prop. Tellini M. 2\u00b0 ecc ris.cac DREW del Peschio Vicale all. e prop. Orlandi G.\"\n\t\t\tdata-src=\"http:\/\/www.lagottoromagnolo.org\/wp-content\/gallery\/expo15\/bastiaRad15_02.jpg?t=1502742852\"\n\t\t\tdata-thumbnail=\"http:\/\/www.lagottoromagnolo.org\/wp-content\/gallery\/expo15\/thumbs\/thumbs_bastiaRad15_02.jpg?t=1502742852\"\n\t\t\tdata-image-id=\"1846\"\n\t\t\tdata-image-name=\"bastiaRad15_02.jpg\"\n\t\t\tdata-title=\"bastiaRad15_02\"\n\t\t\tdata-description=\"Lavoro maschi: 1\u00b0 ecc cac MADIBA di Campoleone all. Rondinini L. prop. Tellini M. 2\u00b0 ecc ris.cac DREW del Peschio Vicale all. e prop. Orlandi G.\"\n\t\t\tdata-image-slug=\"bastiarad15_02\"\n\t\t\t\t\t\t\t\t\t\t\t\t\t\t\t\t\t\t\t\tclass=\"ngg-fancybox\" rel=\"d2bfc1ef314c0cd2afb863f59c6d907e\">\n\t\t\t\t\t\t\t\t<img\n\t\t\t\t\ttitle=\"bastiaRad15_02\"\n\t\t\t\t\talt=\"bastiaRad15_02\"\n\t\t\t\t\tsrc=\"http:\/\/www.lagottoromagnolo.org\/wp-content\/gallery\/expo15\/thumbs\/thumbs_bastiaRad15_02.jpg?t=1502742852\"\n\t\t\t\t\twidth=\"100\"\n\t\t\t\t\theight=\"75\"\n\t\t\t\t\tstyle=\"max-width:100%;\"\n\t\t\t\t\/>\n\t\t\t<\/a>\n\t\t<\/div>\n\t\t\t\t\t\t\t<\/div>\n\t\t\t\n\t\t\t\t<div id=\"ngg-image-2\" class=\"ngg-gallery-thumbnail-box\n\t\t\t\t\t\t\t\tngg-6-columns\t\t\t\"\n\t\t\t>\n\t\t\t\t\t\t<div class=\"ngg-gallery-thumbnail\">\n\t\t<a href=\"http:\/\/www.lagottoromagnolo.org\/wp-content\/gallery\/expo15\/bastiaRad15_03.jpg?t=1502742852\"\n\t\t\ttitle=\"Lavoro maschi: 2\u00b0 ecc ris.cac DREW del Peschio Vicale all. e prop. Orlandi G.\"\n\t\t\tdata-src=\"http:\/\/www.lagottoromagnolo.org\/wp-content\/gallery\/expo15\/bastiaRad15_03.jpg?t=1502742852\"\n\t\t\tdata-thumbnail=\"http:\/\/www.lagottoromagnolo.org\/wp-content\/gallery\/expo15\/thumbs\/thumbs_bastiaRad15_03.jpg?t=1502742852\"\n\t\t\tdata-image-id=\"1847\"\n\t\t\tdata-image-name=\"bastiaRad15_03.jpg\"\n\t\t\tdata-title=\"bastiaRad15_03\"\n\t\t\tdata-description=\"Lavoro maschi: 2\u00b0 ecc ris.cac DREW del Peschio Vicale all. e prop. Orlandi G.\"\n\t\t\tdata-image-slug=\"bastiarad15_03\"\n\t\t\t\t\t\t\t\t\t\t\t\t\t\t\t\t\t\t\t\tclass=\"ngg-fancybox\" rel=\"d2bfc1ef314c0cd2afb863f59c6d907e\">\n\t\t\t\t\t\t\t\t<img\n\t\t\t\t\ttitle=\"bastiaRad15_03\"\n\t\t\t\t\talt=\"bastiaRad15_03\"\n\t\t\t\t\tsrc=\"http:\/\/www.lagottoromagnolo.org\/wp-content\/gallery\/expo15\/thumbs\/thumbs_bastiaRad15_03.jpg?t=1502742852\"\n\t\t\t\t\twidth=\"100\"\n\t\t\t\t\theight=\"75\"\n\t\t\t\t\tstyle=\"max-width:100%;\"\n\t\t\t\t\/>\n\t\t\t<\/a>\n\t\t<\/div>\n\t\t\t\t\t\t\t<\/div>\n\t\t\t\n\t\t\t\t<div id=\"ngg-image-3\" class=\"ngg-gallery-thumbnail-box\n\t\t\t\t\t\t\t\tngg-6-columns\t\t\t\"\n\t\t\t>\n\t\t\t\t\t\t<div class=\"ngg-gallery-thumbnail\">\n\t\t<a href=\"http:\/\/www.lagottoromagnolo.org\/wp-content\/gallery\/expo15\/bastiaRad15_04.jpg?t=1502742852\"\n\t\t\ttitle=\"Intermedia maschi: b TOM all. e prop. Febbi S.\"\n\t\t\tdata-src=\"http:\/\/www.lagottoromagnolo.org\/wp-content\/gallery\/expo15\/bastiaRad15_04.jpg?t=1502742852\"\n\t\t\tdata-thumbnail=\"http:\/\/www.lagottoromagnolo.org\/wp-content\/gallery\/expo15\/thumbs\/thumbs_bastiaRad15_04.jpg?t=1502742852\"\n\t\t\tdata-image-id=\"1848\"\n\t\t\tdata-image-name=\"bastiaRad15_04.jpg\"\n\t\t\tdata-title=\"bastiaRad15_04\"\n\t\t\tdata-description=\"Intermedia maschi: b TOM all. e prop. Febbi S.\"\n\t\t\tdata-image-slug=\"bastiarad15_04\"\n\t\t\t\t\t\t\t\t\t\t\t\t\t\t\t\t\t\t\t\tclass=\"ngg-fancybox\" rel=\"d2bfc1ef314c0cd2afb863f59c6d907e\">\n\t\t\t\t\t\t\t\t<img\n\t\t\t\t\ttitle=\"bastiaRad15_04\"\n\t\t\t\t\talt=\"bastiaRad15_04\"\n\t\t\t\t\tsrc=\"http:\/\/www.lagottoromagnolo.org\/wp-content\/gallery\/expo15\/thumbs\/thumbs_bastiaRad15_04.jpg?t=1502742852\"\n\t\t\t\t\twidth=\"100\"\n\t\t\t\t\theight=\"75\"\n\t\t\t\t\tstyle=\"max-width:100%;\"\n\t\t\t\t\/>\n\t\t\t<\/a>\n\t\t<\/div>\n\t\t\t\t\t\t\t<\/div>\n\t\t\t\n\t\t\t\t<div id=\"ngg-image-4\" class=\"ngg-gallery-thumbnail-box\n\t\t\t\t\t\t\t\tngg-6-columns\t\t\t\"\n\t\t\t>\n\t\t\t\t\t\t<div class=\"ngg-gallery-thumbnail\">\n\t\t<a href=\"http:\/\/www.lagottoromagnolo.org\/wp-content\/gallery\/expo15\/bastiaRad15_05.jpg?t=1502742852\"\n\t\t\ttitle=\"Juniores maschi: 1\u00b0 mp TERMINANDO del Fatalbecco all. e prop. Poggini A. 2\u00b0 mp PICO all. Colotti A. prop. Mencarelli M.\"\n\t\t\tdata-src=\"http:\/\/www.lagottoromagnolo.org\/wp-content\/gallery\/expo15\/bastiaRad15_05.jpg?t=1502742852\"\n\t\t\tdata-thumbnail=\"http:\/\/www.lagottoromagnolo.org\/wp-content\/gallery\/expo15\/thumbs\/thumbs_bastiaRad15_05.jpg?t=1502742852\"\n\t\t\tdata-image-id=\"1849\"\n\t\t\tdata-image-name=\"bastiaRad15_05.jpg\"\n\t\t\tdata-title=\"bastiaRad15_05\"\n\t\t\tdata-description=\"Juniores maschi: 1\u00b0 mp TERMINANDO del Fatalbecco all. e prop. Poggini A. 2\u00b0 mp PICO all. Colotti A. prop. Mencarelli M.\"\n\t\t\tdata-image-slug=\"bastiarad15_05\"\n\t\t\t\t\t\t\t\t\t\t\t\t\t\t\t\t\t\t\t\tclass=\"ngg-fancybox\" rel=\"d2bfc1ef314c0cd2afb863f59c6d907e\">\n\t\t\t\t\t\t\t\t<img\n\t\t\t\t\ttitle=\"bastiaRad15_05\"\n\t\t\t\t\talt=\"bastiaRad15_05\"\n\t\t\t\t\tsrc=\"http:\/\/www.lagottoromagnolo.org\/wp-content\/gallery\/expo15\/thumbs\/thumbs_bastiaRad15_05.jpg?t=1502742852\"\n\t\t\t\t\twidth=\"100\"\n\t\t\t\t\theight=\"75\"\n\t\t\t\t\tstyle=\"max-width:100%;\"\n\t\t\t\t\/>\n\t\t\t<\/a>\n\t\t<\/div>\n\t\t\t\t\t\t\t<\/div>\n\t\t\t\n\t\t\t\t<div id=\"ngg-image-5\" class=\"ngg-gallery-thumbnail-box\n\t\t\t\t\t\t\t\tngg-6-columns\t\t\t\"\n\t\t\t>\n\t\t\t\t\t\t<div class=\"ngg-gallery-thumbnail\">\n\t\t<a href=\"http:\/\/www.lagottoromagnolo.org\/wp-content\/gallery\/expo15\/bastiaRad15_06.jpg?t=1502742852\"\n\t\t\ttitle=\"Cuccioli maschi: 1\u00b0 mp CASPER all. Bistocchi P. prop. Petricciuolo M.\"\n\t\t\tdata-src=\"http:\/\/www.lagottoromagnolo.org\/wp-content\/gallery\/expo15\/bastiaRad15_06.jpg?t=1502742852\"\n\t\t\tdata-thumbnail=\"http:\/\/www.lagottoromagnolo.org\/wp-content\/gallery\/expo15\/thumbs\/thumbs_bastiaRad15_06.jpg?t=1502742852\"\n\t\t\tdata-image-id=\"1850\"\n\t\t\tdata-image-name=\"bastiaRad15_06.jpg\"\n\t\t\tdata-title=\"bastiaRad15_06\"\n\t\t\tdata-description=\"Cuccioli maschi: 1\u00b0 mp CASPER all. Bistocchi P. prop. Petricciuolo M.\"\n\t\t\tdata-image-slug=\"bastiarad15_06\"\n\t\t\t\t\t\t\t\t\t\t\t\t\t\t\t\t\t\t\t\tclass=\"ngg-fancybox\" rel=\"d2bfc1ef314c0cd2afb863f59c6d907e\">\n\t\t\t\t\t\t\t\t<img\n\t\t\t\t\ttitle=\"bastiaRad15_06\"\n\t\t\t\t\talt=\"bastiaRad15_06\"\n\t\t\t\t\tsrc=\"http:\/\/www.lagottoromagnolo.org\/wp-content\/gallery\/expo15\/thumbs\/thumbs_bastiaRad15_06.jpg?t=1502742852\"\n\t\t\t\t\twidth=\"100\"\n\t\t\t\t\theight=\"75\"\n\t\t\t\t\tstyle=\"max-width:100%;\"\n\t\t\t\t\/>\n\t\t\t<\/a>\n\t\t<\/div>\n\t\t\t\t\t\t\t<\/div>\n\t\t\t\n\t\t\t\t<div id=\"ngg-image-6\" class=\"ngg-gallery-thumbnail-box\n\t\t\t\t\t\t\t\tngg-6-columns\t\t\t\"\n\t\t\t>\n\t\t\t\t\t\t<div class=\"ngg-gallery-thumbnail\">\n\t\t<a href=\"http:\/\/www.lagottoromagnolo.org\/wp-content\/gallery\/expo15\/bastiaRad15_07.jpg?t=1502742852\"\n\t\t\ttitle=\"Libera femmine: 1\u00b0 ecc cac miglior femmina bos Il Granaio dei Malatesta FIONA all. Benelli M. prop. Palumbo A. 2\u00b0 ecc ris.cac Villa Bottacci PERLA all. Bottacci C. prop. Lucarelli F. 3\u00b0 ecc WHOOPI Amici per Sempre all. Frei C. prop. Lachmann S. 4\u00b0 ecc FATA all. Martelli P. prop. Preisig H.\"\n\t\t\tdata-src=\"http:\/\/www.lagottoromagnolo.org\/wp-content\/gallery\/expo15\/bastiaRad15_07.jpg?t=1502742852\"\n\t\t\tdata-thumbnail=\"http:\/\/www.lagottoromagnolo.org\/wp-content\/gallery\/expo15\/thumbs\/thumbs_bastiaRad15_07.jpg?t=1502742852\"\n\t\t\tdata-image-id=\"1851\"\n\t\t\tdata-image-name=\"bastiaRad15_07.jpg\"\n\t\t\tdata-title=\"bastiaRad15_07\"\n\t\t\tdata-description=\"Libera femmine: 1\u00b0 ecc cac miglior femmina bos Il Granaio dei Malatesta FIONA all. Benelli M. prop. Palumbo A. 2\u00b0 ecc ris.cac Villa Bottacci PERLA all. Bottacci C. prop. Lucarelli F. 3\u00b0 ecc WHOOPI Amici per Sempre all. Frei C. prop. Lachmann S. 4\u00b0 ecc FATA all. Martelli P. prop. Preisig H.\"\n\t\t\tdata-image-slug=\"bastiarad15_07\"\n\t\t\t\t\t\t\t\t\t\t\t\t\t\t\t\t\t\t\t\tclass=\"ngg-fancybox\" rel=\"d2bfc1ef314c0cd2afb863f59c6d907e\">\n\t\t\t\t\t\t\t\t<img\n\t\t\t\t\ttitle=\"bastiaRad15_07\"\n\t\t\t\t\talt=\"bastiaRad15_07\"\n\t\t\t\t\tsrc=\"http:\/\/www.lagottoromagnolo.org\/wp-content\/gallery\/expo15\/thumbs\/thumbs_bastiaRad15_07.jpg?t=1502742852\"\n\t\t\t\t\twidth=\"100\"\n\t\t\t\t\theight=\"75\"\n\t\t\t\t\tstyle=\"max-width:100%;\"\n\t\t\t\t\/>\n\t\t\t<\/a>\n\t\t<\/div>\n\t\t\t\t\t\t\t<\/div>\n\t\t\t\n\t\t\t\t<div id=\"ngg-image-7\" class=\"ngg-gallery-thumbnail-box\n\t\t\t\t\t\t\t\tngg-6-columns\t\t\t\"\n\t\t\t>\n\t\t\t\t\t\t<div class=\"ngg-gallery-thumbnail\">\n\t\t<a href=\"http:\/\/www.lagottoromagnolo.org\/wp-content\/gallery\/expo15\/bastiaRad15_08.jpg?t=1502742852\"\n\t\t\ttitle=\"Libera femmine: 1\u00b0 ecc cac miglior femmina bos Il Granaio dei Malatesta FIONA all. Benelli M. prop. Palumbo A. 2\u00b0 ecc ris.cac Villa Bottacci PERLA all. Bottacci C. prop. Lucarelli F.\"\n\t\t\tdata-src=\"http:\/\/www.lagottoromagnolo.org\/wp-content\/gallery\/expo15\/bastiaRad15_08.jpg?t=1502742852\"\n\t\t\tdata-thumbnail=\"http:\/\/www.lagottoromagnolo.org\/wp-content\/gallery\/expo15\/thumbs\/thumbs_bastiaRad15_08.jpg?t=1502742852\"\n\t\t\tdata-image-id=\"1852\"\n\t\t\tdata-image-name=\"bastiaRad15_08.jpg\"\n\t\t\tdata-title=\"bastiaRad15_08\"\n\t\t\tdata-description=\"Libera femmine: 1\u00b0 ecc cac miglior femmina bos Il Granaio dei Malatesta FIONA all. Benelli M. prop. Palumbo A. 2\u00b0 ecc ris.cac Villa Bottacci PERLA all. Bottacci C. prop. Lucarelli F.\"\n\t\t\tdata-image-slug=\"bastiarad15_08\"\n\t\t\t\t\t\t\t\t\t\t\t\t\t\t\t\t\t\t\t\tclass=\"ngg-fancybox\" rel=\"d2bfc1ef314c0cd2afb863f59c6d907e\">\n\t\t\t\t\t\t\t\t<img\n\t\t\t\t\ttitle=\"bastiaRad15_08\"\n\t\t\t\t\talt=\"bastiaRad15_08\"\n\t\t\t\t\tsrc=\"http:\/\/www.lagottoromagnolo.org\/wp-content\/gallery\/expo15\/thumbs\/thumbs_bastiaRad15_08.jpg?t=1502742852\"\n\t\t\t\t\twidth=\"100\"\n\t\t\t\t\theight=\"75\"\n\t\t\t\t\tstyle=\"max-width:100%;\"\n\t\t\t\t\/>\n\t\t\t<\/a>\n\t\t<\/div>\n\t\t\t\t\t\t\t<\/div>\n\t\t\t\n\t\t\t\t<div id=\"ngg-image-8\" class=\"ngg-gallery-thumbnail-box\n\t\t\t\t\t\t\t\tngg-6-columns\t\t\t\"\n\t\t\t>\n\t\t\t\t\t\t<div class=\"ngg-gallery-thumbnail\">\n\t\t<a href=\"http:\/\/www.lagottoromagnolo.org\/wp-content\/gallery\/expo15\/bastiaRad15_09.jpg?t=1502742852\"\n\t\t\ttitle=\"Lavoro femmine: 1\u00b0 ecc cac MANJLA LA SESSIONE CUBANA del Fatalbecco all. e prop. Poggini A. 2\u00b0 mb BRUNA all. e prop. Fronzetti D. 3\u00b0 b FAE all. e prop. Petricciuolo M.\"\n\t\t\tdata-src=\"http:\/\/www.lagottoromagnolo.org\/wp-content\/gallery\/expo15\/bastiaRad15_09.jpg?t=1502742852\"\n\t\t\tdata-thumbnail=\"http:\/\/www.lagottoromagnolo.org\/wp-content\/gallery\/expo15\/thumbs\/thumbs_bastiaRad15_09.jpg?t=1502742852\"\n\t\t\tdata-image-id=\"1853\"\n\t\t\tdata-image-name=\"bastiaRad15_09.jpg\"\n\t\t\tdata-title=\"bastiaRad15_09\"\n\t\t\tdata-description=\"Lavoro femmine: 1\u00b0 ecc cac MANJLA LA SESSIONE CUBANA del Fatalbecco all. e prop. Poggini A. 2\u00b0 mb BRUNA all. e prop. Fronzetti D. 3\u00b0 b FAE all. e prop. Petricciuolo M.\"\n\t\t\tdata-image-slug=\"bastiarad15_09\"\n\t\t\t\t\t\t\t\t\t\t\t\t\t\t\t\t\t\t\t\tclass=\"ngg-fancybox\" rel=\"d2bfc1ef314c0cd2afb863f59c6d907e\">\n\t\t\t\t\t\t\t\t<img\n\t\t\t\t\ttitle=\"bastiaRad15_09\"\n\t\t\t\t\talt=\"bastiaRad15_09\"\n\t\t\t\t\tsrc=\"http:\/\/www.lagottoromagnolo.org\/wp-content\/gallery\/expo15\/thumbs\/thumbs_bastiaRad15_09.jpg?t=1502742852\"\n\t\t\t\t\twidth=\"100\"\n\t\t\t\t\theight=\"75\"\n\t\t\t\t\tstyle=\"max-width:100%;\"\n\t\t\t\t\/>\n\t\t\t<\/a>\n\t\t<\/div>\n\t\t\t\t\t\t\t<\/div>\n\t\t\t\n\t\t\t\t<div id=\"ngg-image-9\" class=\"ngg-gallery-thumbnail-box\n\t\t\t\t\t\t\t\tngg-6-columns\t\t\t\"\n\t\t\t>\n\t\t\t\t\t\t<div class=\"ngg-gallery-thumbnail\">\n\t\t<a href=\"http:\/\/www.lagottoromagnolo.org\/wp-content\/gallery\/expo15\/bastiaRad15_10.jpg?t=1502742852\"\n\t\t\ttitle=\"Giovani femmine: 1\u00b0 ecc MOKA di Campoleone all. e prop. Rondinini L. 2\u00b0 mb SALLY delle Terre di Gua\u2019 all. Mattiello M. prop. Imparato R.\"\n\t\t\tdata-src=\"http:\/\/www.lagottoromagnolo.org\/wp-content\/gallery\/expo15\/bastiaRad15_10.jpg?t=1502742852\"\n\t\t\tdata-thumbnail=\"http:\/\/www.lagottoromagnolo.org\/wp-content\/gallery\/expo15\/thumbs\/thumbs_bastiaRad15_10.jpg?t=1502742852\"\n\t\t\tdata-image-id=\"1854\"\n\t\t\tdata-image-name=\"bastiaRad15_10.jpg\"\n\t\t\tdata-title=\"bastiaRad15_10\"\n\t\t\tdata-description=\"Giovani femmine: 1\u00b0 ecc MOKA di Campoleone all. e prop. Rondinini L. 2\u00b0 mb SALLY delle Terre di Gua\u2019 all. Mattiello M. prop. Imparato R.\"\n\t\t\tdata-image-slug=\"bastiarad15_10\"\n\t\t\t\t\t\t\t\t\t\t\t\t\t\t\t\t\t\t\t\tclass=\"ngg-fancybox\" rel=\"d2bfc1ef314c0cd2afb863f59c6d907e\">\n\t\t\t\t\t\t\t\t<img\n\t\t\t\t\ttitle=\"bastiaRad15_10\"\n\t\t\t\t\talt=\"bastiaRad15_10\"\n\t\t\t\t\tsrc=\"http:\/\/www.lagottoromagnolo.org\/wp-content\/gallery\/expo15\/thumbs\/thumbs_bastiaRad15_10.jpg?t=1502742852\"\n\t\t\t\t\twidth=\"100\"\n\t\t\t\t\theight=\"75\"\n\t\t\t\t\tstyle=\"max-width:100%;\"\n\t\t\t\t\/>\n\t\t\t<\/a>\n\t\t<\/div>\n\t\t\t\t\t\t\t<\/div>\n\t\t\t\n\t\t\t\t<div id=\"ngg-image-10\" class=\"ngg-gallery-thumbnail-box\n\t\t\t\t\t\t\t\tngg-6-columns\t\t\t\"\n\t\t\t>\n\t\t\t\t\t\t<div class=\"ngg-gallery-thumbnail\">\n\t\t<a href=\"http:\/\/www.lagottoromagnolo.org\/wp-content\/gallery\/expo15\/bastiaRad15_11.jpg?t=1502742852\"\n\t\t\ttitle=\"Cuccioli femmine: 1\u00b0 mp NIKITA all. Bistocchi P. prop. Petricciuolo M.\"\n\t\t\tdata-src=\"http:\/\/www.lagottoromagnolo.org\/wp-content\/gallery\/expo15\/bastiaRad15_11.jpg?t=1502742852\"\n\t\t\tdata-thumbnail=\"http:\/\/www.lagottoromagnolo.org\/wp-content\/gallery\/expo15\/thumbs\/thumbs_bastiaRad15_11.jpg?t=1502742852\"\n\t\t\tdata-image-id=\"1855\"\n\t\t\tdata-image-name=\"bastiaRad15_11.jpg\"\n\t\t\tdata-title=\"bastiaRad15_11\"\n\t\t\tdata-description=\"Cuccioli femmine: 1\u00b0 mp NIKITA all. Bistocchi P. prop. Petricciuolo M.\"\n\t\t\tdata-image-slug=\"bastiarad15_11\"\n\t\t\t\t\t\t\t\t\t\t\t\t\t\t\t\t\t\t\t\tclass=\"ngg-fancybox\" rel=\"d2bfc1ef314c0cd2afb863f59c6d907e\">\n\t\t\t\t\t\t\t\t<img\n\t\t\t\t\ttitle=\"bastiaRad15_11\"\n\t\t\t\t\talt=\"bastiaRad15_11\"\n\t\t\t\t\tsrc=\"http:\/\/www.lagottoromagnolo.org\/wp-content\/gallery\/expo15\/thumbs\/thumbs_bastiaRad15_11.jpg?t=1502742852\"\n\t\t\t\t\twidth=\"100\"\n\t\t\t\t\theight=\"75\"\n\t\t\t\t\tstyle=\"max-width:100%;\"\n\t\t\t\t\/>\n\t\t\t<\/a>\n\t\t<\/div>\n\t\t\t\t\t\t\t<\/div>\n\t\t\t\n\t\t\t\t<div id=\"ngg-image-11\" class=\"ngg-gallery-thumbnail-box\n\t\t\t\t\t\t\t\tngg-6-columns\t\t\t\"\n\t\t\t>\n\t\t\t\t\t\t<div class=\"ngg-gallery-thumbnail\">\n\t\t<a href=\"http:\/\/www.lagottoromagnolo.org\/wp-content\/gallery\/expo15\/bastiaRad15_12.jpg?t=1502742852\"\n\t\t\ttitle=\"miglior giovane BART all. Colangelo G. prop. Caira F.\"\n\t\t\tdata-src=\"http:\/\/www.lagottoromagnolo.org\/wp-content\/gallery\/expo15\/bastiaRad15_12.jpg?t=1502742852\"\n\t\t\tdata-thumbnail=\"http:\/\/www.lagottoromagnolo.org\/wp-content\/gallery\/expo15\/thumbs\/thumbs_bastiaRad15_12.jpg?t=1502742852\"\n\t\t\tdata-image-id=\"1856\"\n\t\t\tdata-image-name=\"bastiaRad15_12.jpg\"\n\t\t\tdata-title=\"bastiaRad15_12\"\n\t\t\tdata-description=\"miglior giovane BART all. Colangelo G. prop. Caira F.\"\n\t\t\tdata-image-slug=\"bastiarad15_12\"\n\t\t\t\t\t\t\t\t\t\t\t\t\t\t\t\t\t\t\t\tclass=\"ngg-fancybox\" rel=\"d2bfc1ef314c0cd2afb863f59c6d907e\">\n\t\t\t\t\t\t\t\t<img\n\t\t\t\t\ttitle=\"bastiaRad15_12\"\n\t\t\t\t\talt=\"bastiaRad15_12\"\n\t\t\t\t\tsrc=\"http:\/\/www.lagottoromagnolo.org\/wp-content\/gallery\/expo15\/thumbs\/thumbs_bastiaRad15_12.jpg?t=1502742852\"\n\t\t\t\t\twidth=\"100\"\n\t\t\t\t\theight=\"75\"\n\t\t\t\t\tstyle=\"max-width:100%;\"\n\t\t\t\t\/>\n\t\t\t<\/a>\n\t\t<\/div>\n\t\t\t\t\t\t\t<\/div>\n\t\t\t\n\t\t\t\t<div id=\"ngg-image-12\" class=\"ngg-gallery-thumbnail-box\n\t\t\t\t\t\t\t\tngg-6-columns\t\t\t\"\n\t\t\t>\n\t\t\t\t\t\t<div class=\"ngg-gallery-thumbnail\">\n\t\t<a href=\"http:\/\/www.lagottoromagnolo.org\/wp-content\/gallery\/expo15\/bastiaRad15_13.jpg?t=1502742852\"\n\t\t\ttitle=\"miglior maschio Regun MANGO all. Tanos L. prop. Killingmo K.\"\n\t\t\tdata-src=\"http:\/\/www.lagottoromagnolo.org\/wp-content\/gallery\/expo15\/bastiaRad15_13.jpg?t=1502742852\"\n\t\t\tdata-thumbnail=\"http:\/\/www.lagottoromagnolo.org\/wp-content\/gallery\/expo15\/thumbs\/thumbs_bastiaRad15_13.jpg?t=1502742852\"\n\t\t\tdata-image-id=\"1857\"\n\t\t\tdata-image-name=\"bastiaRad15_13.jpg\"\n\t\t\tdata-title=\"bastiaRad15_13\"\n\t\t\tdata-description=\"miglior maschio Regun MANGO all. Tanos L. prop. Killingmo K.\"\n\t\t\tdata-image-slug=\"bastiarad15_13\"\n\t\t\t\t\t\t\t\t\t\t\t\t\t\t\t\t\t\t\t\tclass=\"ngg-fancybox\" rel=\"d2bfc1ef314c0cd2afb863f59c6d907e\">\n\t\t\t\t\t\t\t\t<img\n\t\t\t\t\ttitle=\"bastiaRad15_13\"\n\t\t\t\t\talt=\"bastiaRad15_13\"\n\t\t\t\t\tsrc=\"http:\/\/www.lagottoromagnolo.org\/wp-content\/gallery\/expo15\/thumbs\/thumbs_bastiaRad15_13.jpg?t=1502742852\"\n\t\t\t\t\twidth=\"100\"\n\t\t\t\t\theight=\"75\"\n\t\t\t\t\tstyle=\"max-width:100%;\"\n\t\t\t\t\/>\n\t\t\t<\/a>\n\t\t<\/div>\n\t\t\t\t\t\t\t<\/div>\n\t\t\t\n\t\t\t\t<div id=\"ngg-image-13\" class=\"ngg-gallery-thumbnail-box\n\t\t\t\t\t\t\t\tngg-6-columns\t\t\t\"\n\t\t\t>\n\t\t\t\t\t\t<div class=\"ngg-gallery-thumbnail\">\n\t\t<a href=\"http:\/\/www.lagottoromagnolo.org\/wp-content\/gallery\/expo15\/bastiaRad15_14.jpg?t=1502742852\"\n\t\t\ttitle=\"miglior maschio Regun MANGO all. Tanos L. prop. Killingmo K.\"\n\t\t\tdata-src=\"http:\/\/www.lagottoromagnolo.org\/wp-content\/gallery\/expo15\/bastiaRad15_14.jpg?t=1502742852\"\n\t\t\tdata-thumbnail=\"http:\/\/www.lagottoromagnolo.org\/wp-content\/gallery\/expo15\/thumbs\/thumbs_bastiaRad15_14.jpg?t=1502742852\"\n\t\t\tdata-image-id=\"1858\"\n\t\t\tdata-image-name=\"bastiaRad15_14.jpg\"\n\t\t\tdata-title=\"bastiaRad15_14\"\n\t\t\tdata-description=\"miglior maschio Regun MANGO all. Tanos L. prop. Killingmo K.\"\n\t\t\tdata-image-slug=\"bastiarad15_14\"\n\t\t\t\t\t\t\t\t\t\t\t\t\t\t\t\t\t\t\t\tclass=\"ngg-fancybox\" rel=\"d2bfc1ef314c0cd2afb863f59c6d907e\">\n\t\t\t\t\t\t\t\t<img\n\t\t\t\t\ttitle=\"bastiaRad15_14\"\n\t\t\t\t\talt=\"bastiaRad15_14\"\n\t\t\t\t\tsrc=\"http:\/\/www.lagottoromagnolo.org\/wp-content\/gallery\/expo15\/thumbs\/thumbs_bastiaRad15_14.jpg?t=1502742852\"\n\t\t\t\t\twidth=\"100\"\n\t\t\t\t\theight=\"75\"\n\t\t\t\t\tstyle=\"max-width:100%;\"\n\t\t\t\t\/>\n\t\t\t<\/a>\n\t\t<\/div>\n\t\t\t\t\t\t\t<\/div>\n\t\t\t\n\t\t\t\t<div id=\"ngg-image-14\" class=\"ngg-gallery-thumbnail-box\n\t\t\t\t\t\t\t\tngg-6-columns\t\t\t\"\n\t\t\t>\n\t\t\t\t\t\t<div class=\"ngg-gallery-thumbnail\">\n\t\t<a href=\"http:\/\/www.lagottoromagnolo.org\/wp-content\/gallery\/expo15\/bastiaRad15_15.jpg?t=1502742918\"\n\t\t\ttitle=\"miglior femmina Il Granaio dei Malatesta FIONA all. Benelli M. prop. Palumbo A.\"\n\t\t\tdata-src=\"http:\/\/www.lagottoromagnolo.org\/wp-content\/gallery\/expo15\/bastiaRad15_15.jpg?t=1502742918\"\n\t\t\tdata-thumbnail=\"http:\/\/www.lagottoromagnolo.org\/wp-content\/gallery\/expo15\/thumbs\/thumbs_bastiaRad15_15.jpg?t=1502742918\"\n\t\t\tdata-image-id=\"1859\"\n\t\t\tdata-image-name=\"bastiaRad15_15.jpg\"\n\t\t\tdata-title=\"bastiaRad15_15\"\n\t\t\tdata-description=\"miglior femmina Il Granaio dei Malatesta FIONA all. Benelli M. prop. Palumbo A.\"\n\t\t\tdata-image-slug=\"bastiarad15_15\"\n\t\t\t\t\t\t\t\t\t\t\t\t\t\t\t\t\t\t\t\tclass=\"ngg-fancybox\" rel=\"d2bfc1ef314c0cd2afb863f59c6d907e\">\n\t\t\t\t\t\t\t\t<img\n\t\t\t\t\ttitle=\"bastiaRad15_15\"\n\t\t\t\t\talt=\"bastiaRad15_15\"\n\t\t\t\t\tsrc=\"http:\/\/www.lagottoromagnolo.org\/wp-content\/gallery\/expo15\/thumbs\/thumbs_bastiaRad15_15.jpg?t=1502742918\"\n\t\t\t\t\twidth=\"100\"\n\t\t\t\t\theight=\"75\"\n\t\t\t\t\tstyle=\"max-width:100%;\"\n\t\t\t\t\/>\n\t\t\t<\/a>\n\t\t<\/div>\n\t\t\t\t\t\t\t<\/div>\n\t\t\t\n\t\t\t\t<div id=\"ngg-image-15\" class=\"ngg-gallery-thumbnail-box\n\t\t\t\t\t\t\t\tngg-6-columns\t\t\t\"\n\t\t\t>\n\t\t\t\t\t\t<div class=\"ngg-gallery-thumbnail\">\n\t\t<a href=\"http:\/\/www.lagottoromagnolo.org\/wp-content\/gallery\/expo15\/bastiaRad15_16.jpg?t=1502742918\"\n\t\t\ttitle=\"miglior femmina Il Granaio dei Malatesta FIONA all. Benelli M. prop. Palumbo A.\"\n\t\t\tdata-src=\"http:\/\/www.lagottoromagnolo.org\/wp-content\/gallery\/expo15\/bastiaRad15_16.jpg?t=1502742918\"\n\t\t\tdata-thumbnail=\"http:\/\/www.lagottoromagnolo.org\/wp-content\/gallery\/expo15\/thumbs\/thumbs_bastiaRad15_16.jpg?t=1502742918\"\n\t\t\tdata-image-id=\"1860\"\n\t\t\tdata-image-name=\"bastiaRad15_16.jpg\"\n\t\t\tdata-title=\"bastiaRad15_16\"\n\t\t\tdata-description=\"miglior femmina Il Granaio dei Malatesta FIONA all. Benelli M. prop. Palumbo A.\"\n\t\t\tdata-image-slug=\"bastiarad15_16\"\n\t\t\t\t\t\t\t\t\t\t\t\t\t\t\t\t\t\t\t\tclass=\"ngg-fancybox\" rel=\"d2bfc1ef314c0cd2afb863f59c6d907e\">\n\t\t\t\t\t\t\t\t<img\n\t\t\t\t\ttitle=\"bastiaRad15_16\"\n\t\t\t\t\talt=\"bastiaRad15_16\"\n\t\t\t\t\tsrc=\"http:\/\/www.lagottoromagnolo.org\/wp-content\/gallery\/expo15\/thumbs\/thumbs_bastiaRad15_16.jpg?t=1502742918\"\n\t\t\t\t\twidth=\"100\"\n\t\t\t\t\theight=\"75\"\n\t\t\t\t\tstyle=\"max-width:100%;\"\n\t\t\t\t\/>\n\t\t\t<\/a>\n\t\t<\/div>\n\t\t\t\t\t\t\t<\/div>\n\t\t\t\n\t\t\t\t<div id=\"ngg-image-16\" class=\"ngg-gallery-thumbnail-box\n\t\t\t\t\t\t\t\tngg-6-columns\t\t\t\"\n\t\t\t>\n\t\t\t\t\t\t<div class=\"ngg-gallery-thumbnail\">\n\t\t<a href=\"http:\/\/www.lagottoromagnolo.org\/wp-content\/gallery\/expo15\/bastiaRad15_17.jpg?t=1502742918\"\n\t\t\ttitle=\"I due migliori soggetti della mostra bob Regun MANGO all. Tanos L. prop. Killingmo K e bos Il Granaio dei Malatesta FIONA all. Benelli M. prop. Palumbo A.\"\n\t\t\tdata-src=\"http:\/\/www.lagottoromagnolo.org\/wp-content\/gallery\/expo15\/bastiaRad15_17.jpg?t=1502742918\"\n\t\t\tdata-thumbnail=\"http:\/\/www.lagottoromagnolo.org\/wp-content\/gallery\/expo15\/thumbs\/thumbs_bastiaRad15_17.jpg?t=1502742918\"\n\t\t\tdata-image-id=\"1861\"\n\t\t\tdata-image-name=\"bastiaRad15_17.jpg\"\n\t\t\tdata-title=\"bastiaRad15_17\"\n\t\t\tdata-description=\"I due migliori soggetti della mostra bob Regun MANGO all. Tanos L. prop. Killingmo K e bos Il Granaio dei Malatesta FIONA all. Benelli M. prop. Palumbo A.\"\n\t\t\tdata-image-slug=\"bastiarad15_17\"\n\t\t\t\t\t\t\t\t\t\t\t\t\t\t\t\t\t\t\t\tclass=\"ngg-fancybox\" rel=\"d2bfc1ef314c0cd2afb863f59c6d907e\">\n\t\t\t\t\t\t\t\t<img\n\t\t\t\t\ttitle=\"bastiaRad15_17\"\n\t\t\t\t\talt=\"bastiaRad15_17\"\n\t\t\t\t\tsrc=\"http:\/\/www.lagottoromagnolo.org\/wp-content\/gallery\/expo15\/thumbs\/thumbs_bastiaRad15_17.jpg?t=1502742918\"\n\t\t\t\t\twidth=\"100\"\n\t\t\t\t\theight=\"75\"\n\t\t\t\t\tstyle=\"max-width:100%;\"\n\t\t\t\t\/>\n\t\t\t<\/a>\n\t\t<\/div>\n\t\t\t\t\t\t\t<\/div>\n\t\t\t\n\t\t\t\t<div id=\"ngg-image-17\" class=\"ngg-gallery-thumbnail-box\n\t\t\t\t\t\t\t\tngg-6-columns\t\t\t\"\n\t\t\t>\n\t\t\t\t\t\t<div class=\"ngg-gallery-thumbnail\">\n\t\t<a href=\"http:\/\/www.lagottoromagnolo.org\/wp-content\/gallery\/expo15\/bastiaRad15_18.jpg?t=1553022521\"\n\t\t\ttitle=\"I due migliori soggetti della mostra bob Regun MANGO all. Tanos L. prop. Killingmo K e bos Il Granaio dei Malatesta FIONA all. Benelli M. prop. Palumbo A.\"\n\t\t\tdata-src=\"http:\/\/www.lagottoromagnolo.org\/wp-content\/gallery\/expo15\/bastiaRad15_18.jpg?t=1553022521\"\n\t\t\tdata-thumbnail=\"http:\/\/www.lagottoromagnolo.org\/wp-content\/gallery\/expo15\/thumbs\/thumbs_bastiaRad15_18.jpg?t=1553022521\"\n\t\t\tdata-image-id=\"1862\"\n\t\t\tdata-image-name=\"bastiaRad15_18.jpg\"\n\t\t\tdata-title=\"bastiaRad15_18\"\n\t\t\tdata-description=\"I due migliori soggetti della mostra bob Regun MANGO all. Tanos L. prop. Killingmo K e bos Il Granaio dei Malatesta FIONA all. Benelli M. prop. Palumbo A.\"\n\t\t\tdata-image-slug=\"bastiarad15_18\"\n\t\t\t\t\t\t\t\t\t\t\t\t\t\t\t\t\t\t\t\tclass=\"ngg-fancybox\" rel=\"d2bfc1ef314c0cd2afb863f59c6d907e\">\n\t\t\t\t\t\t\t\t<img\n\t\t\t\t\ttitle=\"bastiaRad15_18\"\n\t\t\t\t\talt=\"bastiaRad15_18\"\n\t\t\t\t\tsrc=\"http:\/\/www.lagottoromagnolo.org\/wp-content\/gallery\/expo15\/thumbs\/thumbs_bastiaRad15_18.jpg?t=1553022521\"\n\t\t\t\t\twidth=\"100\"\n\t\t\t\t\theight=\"75\"\n\t\t\t\t\tstyle=\"max-width:100%;\"\n\t\t\t\t\/>\n\t\t\t<\/a>\n\t\t<\/div>\n\t\t\t\t\t\t\t<\/div>\n\t\t\t\n\t\n\t<br style=\"clear: both\" \/>\n\n\t\n\t\t<div class=\"ngg-clear\"><\/div>\n\t<\/div>\n<\/p>\n<hr \/>\n<p style=\"text-align: left;\"><a id=\"bastiams\"><\/a><span style=\"font-size: 6pt;\">.<\/span><\/p>\n<p style=\"text-align: center;\"><strong>ESPOSIZIONE INTERNAZIONALE \u2013 MOSTRA SPECIALE<\/strong><\/p>\n<p style=\"text-align: center;\"><strong>BASTIA UMBRA<\/strong><br \/>\n11 ottobre 2015<\/p>\n<p style=\"text-align: center;\">Giudice <strong>Serena Bernardi<\/strong>, 32 partecipanti<\/p>\n<p style=\"text-align: center;\">ngg_shortcode_15_placeholder<\/p>\n<p style=\"text-align: center;\"><strong>bob Regun MANGO<\/strong> all. Tanos L. prop. Killingmo K.<br \/>\n<strong>bos<\/strong> <strong>WHOOPI Amici per Sempre<\/strong> all. Frei C. prop. Lachmann S.<\/p>\n<p><strong>Libera maschi<\/strong>:\u00a01\u00b0 ecc cac cacib miglior maschio bob Regun MANGO all. Tanos L. prop. Killingmo K.,\u00a02\u00b0 ecc ARGO all. Martelli M. prop. Terra Incognita Kennel,\u00a03\u00b0 ecc HERMANO LOCO del Fatalbecco all. e prop. Poggini A.,\u00a04\u00b0 ecc ROY dei Re D\u2019Abruzzo all. Milillo D. prop. Langianni A.<br \/>\n<strong>Intermedia maschi:\u00a0<\/strong>1\u00b0 ecc ris.cac ris.cacib Il Granaio dei Malatesta GIULIANO PALMA all. e prop. Benelli M.,\u00a02\u00b0 ecc TOM all. e prop. Febbi S.,\u00a03\u00b0 mb FELIX all. Prizio V. prop. Roca M.<br \/>\n<strong>Giovani maschi:\u00a0<\/strong>1\u00b0 ecc miglior giovane Il Granaio dei Malatesta REMO all. Benelli M. prop. Gamberini G.,\u00a02\u00b0 ecc BART all. Colangelo G. prop. Caira F.,\u00a03\u00b0 ecc Il Granaio dei Malatesta MAURO all. Benelli M. prop. Zannoni M.<br \/>\n<strong>Juniores maschi:\u00a0<\/strong>1\u00b0 mp miglior juniores TERMINANDO del Fatalbecco all. e prop. Poggini A.,\u00a02\u00b0 mp Il Granaio dei Malatesta TIRAMISU all. e prop. Benelli M.,\u00a03\u00b0 mp PICO all. Colotti A. prop. Mencarelli M.<\/p>\n<p><strong>Libera femmine:\u00a0<\/strong>1\u00b0 ecc cac cacib miglior femmina bos WHOOPI Amici per Sempre all. Frei C. prop. Lachmann S.,\u00a02\u00b0 ecc ris.cac ris.cacib MANJLA SESSIONE CUBANA di Fatalbecco all. e prop. Poggini A.,\u00a03\u00b0 ecc BAMBOLA di Terra Incognita all. Schmidt\/Barbieri prop. Preisig H.,\u00a04\u00b0 ecc Il Granaio dei Malatesta FIONA all. Benelli M. prop. Palumbo A.<br \/>\n<strong>Intermedia femmine:\u00a0<\/strong>1\u00b0 ecc Il Granaio dei Malatesta ILENIA all. e prop. Benelli M.,\u00a02\u00b0 ecc Accompagnatore RAGAZZINA all. e prop. Preisig H.,\u00a03\u00b0 ecc VICTORIA del Monte della Dea all. Caira F. prop. Poggini A.<br \/>\n<strong>Giovani femmine:\u00a0<\/strong>1\u00b0 ecc Il Granaio dei Malatesta QUINTINA all. e prop. Benelli M.,\u00a02\u00b0 ecc MARSALA all. e prop. Bizzari M.,\u00a03\u00b0 ecc ZETA del Monte della Dea all. Caira F. prop. Ragni M.,\u00a04\u00b0 mb SALLY delle Terre di Gua\u2019 all. Mattiello M. prop. Imparato R.<br \/>\n<strong>Juniores femmine:\u00a0<\/strong>1\u00b0 Accompagnatore TOFFE all. e prop. Preisig H.,\u00a02\u00b0 mp Il Granaio dei Malatesta TAGLIATA all. e prop. Benelli M.<\/p>\n<p><!-- default-view.php -->\n<div\n\tclass=\"ngg-galleryoverview default-view\n\t\t\"\n\tid=\"ngg-gallery-5a7bd33488d3bddcd9f3b49773f69fe7-1\"\n\tdata-nextgen-gallery-id=\"150\"\n\tdata-gallery-id=\"150\"\n\t\tdata-gallery-name=\"expo15\"\n\t>\n\n\t\t<!-- Thumbnails -->\n\t\t\t\t<div id=\"ngg-image-0\" class=\"ngg-gallery-thumbnail-box\n\t\t\t\t\t\t\t\tngg-6-columns\t\t\t\"\n\t\t\t>\n\t\t\t\t\t\t<div class=\"ngg-gallery-thumbnail\">\n\t\t<a href=\"http:\/\/www.lagottoromagnolo.org\/wp-content\/gallery\/expo15\/bastiaMS15_01.jpg?t=1502744912\"\n\t\t\ttitle=\"Libera maschi: 1\u00b0 ecc cac cacib miglior maschio bob Regun MANGO all. Tanos L. prop. Killingmo K., 2\u00b0 ecc ARGO all. Martelli M. prop. Terra Incognita Kennel, 3\u00b0 ecc HERMANO LOCO del Fatalbecco all. e prop. Poggini A., 4\u00b0 ecc ROY dei Re D\u2019Abruzzo all. Milillo D. prop. Langianni A.\"\n\t\t\tdata-src=\"http:\/\/www.lagottoromagnolo.org\/wp-content\/gallery\/expo15\/bastiaMS15_01.jpg?t=1502744912\"\n\t\t\tdata-thumbnail=\"http:\/\/www.lagottoromagnolo.org\/wp-content\/gallery\/expo15\/thumbs\/thumbs_bastiaMS15_01.jpg?t=1502744912\"\n\t\t\tdata-image-id=\"1751\"\n\t\t\tdata-image-name=\"bastiaMS15_01.jpg\"\n\t\t\tdata-title=\"bastiaMS15_01\"\n\t\t\tdata-description=\"Libera maschi: 1\u00b0 ecc cac cacib miglior maschio bob Regun MANGO all. Tanos L. prop. Killingmo K., 2\u00b0 ecc ARGO all. Martelli M. prop. Terra Incognita Kennel, 3\u00b0 ecc HERMANO LOCO del Fatalbecco all. e prop. Poggini A., 4\u00b0 ecc ROY dei Re D\u2019Abruzzo all. Milillo D. prop. Langianni A.\"\n\t\t\tdata-image-slug=\"bastiams15_01\"\n\t\t\t\t\t\t\t\t\t\t\t\t\t\t\t\t\t\t\t\tclass=\"ngg-fancybox\" rel=\"5a7bd33488d3bddcd9f3b49773f69fe7\">\n\t\t\t\t\t\t\t\t<img\n\t\t\t\t\ttitle=\"bastiaMS15_01\"\n\t\t\t\t\talt=\"bastiaMS15_01\"\n\t\t\t\t\tsrc=\"http:\/\/www.lagottoromagnolo.org\/wp-content\/gallery\/expo15\/thumbs\/thumbs_bastiaMS15_01.jpg?t=1502744912\"\n\t\t\t\t\twidth=\"100\"\n\t\t\t\t\theight=\"75\"\n\t\t\t\t\tstyle=\"max-width:100%;\"\n\t\t\t\t\/>\n\t\t\t<\/a>\n\t\t<\/div>\n\t\t\t\t\t\t\t<\/div>\n\t\t\t\n\t\t\t\t<div id=\"ngg-image-1\" class=\"ngg-gallery-thumbnail-box\n\t\t\t\t\t\t\t\tngg-6-columns\t\t\t\"\n\t\t\t>\n\t\t\t\t\t\t<div class=\"ngg-gallery-thumbnail\">\n\t\t<a href=\"http:\/\/www.lagottoromagnolo.org\/wp-content\/gallery\/expo15\/bastiaMS15_02.jpg?t=1502737998\"\n\t\t\ttitle=\"Libera maschi: 1\u00b0 ecc cac cacib miglior maschio bob Regun MANGO all. Tanos L. prop. Killingmo K., 2\u00b0 ecc ARGO all. Martelli M. prop. Terra Incognita Kennel, 3\u00b0 ecc HERMANO LOCO del Fatalbecco all. e prop. Poggini A., 4\u00b0 ecc ROY dei Re D\u2019Abruzzo all. Milillo D. prop. Langianni A.\"\n\t\t\tdata-src=\"http:\/\/www.lagottoromagnolo.org\/wp-content\/gallery\/expo15\/bastiaMS15_02.jpg?t=1502737998\"\n\t\t\tdata-thumbnail=\"http:\/\/www.lagottoromagnolo.org\/wp-content\/gallery\/expo15\/thumbs\/thumbs_bastiaMS15_02.jpg?t=1502737998\"\n\t\t\tdata-image-id=\"1752\"\n\t\t\tdata-image-name=\"bastiaMS15_02.jpg\"\n\t\t\tdata-title=\"bastiaMS15_02\"\n\t\t\tdata-description=\"Libera maschi: 1\u00b0 ecc cac cacib miglior maschio bob Regun MANGO all. Tanos L. prop. Killingmo K., 2\u00b0 ecc ARGO all. Martelli M. prop. Terra Incognita Kennel, 3\u00b0 ecc HERMANO LOCO del Fatalbecco all. e prop. Poggini A., 4\u00b0 ecc ROY dei Re D\u2019Abruzzo all. Milillo D. prop. Langianni A.\"\n\t\t\tdata-image-slug=\"bastiams15_02\"\n\t\t\t\t\t\t\t\t\t\t\t\t\t\t\t\t\t\t\t\tclass=\"ngg-fancybox\" rel=\"5a7bd33488d3bddcd9f3b49773f69fe7\">\n\t\t\t\t\t\t\t\t<img\n\t\t\t\t\ttitle=\"bastiaMS15_02\"\n\t\t\t\t\talt=\"bastiaMS15_02\"\n\t\t\t\t\tsrc=\"http:\/\/www.lagottoromagnolo.org\/wp-content\/gallery\/expo15\/thumbs\/thumbs_bastiaMS15_02.jpg?t=1502737998\"\n\t\t\t\t\twidth=\"100\"\n\t\t\t\t\theight=\"75\"\n\t\t\t\t\tstyle=\"max-width:100%;\"\n\t\t\t\t\/>\n\t\t\t<\/a>\n\t\t<\/div>\n\t\t\t\t\t\t\t<\/div>\n\t\t\t\n\t\t\t\t<div id=\"ngg-image-2\" class=\"ngg-gallery-thumbnail-box\n\t\t\t\t\t\t\t\tngg-6-columns\t\t\t\"\n\t\t\t>\n\t\t\t\t\t\t<div class=\"ngg-gallery-thumbnail\">\n\t\t<a href=\"http:\/\/www.lagottoromagnolo.org\/wp-content\/gallery\/expo15\/bastiaMS15_03.jpg?t=1502737998\"\n\t\t\ttitle=\"Intermedia maschi: 1\u00b0 ecc ris.cac ris.cacib Il Granaio dei Malatesta GIULIANO PALMA all. e prop. Benelli M., 2\u00b0 ecc TOM all. e prop. Febbi S., 3\u00b0 mb FELIX all. Prizio V. prop. Roca M.\"\n\t\t\tdata-src=\"http:\/\/www.lagottoromagnolo.org\/wp-content\/gallery\/expo15\/bastiaMS15_03.jpg?t=1502737998\"\n\t\t\tdata-thumbnail=\"http:\/\/www.lagottoromagnolo.org\/wp-content\/gallery\/expo15\/thumbs\/thumbs_bastiaMS15_03.jpg?t=1502737998\"\n\t\t\tdata-image-id=\"1753\"\n\t\t\tdata-image-name=\"bastiaMS15_03.jpg\"\n\t\t\tdata-title=\"bastiaMS15_03\"\n\t\t\tdata-description=\"Intermedia maschi: 1\u00b0 ecc ris.cac ris.cacib Il Granaio dei Malatesta GIULIANO PALMA all. e prop. Benelli M., 2\u00b0 ecc TOM all. e prop. Febbi S., 3\u00b0 mb FELIX all. Prizio V. prop. Roca M.\"\n\t\t\tdata-image-slug=\"bastiams15_03\"\n\t\t\t\t\t\t\t\t\t\t\t\t\t\t\t\t\t\t\t\tclass=\"ngg-fancybox\" rel=\"5a7bd33488d3bddcd9f3b49773f69fe7\">\n\t\t\t\t\t\t\t\t<img\n\t\t\t\t\ttitle=\"bastiaMS15_03\"\n\t\t\t\t\talt=\"bastiaMS15_03\"\n\t\t\t\t\tsrc=\"http:\/\/www.lagottoromagnolo.org\/wp-content\/gallery\/expo15\/thumbs\/thumbs_bastiaMS15_03.jpg?t=1502737998\"\n\t\t\t\t\twidth=\"100\"\n\t\t\t\t\theight=\"75\"\n\t\t\t\t\tstyle=\"max-width:100%;\"\n\t\t\t\t\/>\n\t\t\t<\/a>\n\t\t<\/div>\n\t\t\t\t\t\t\t<\/div>\n\t\t\t\n\t\t\t\t<div id=\"ngg-image-3\" class=\"ngg-gallery-thumbnail-box\n\t\t\t\t\t\t\t\tngg-6-columns\t\t\t\"\n\t\t\t>\n\t\t\t\t\t\t<div class=\"ngg-gallery-thumbnail\">\n\t\t<a href=\"http:\/\/www.lagottoromagnolo.org\/wp-content\/gallery\/expo15\/bastiaMS15_04.jpg?t=1502737998\"\n\t\t\ttitle=\"cac Regun MANGO all. Tanos L. prop. Killingmo K., ris.cac Il Granaio dei Malatesta GIULIANO PALMA all. e prop. Benelli M.\"\n\t\t\tdata-src=\"http:\/\/www.lagottoromagnolo.org\/wp-content\/gallery\/expo15\/bastiaMS15_04.jpg?t=1502737998\"\n\t\t\tdata-thumbnail=\"http:\/\/www.lagottoromagnolo.org\/wp-content\/gallery\/expo15\/thumbs\/thumbs_bastiaMS15_04.jpg?t=1502737998\"\n\t\t\tdata-image-id=\"1754\"\n\t\t\tdata-image-name=\"bastiaMS15_04.jpg\"\n\t\t\tdata-title=\"bastiaMS15_04\"\n\t\t\tdata-description=\"cac Regun MANGO all. Tanos L. prop. Killingmo K., ris.cac Il Granaio dei Malatesta GIULIANO PALMA all. e prop. Benelli M.\"\n\t\t\tdata-image-slug=\"bastiams15_04\"\n\t\t\t\t\t\t\t\t\t\t\t\t\t\t\t\t\t\t\t\tclass=\"ngg-fancybox\" rel=\"5a7bd33488d3bddcd9f3b49773f69fe7\">\n\t\t\t\t\t\t\t\t<img\n\t\t\t\t\ttitle=\"bastiaMS15_04\"\n\t\t\t\t\talt=\"bastiaMS15_04\"\n\t\t\t\t\tsrc=\"http:\/\/www.lagottoromagnolo.org\/wp-content\/gallery\/expo15\/thumbs\/thumbs_bastiaMS15_04.jpg?t=1502737998\"\n\t\t\t\t\twidth=\"100\"\n\t\t\t\t\theight=\"75\"\n\t\t\t\t\tstyle=\"max-width:100%;\"\n\t\t\t\t\/>\n\t\t\t<\/a>\n\t\t<\/div>\n\t\t\t\t\t\t\t<\/div>\n\t\t\t\n\t\t\t\t<div id=\"ngg-image-4\" class=\"ngg-gallery-thumbnail-box\n\t\t\t\t\t\t\t\tngg-6-columns\t\t\t\"\n\t\t\t>\n\t\t\t\t\t\t<div class=\"ngg-gallery-thumbnail\">\n\t\t<a href=\"http:\/\/www.lagottoromagnolo.org\/wp-content\/gallery\/expo15\/bastiaMS15_05.jpg?t=1502737998\"\n\t\t\ttitle=\"Giovani maschi: 1\u00b0 ecc miglior giovane Il Granaio dei Malatesta REMO all. Benelli M. prop. Gamberini G., 2\u00b0 ecc BART all. Colangelo G. prop. Caira F., 3\u00b0 ecc Il Granaio dei Malatesta MAURO all. Benelli M. prop. Zannoni M.\"\n\t\t\tdata-src=\"http:\/\/www.lagottoromagnolo.org\/wp-content\/gallery\/expo15\/bastiaMS15_05.jpg?t=1502737998\"\n\t\t\tdata-thumbnail=\"http:\/\/www.lagottoromagnolo.org\/wp-content\/gallery\/expo15\/thumbs\/thumbs_bastiaMS15_05.jpg?t=1502737998\"\n\t\t\tdata-image-id=\"1755\"\n\t\t\tdata-image-name=\"bastiaMS15_05.jpg\"\n\t\t\tdata-title=\"bastiaMS15_05\"\n\t\t\tdata-description=\"Giovani maschi: 1\u00b0 ecc miglior giovane Il Granaio dei Malatesta REMO all. Benelli M. prop. Gamberini G., 2\u00b0 ecc BART all. Colangelo G. prop. Caira F., 3\u00b0 ecc Il Granaio dei Malatesta MAURO all. Benelli M. prop. Zannoni M.\"\n\t\t\tdata-image-slug=\"bastiams15_05\"\n\t\t\t\t\t\t\t\t\t\t\t\t\t\t\t\t\t\t\t\tclass=\"ngg-fancybox\" rel=\"5a7bd33488d3bddcd9f3b49773f69fe7\">\n\t\t\t\t\t\t\t\t<img\n\t\t\t\t\ttitle=\"bastiaMS15_05\"\n\t\t\t\t\talt=\"bastiaMS15_05\"\n\t\t\t\t\tsrc=\"http:\/\/www.lagottoromagnolo.org\/wp-content\/gallery\/expo15\/thumbs\/thumbs_bastiaMS15_05.jpg?t=1502737998\"\n\t\t\t\t\twidth=\"100\"\n\t\t\t\t\theight=\"75\"\n\t\t\t\t\tstyle=\"max-width:100%;\"\n\t\t\t\t\/>\n\t\t\t<\/a>\n\t\t<\/div>\n\t\t\t\t\t\t\t<\/div>\n\t\t\t\n\t\t\t\t<div id=\"ngg-image-5\" class=\"ngg-gallery-thumbnail-box\n\t\t\t\t\t\t\t\tngg-6-columns\t\t\t\"\n\t\t\t>\n\t\t\t\t\t\t<div class=\"ngg-gallery-thumbnail\">\n\t\t<a href=\"http:\/\/www.lagottoromagnolo.org\/wp-content\/gallery\/expo15\/bastiaMS15_06.jpg?t=1502737998\"\n\t\t\ttitle=\"Giovani maschi: 1\u00b0 ecc miglior giovane Il Granaio dei Malatesta REMO all. Benelli M. prop. Gamberini G., 2\u00b0 ecc BART all. Colangelo G. prop. Caira F., 3\u00b0 ecc Il Granaio dei Malatesta MAURO all. Benelli M. prop. Zannoni M.\"\n\t\t\tdata-src=\"http:\/\/www.lagottoromagnolo.org\/wp-content\/gallery\/expo15\/bastiaMS15_06.jpg?t=1502737998\"\n\t\t\tdata-thumbnail=\"http:\/\/www.lagottoromagnolo.org\/wp-content\/gallery\/expo15\/thumbs\/thumbs_bastiaMS15_06.jpg?t=1502737998\"\n\t\t\tdata-image-id=\"1756\"\n\t\t\tdata-image-name=\"bastiaMS15_06.jpg\"\n\t\t\tdata-title=\"bastiaMS15_06\"\n\t\t\tdata-description=\"Giovani maschi: 1\u00b0 ecc miglior giovane Il Granaio dei Malatesta REMO all. Benelli M. prop. Gamberini G., 2\u00b0 ecc BART all. Colangelo G. prop. Caira F., 3\u00b0 ecc Il Granaio dei Malatesta MAURO all. Benelli M. prop. Zannoni M.\"\n\t\t\tdata-image-slug=\"bastiams15_06\"\n\t\t\t\t\t\t\t\t\t\t\t\t\t\t\t\t\t\t\t\tclass=\"ngg-fancybox\" rel=\"5a7bd33488d3bddcd9f3b49773f69fe7\">\n\t\t\t\t\t\t\t\t<img\n\t\t\t\t\ttitle=\"bastiaMS15_06\"\n\t\t\t\t\talt=\"bastiaMS15_06\"\n\t\t\t\t\tsrc=\"http:\/\/www.lagottoromagnolo.org\/wp-content\/gallery\/expo15\/thumbs\/thumbs_bastiaMS15_06.jpg?t=1502737998\"\n\t\t\t\t\twidth=\"100\"\n\t\t\t\t\theight=\"75\"\n\t\t\t\t\tstyle=\"max-width:100%;\"\n\t\t\t\t\/>\n\t\t\t<\/a>\n\t\t<\/div>\n\t\t\t\t\t\t\t<\/div>\n\t\t\t\n\t\t\t\t<div id=\"ngg-image-6\" class=\"ngg-gallery-thumbnail-box\n\t\t\t\t\t\t\t\tngg-6-columns\t\t\t\"\n\t\t\t>\n\t\t\t\t\t\t<div class=\"ngg-gallery-thumbnail\">\n\t\t<a href=\"http:\/\/www.lagottoromagnolo.org\/wp-content\/gallery\/expo15\/bastiaMS15_07.jpg?t=1502737998\"\n\t\t\ttitle=\"Juniores maschi: 1\u00b0 mp miglior juniores TERMINANDO del Fatalbecco all. e prop. Poggini A., 2\u00b0 mp Il Granaio dei Malatesta TIRAMISU all. e prop. Benelli M., 3\u00b0 mp PICO all. Colotti A. prop. Mencarelli M.\"\n\t\t\tdata-src=\"http:\/\/www.lagottoromagnolo.org\/wp-content\/gallery\/expo15\/bastiaMS15_07.jpg?t=1502737998\"\n\t\t\tdata-thumbnail=\"http:\/\/www.lagottoromagnolo.org\/wp-content\/gallery\/expo15\/thumbs\/thumbs_bastiaMS15_07.jpg?t=1502737998\"\n\t\t\tdata-image-id=\"1757\"\n\t\t\tdata-image-name=\"bastiaMS15_07.jpg\"\n\t\t\tdata-title=\"bastiaMS15_07\"\n\t\t\tdata-description=\"Juniores maschi: 1\u00b0 mp miglior juniores TERMINANDO del Fatalbecco all. e prop. Poggini A., 2\u00b0 mp Il Granaio dei Malatesta TIRAMISU all. e prop. Benelli M., 3\u00b0 mp PICO all. Colotti A. prop. Mencarelli M.\"\n\t\t\tdata-image-slug=\"bastiams15_07\"\n\t\t\t\t\t\t\t\t\t\t\t\t\t\t\t\t\t\t\t\tclass=\"ngg-fancybox\" rel=\"5a7bd33488d3bddcd9f3b49773f69fe7\">\n\t\t\t\t\t\t\t\t<img\n\t\t\t\t\ttitle=\"bastiaMS15_07\"\n\t\t\t\t\talt=\"bastiaMS15_07\"\n\t\t\t\t\tsrc=\"http:\/\/www.lagottoromagnolo.org\/wp-content\/gallery\/expo15\/thumbs\/thumbs_bastiaMS15_07.jpg?t=1502737998\"\n\t\t\t\t\twidth=\"100\"\n\t\t\t\t\theight=\"75\"\n\t\t\t\t\tstyle=\"max-width:100%;\"\n\t\t\t\t\/>\n\t\t\t<\/a>\n\t\t<\/div>\n\t\t\t\t\t\t\t<\/div>\n\t\t\t\n\t\t\t\t<div id=\"ngg-image-7\" class=\"ngg-gallery-thumbnail-box\n\t\t\t\t\t\t\t\tngg-6-columns\t\t\t\"\n\t\t\t>\n\t\t\t\t\t\t<div class=\"ngg-gallery-thumbnail\">\n\t\t<a href=\"http:\/\/www.lagottoromagnolo.org\/wp-content\/gallery\/expo15\/bastiaMS15_08.jpg?t=1502737998\"\n\t\t\ttitle=\"Juniores maschi: 1\u00b0 mp miglior juniores TERMINANDO del Fatalbecco all. e prop. Poggini A., 2\u00b0 mp Il Granaio dei Malatesta TIRAMISU all. e prop. Benelli M., 3\u00b0 mp PICO all. Colotti A. prop. Mencarelli M.\"\n\t\t\tdata-src=\"http:\/\/www.lagottoromagnolo.org\/wp-content\/gallery\/expo15\/bastiaMS15_08.jpg?t=1502737998\"\n\t\t\tdata-thumbnail=\"http:\/\/www.lagottoromagnolo.org\/wp-content\/gallery\/expo15\/thumbs\/thumbs_bastiaMS15_08.jpg?t=1502737998\"\n\t\t\tdata-image-id=\"1758\"\n\t\t\tdata-image-name=\"bastiaMS15_08.jpg\"\n\t\t\tdata-title=\"bastiaMS15_08\"\n\t\t\tdata-description=\"Juniores maschi: 1\u00b0 mp miglior juniores TERMINANDO del Fatalbecco all. e prop. Poggini A., 2\u00b0 mp Il Granaio dei Malatesta TIRAMISU all. e prop. Benelli M., 3\u00b0 mp PICO all. Colotti A. prop. Mencarelli M.\"\n\t\t\tdata-image-slug=\"bastiams15_08\"\n\t\t\t\t\t\t\t\t\t\t\t\t\t\t\t\t\t\t\t\tclass=\"ngg-fancybox\" rel=\"5a7bd33488d3bddcd9f3b49773f69fe7\">\n\t\t\t\t\t\t\t\t<img\n\t\t\t\t\ttitle=\"bastiaMS15_08\"\n\t\t\t\t\talt=\"bastiaMS15_08\"\n\t\t\t\t\tsrc=\"http:\/\/www.lagottoromagnolo.org\/wp-content\/gallery\/expo15\/thumbs\/thumbs_bastiaMS15_08.jpg?t=1502737998\"\n\t\t\t\t\twidth=\"100\"\n\t\t\t\t\theight=\"75\"\n\t\t\t\t\tstyle=\"max-width:100%;\"\n\t\t\t\t\/>\n\t\t\t<\/a>\n\t\t<\/div>\n\t\t\t\t\t\t\t<\/div>\n\t\t\t\n\t\t\t\t<div id=\"ngg-image-8\" class=\"ngg-gallery-thumbnail-box\n\t\t\t\t\t\t\t\tngg-6-columns\t\t\t\"\n\t\t\t>\n\t\t\t\t\t\t<div class=\"ngg-gallery-thumbnail\">\n\t\t<a href=\"http:\/\/www.lagottoromagnolo.org\/wp-content\/gallery\/expo15\/bastiaMS15_09.jpg?t=1502737998\"\n\t\t\ttitle=\"Libera femmine: 1\u00b0 ecc cac cacib miglior femmina bos WHOOPI Amici per Sempre all. Frei C. prop. Lachmann S., 2\u00b0 ecc ris.cac ris.cacib MANJLA SESSIONE CUBANA di Fatalbecco all. e prop. Poggini A., 3\u00b0 ecc BAMBOLA di Terra Incognita all. Schmidt\/Barbieri prop. Preisig H., 4\u00b0 ecc Il Granaio dei Malatesta FIONA all. Benelli M. prop. Palumbo A.\"\n\t\t\tdata-src=\"http:\/\/www.lagottoromagnolo.org\/wp-content\/gallery\/expo15\/bastiaMS15_09.jpg?t=1502737998\"\n\t\t\tdata-thumbnail=\"http:\/\/www.lagottoromagnolo.org\/wp-content\/gallery\/expo15\/thumbs\/thumbs_bastiaMS15_09.jpg?t=1502737998\"\n\t\t\tdata-image-id=\"1759\"\n\t\t\tdata-image-name=\"bastiaMS15_09.jpg\"\n\t\t\tdata-title=\"bastiaMS15_09\"\n\t\t\tdata-description=\"Libera femmine: 1\u00b0 ecc cac cacib miglior femmina bos WHOOPI Amici per Sempre all. Frei C. prop. Lachmann S., 2\u00b0 ecc ris.cac ris.cacib MANJLA SESSIONE CUBANA di Fatalbecco all. e prop. Poggini A., 3\u00b0 ecc BAMBOLA di Terra Incognita all. Schmidt\/Barbieri prop. Preisig H., 4\u00b0 ecc Il Granaio dei Malatesta FIONA all. Benelli M. prop. Palumbo A.\"\n\t\t\tdata-image-slug=\"bastiams15_09\"\n\t\t\t\t\t\t\t\t\t\t\t\t\t\t\t\t\t\t\t\tclass=\"ngg-fancybox\" rel=\"5a7bd33488d3bddcd9f3b49773f69fe7\">\n\t\t\t\t\t\t\t\t<img\n\t\t\t\t\ttitle=\"bastiaMS15_09\"\n\t\t\t\t\talt=\"bastiaMS15_09\"\n\t\t\t\t\tsrc=\"http:\/\/www.lagottoromagnolo.org\/wp-content\/gallery\/expo15\/thumbs\/thumbs_bastiaMS15_09.jpg?t=1502737998\"\n\t\t\t\t\twidth=\"100\"\n\t\t\t\t\theight=\"75\"\n\t\t\t\t\tstyle=\"max-width:100%;\"\n\t\t\t\t\/>\n\t\t\t<\/a>\n\t\t<\/div>\n\t\t\t\t\t\t\t<\/div>\n\t\t\t\n\t\t\t\t<div id=\"ngg-image-9\" class=\"ngg-gallery-thumbnail-box\n\t\t\t\t\t\t\t\tngg-6-columns\t\t\t\"\n\t\t\t>\n\t\t\t\t\t\t<div class=\"ngg-gallery-thumbnail\">\n\t\t<a href=\"http:\/\/www.lagottoromagnolo.org\/wp-content\/gallery\/expo15\/bastiaMS15_10.jpg?t=1502737998\"\n\t\t\ttitle=\"Intermedia femmine: 1\u00b0 ecc Il Granaio dei Malatesta ILENIA all. e prop. Benelli M., 2\u00b0 ecc Accompagnatore RAGAZZINA all. e prop. Preisig H., 3\u00b0 ecc VICTORIA del Monte della Dea all. Caira F. prop. Poggini A.\"\n\t\t\tdata-src=\"http:\/\/www.lagottoromagnolo.org\/wp-content\/gallery\/expo15\/bastiaMS15_10.jpg?t=1502737998\"\n\t\t\tdata-thumbnail=\"http:\/\/www.lagottoromagnolo.org\/wp-content\/gallery\/expo15\/thumbs\/thumbs_bastiaMS15_10.jpg?t=1502737998\"\n\t\t\tdata-image-id=\"1760\"\n\t\t\tdata-image-name=\"bastiaMS15_10.jpg\"\n\t\t\tdata-title=\"bastiaMS15_10\"\n\t\t\tdata-description=\"Intermedia femmine: 1\u00b0 ecc Il Granaio dei Malatesta ILENIA all. e prop. Benelli M., 2\u00b0 ecc Accompagnatore RAGAZZINA all. e prop. Preisig H., 3\u00b0 ecc VICTORIA del Monte della Dea all. Caira F. prop. Poggini A.\"\n\t\t\tdata-image-slug=\"bastiams15_10\"\n\t\t\t\t\t\t\t\t\t\t\t\t\t\t\t\t\t\t\t\tclass=\"ngg-fancybox\" rel=\"5a7bd33488d3bddcd9f3b49773f69fe7\">\n\t\t\t\t\t\t\t\t<img\n\t\t\t\t\ttitle=\"bastiaMS15_10\"\n\t\t\t\t\talt=\"bastiaMS15_10\"\n\t\t\t\t\tsrc=\"http:\/\/www.lagottoromagnolo.org\/wp-content\/gallery\/expo15\/thumbs\/thumbs_bastiaMS15_10.jpg?t=1502737998\"\n\t\t\t\t\twidth=\"100\"\n\t\t\t\t\theight=\"75\"\n\t\t\t\t\tstyle=\"max-width:100%;\"\n\t\t\t\t\/>\n\t\t\t<\/a>\n\t\t<\/div>\n\t\t\t\t\t\t\t<\/div>\n\t\t\t\n\t\t\t\t<div id=\"ngg-image-10\" class=\"ngg-gallery-thumbnail-box\n\t\t\t\t\t\t\t\tngg-6-columns\t\t\t\"\n\t\t\t>\n\t\t\t\t\t\t<div class=\"ngg-gallery-thumbnail\">\n\t\t<a href=\"http:\/\/www.lagottoromagnolo.org\/wp-content\/gallery\/expo15\/bastiaMS15_11.jpg?t=1502737998\"\n\t\t\ttitle=\"cac WHOOPI Amici per Sempre all. Frei C. prop. Lachmann S.\"\n\t\t\tdata-src=\"http:\/\/www.lagottoromagnolo.org\/wp-content\/gallery\/expo15\/bastiaMS15_11.jpg?t=1502737998\"\n\t\t\tdata-thumbnail=\"http:\/\/www.lagottoromagnolo.org\/wp-content\/gallery\/expo15\/thumbs\/thumbs_bastiaMS15_11.jpg?t=1502737998\"\n\t\t\tdata-image-id=\"1761\"\n\t\t\tdata-image-name=\"bastiaMS15_11.jpg\"\n\t\t\tdata-title=\"bastiaMS15_11\"\n\t\t\tdata-description=\"cac WHOOPI Amici per Sempre all. Frei C. prop. Lachmann S.\"\n\t\t\tdata-image-slug=\"bastiams15_11\"\n\t\t\t\t\t\t\t\t\t\t\t\t\t\t\t\t\t\t\t\tclass=\"ngg-fancybox\" rel=\"5a7bd33488d3bddcd9f3b49773f69fe7\">\n\t\t\t\t\t\t\t\t<img\n\t\t\t\t\ttitle=\"bastiaMS15_11\"\n\t\t\t\t\talt=\"bastiaMS15_11\"\n\t\t\t\t\tsrc=\"http:\/\/www.lagottoromagnolo.org\/wp-content\/gallery\/expo15\/thumbs\/thumbs_bastiaMS15_11.jpg?t=1502737998\"\n\t\t\t\t\twidth=\"100\"\n\t\t\t\t\theight=\"75\"\n\t\t\t\t\tstyle=\"max-width:100%;\"\n\t\t\t\t\/>\n\t\t\t<\/a>\n\t\t<\/div>\n\t\t\t\t\t\t\t<\/div>\n\t\t\t\n\t\t\t\t<div id=\"ngg-image-11\" class=\"ngg-gallery-thumbnail-box\n\t\t\t\t\t\t\t\tngg-6-columns\t\t\t\"\n\t\t\t>\n\t\t\t\t\t\t<div class=\"ngg-gallery-thumbnail\">\n\t\t<a href=\"http:\/\/www.lagottoromagnolo.org\/wp-content\/gallery\/expo15\/bastiaMS15_12.jpg?t=1502737998\"\n\t\t\ttitle=\"ris.cac MANJLA SESSIONE CUBANA di Fatalbecco all. e prop. Poggini A.\"\n\t\t\tdata-src=\"http:\/\/www.lagottoromagnolo.org\/wp-content\/gallery\/expo15\/bastiaMS15_12.jpg?t=1502737998\"\n\t\t\tdata-thumbnail=\"http:\/\/www.lagottoromagnolo.org\/wp-content\/gallery\/expo15\/thumbs\/thumbs_bastiaMS15_12.jpg?t=1502737998\"\n\t\t\tdata-image-id=\"1762\"\n\t\t\tdata-image-name=\"bastiaMS15_12.jpg\"\n\t\t\tdata-title=\"bastiaMS15_12\"\n\t\t\tdata-description=\"ris.cac MANJLA SESSIONE CUBANA di Fatalbecco all. e prop. Poggini A.\"\n\t\t\tdata-image-slug=\"bastiams15_12\"\n\t\t\t\t\t\t\t\t\t\t\t\t\t\t\t\t\t\t\t\tclass=\"ngg-fancybox\" rel=\"5a7bd33488d3bddcd9f3b49773f69fe7\">\n\t\t\t\t\t\t\t\t<img\n\t\t\t\t\ttitle=\"bastiaMS15_12\"\n\t\t\t\t\talt=\"bastiaMS15_12\"\n\t\t\t\t\tsrc=\"http:\/\/www.lagottoromagnolo.org\/wp-content\/gallery\/expo15\/thumbs\/thumbs_bastiaMS15_12.jpg?t=1502737998\"\n\t\t\t\t\twidth=\"100\"\n\t\t\t\t\theight=\"75\"\n\t\t\t\t\tstyle=\"max-width:100%;\"\n\t\t\t\t\/>\n\t\t\t<\/a>\n\t\t<\/div>\n\t\t\t\t\t\t\t<\/div>\n\t\t\t\n\t\t\t\t<div id=\"ngg-image-12\" class=\"ngg-gallery-thumbnail-box\n\t\t\t\t\t\t\t\tngg-6-columns\t\t\t\"\n\t\t\t>\n\t\t\t\t\t\t<div class=\"ngg-gallery-thumbnail\">\n\t\t<a href=\"http:\/\/www.lagottoromagnolo.org\/wp-content\/gallery\/expo15\/bastiaMS15_13.jpg?t=1502737998\"\n\t\t\ttitle=\"Giovani femmine: 1\u00b0 ecc Il Granaio dei Malatesta QUINTINA all. e prop. Benelli M., 2\u00b0 ecc MARSALA all. e prop. Bizzari M., 3\u00b0 ecc ZETA del Monte della Dea all. Caira F. prop. Ragni M., 4\u00b0 mb SALLY delle Terre di Gua\u2019 all. Mattiello M. prop. Imparato R.\"\n\t\t\tdata-src=\"http:\/\/www.lagottoromagnolo.org\/wp-content\/gallery\/expo15\/bastiaMS15_13.jpg?t=1502737998\"\n\t\t\tdata-thumbnail=\"http:\/\/www.lagottoromagnolo.org\/wp-content\/gallery\/expo15\/thumbs\/thumbs_bastiaMS15_13.jpg?t=1502737998\"\n\t\t\tdata-image-id=\"1763\"\n\t\t\tdata-image-name=\"bastiaMS15_13.jpg\"\n\t\t\tdata-title=\"bastiaMS15_13\"\n\t\t\tdata-description=\"Giovani femmine: 1\u00b0 ecc Il Granaio dei Malatesta QUINTINA all. e prop. Benelli M., 2\u00b0 ecc MARSALA all. e prop. Bizzari M., 3\u00b0 ecc ZETA del Monte della Dea all. Caira F. prop. Ragni M., 4\u00b0 mb SALLY delle Terre di Gua\u2019 all. Mattiello M. prop. Imparato R.\"\n\t\t\tdata-image-slug=\"bastiams15_13\"\n\t\t\t\t\t\t\t\t\t\t\t\t\t\t\t\t\t\t\t\tclass=\"ngg-fancybox\" rel=\"5a7bd33488d3bddcd9f3b49773f69fe7\">\n\t\t\t\t\t\t\t\t<img\n\t\t\t\t\ttitle=\"bastiaMS15_13\"\n\t\t\t\t\talt=\"bastiaMS15_13\"\n\t\t\t\t\tsrc=\"http:\/\/www.lagottoromagnolo.org\/wp-content\/gallery\/expo15\/thumbs\/thumbs_bastiaMS15_13.jpg?t=1502737998\"\n\t\t\t\t\twidth=\"100\"\n\t\t\t\t\theight=\"75\"\n\t\t\t\t\tstyle=\"max-width:100%;\"\n\t\t\t\t\/>\n\t\t\t<\/a>\n\t\t<\/div>\n\t\t\t\t\t\t\t<\/div>\n\t\t\t\n\t\t\t\t<div id=\"ngg-image-13\" class=\"ngg-gallery-thumbnail-box\n\t\t\t\t\t\t\t\tngg-6-columns\t\t\t\"\n\t\t\t>\n\t\t\t\t\t\t<div class=\"ngg-gallery-thumbnail\">\n\t\t<a href=\"http:\/\/www.lagottoromagnolo.org\/wp-content\/gallery\/expo15\/bastiaMS15_14.jpg?t=1502737998\"\n\t\t\ttitle=\"Juniores femmine: 1\u00b0 Accompagnatore TOFFE all. e prop. Preisig H., 2\u00b0 mp Il Granaio dei Malatesta TAGLIATA all. e prop. Benelli M.\"\n\t\t\tdata-src=\"http:\/\/www.lagottoromagnolo.org\/wp-content\/gallery\/expo15\/bastiaMS15_14.jpg?t=1502737998\"\n\t\t\tdata-thumbnail=\"http:\/\/www.lagottoromagnolo.org\/wp-content\/gallery\/expo15\/thumbs\/thumbs_bastiaMS15_14.jpg?t=1502737998\"\n\t\t\tdata-image-id=\"1764\"\n\t\t\tdata-image-name=\"bastiaMS15_14.jpg\"\n\t\t\tdata-title=\"bastiaMS15_14\"\n\t\t\tdata-description=\"Juniores femmine: 1\u00b0 Accompagnatore TOFFE all. e prop. Preisig H., 2\u00b0 mp Il Granaio dei Malatesta TAGLIATA all. e prop. Benelli M.\"\n\t\t\tdata-image-slug=\"bastiams15_14\"\n\t\t\t\t\t\t\t\t\t\t\t\t\t\t\t\t\t\t\t\tclass=\"ngg-fancybox\" rel=\"5a7bd33488d3bddcd9f3b49773f69fe7\">\n\t\t\t\t\t\t\t\t<img\n\t\t\t\t\ttitle=\"bastiaMS15_14\"\n\t\t\t\t\talt=\"bastiaMS15_14\"\n\t\t\t\t\tsrc=\"http:\/\/www.lagottoromagnolo.org\/wp-content\/gallery\/expo15\/thumbs\/thumbs_bastiaMS15_14.jpg?t=1502737998\"\n\t\t\t\t\twidth=\"100\"\n\t\t\t\t\theight=\"75\"\n\t\t\t\t\tstyle=\"max-width:100%;\"\n\t\t\t\t\/>\n\t\t\t<\/a>\n\t\t<\/div>\n\t\t\t\t\t\t\t<\/div>\n\t\t\t\n\t\t\t\t<div id=\"ngg-image-14\" class=\"ngg-gallery-thumbnail-box\n\t\t\t\t\t\t\t\tngg-6-columns\t\t\t\"\n\t\t\t>\n\t\t\t\t\t\t<div class=\"ngg-gallery-thumbnail\">\n\t\t<a href=\"http:\/\/www.lagottoromagnolo.org\/wp-content\/gallery\/expo15\/bastiaMS15_15.jpg?t=1502737998\"\n\t\t\ttitle=\"\"\n\t\t\tdata-src=\"http:\/\/www.lagottoromagnolo.org\/wp-content\/gallery\/expo15\/bastiaMS15_15.jpg?t=1502737998\"\n\t\t\tdata-thumbnail=\"http:\/\/www.lagottoromagnolo.org\/wp-content\/gallery\/expo15\/thumbs\/thumbs_bastiaMS15_15.jpg?t=1502737998\"\n\t\t\tdata-image-id=\"1765\"\n\t\t\tdata-image-name=\"bastiaMS15_15.jpg\"\n\t\t\tdata-title=\"bastiaMS15_15\"\n\t\t\tdata-description=\"\"\n\t\t\tdata-image-slug=\"bastiams15_15\"\n\t\t\t\t\t\t\t\t\t\t\t\t\t\t\t\t\t\t\t\tclass=\"ngg-fancybox\" rel=\"5a7bd33488d3bddcd9f3b49773f69fe7\">\n\t\t\t\t\t\t\t\t<img\n\t\t\t\t\ttitle=\"bastiaMS15_15\"\n\t\t\t\t\talt=\"bastiaMS15_15\"\n\t\t\t\t\tsrc=\"http:\/\/www.lagottoromagnolo.org\/wp-content\/gallery\/expo15\/thumbs\/thumbs_bastiaMS15_15.jpg?t=1502737998\"\n\t\t\t\t\twidth=\"100\"\n\t\t\t\t\theight=\"75\"\n\t\t\t\t\tstyle=\"max-width:100%;\"\n\t\t\t\t\/>\n\t\t\t<\/a>\n\t\t<\/div>\n\t\t\t\t\t\t\t<\/div>\n\t\t\t\n\t\t\t\t<div id=\"ngg-image-15\" class=\"ngg-gallery-thumbnail-box\n\t\t\t\t\t\t\t\tngg-6-columns\t\t\t\"\n\t\t\t>\n\t\t\t\t\t\t<div class=\"ngg-gallery-thumbnail\">\n\t\t<a href=\"http:\/\/www.lagottoromagnolo.org\/wp-content\/gallery\/expo15\/bastiaMS15_16.jpg?t=1502737998\"\n\t\t\ttitle=\"\"\n\t\t\tdata-src=\"http:\/\/www.lagottoromagnolo.org\/wp-content\/gallery\/expo15\/bastiaMS15_16.jpg?t=1502737998\"\n\t\t\tdata-thumbnail=\"http:\/\/www.lagottoromagnolo.org\/wp-content\/gallery\/expo15\/thumbs\/thumbs_bastiaMS15_16.jpg?t=1502737998\"\n\t\t\tdata-image-id=\"1766\"\n\t\t\tdata-image-name=\"bastiaMS15_16.jpg\"\n\t\t\tdata-title=\"bastiaMS15_16\"\n\t\t\tdata-description=\"\"\n\t\t\tdata-image-slug=\"bastiams15_16\"\n\t\t\t\t\t\t\t\t\t\t\t\t\t\t\t\t\t\t\t\tclass=\"ngg-fancybox\" rel=\"5a7bd33488d3bddcd9f3b49773f69fe7\">\n\t\t\t\t\t\t\t\t<img\n\t\t\t\t\ttitle=\"bastiaMS15_16\"\n\t\t\t\t\talt=\"bastiaMS15_16\"\n\t\t\t\t\tsrc=\"http:\/\/www.lagottoromagnolo.org\/wp-content\/gallery\/expo15\/thumbs\/thumbs_bastiaMS15_16.jpg?t=1502737998\"\n\t\t\t\t\twidth=\"100\"\n\t\t\t\t\theight=\"75\"\n\t\t\t\t\tstyle=\"max-width:100%;\"\n\t\t\t\t\/>\n\t\t\t<\/a>\n\t\t<\/div>\n\t\t\t\t\t\t\t<\/div>\n\t\t\t\n\t\t\t\t<div id=\"ngg-image-16\" class=\"ngg-gallery-thumbnail-box\n\t\t\t\t\t\t\t\tngg-6-columns\t\t\t\"\n\t\t\t>\n\t\t\t\t\t\t<div class=\"ngg-gallery-thumbnail\">\n\t\t<a href=\"http:\/\/www.lagottoromagnolo.org\/wp-content\/gallery\/expo15\/bastiaMS15_17.jpg?t=1502737998\"\n\t\t\ttitle=\"bob Regun MANGO all. Tanos L. prop. Killingmo K. bos WHOOPI Amici per Sempre all. Frei C. prop. Lachmann S.\"\n\t\t\tdata-src=\"http:\/\/www.lagottoromagnolo.org\/wp-content\/gallery\/expo15\/bastiaMS15_17.jpg?t=1502737998\"\n\t\t\tdata-thumbnail=\"http:\/\/www.lagottoromagnolo.org\/wp-content\/gallery\/expo15\/thumbs\/thumbs_bastiaMS15_17.jpg?t=1502737998\"\n\t\t\tdata-image-id=\"1767\"\n\t\t\tdata-image-name=\"bastiaMS15_17.jpg\"\n\t\t\tdata-title=\"bastiaMS15_17\"\n\t\t\tdata-description=\"bob Regun MANGO all. Tanos L. prop. Killingmo K. bos WHOOPI Amici per Sempre all. Frei C. prop. Lachmann S.\"\n\t\t\tdata-image-slug=\"bastiams15_17\"\n\t\t\t\t\t\t\t\t\t\t\t\t\t\t\t\t\t\t\t\tclass=\"ngg-fancybox\" rel=\"5a7bd33488d3bddcd9f3b49773f69fe7\">\n\t\t\t\t\t\t\t\t<img\n\t\t\t\t\ttitle=\"bastiaMS15_17\"\n\t\t\t\t\talt=\"bastiaMS15_17\"\n\t\t\t\t\tsrc=\"http:\/\/www.lagottoromagnolo.org\/wp-content\/gallery\/expo15\/thumbs\/thumbs_bastiaMS15_17.jpg?t=1502737998\"\n\t\t\t\t\twidth=\"100\"\n\t\t\t\t\theight=\"75\"\n\t\t\t\t\tstyle=\"max-width:100%;\"\n\t\t\t\t\/>\n\t\t\t<\/a>\n\t\t<\/div>\n\t\t\t\t\t\t\t<\/div>\n\t\t\t\n\t\t\t\t<div id=\"ngg-image-17\" class=\"ngg-gallery-thumbnail-box\n\t\t\t\t\t\t\t\tngg-6-columns\t\t\t\"\n\t\t\t>\n\t\t\t\t\t\t<div class=\"ngg-gallery-thumbnail\">\n\t\t<a href=\"http:\/\/www.lagottoromagnolo.org\/wp-content\/gallery\/expo15\/bastiaMS15_18.jpg?t=1553022521\"\n\t\t\ttitle=\"bob Regun MANGO all. Tanos L. prop. Killingmo K. bos WHOOPI Amici per Sempre all. Frei C. prop. Lachmann S.\"\n\t\t\tdata-src=\"http:\/\/www.lagottoromagnolo.org\/wp-content\/gallery\/expo15\/bastiaMS15_18.jpg?t=1553022521\"\n\t\t\tdata-thumbnail=\"http:\/\/www.lagottoromagnolo.org\/wp-content\/gallery\/expo15\/thumbs\/thumbs_bastiaMS15_18.jpg?t=1553022521\"\n\t\t\tdata-image-id=\"1768\"\n\t\t\tdata-image-name=\"bastiaMS15_18.jpg\"\n\t\t\tdata-title=\"bastiaMS15_18\"\n\t\t\tdata-description=\"bob Regun MANGO all. Tanos L. prop. Killingmo K. bos WHOOPI Amici per Sempre all. Frei C. prop. Lachmann S.\"\n\t\t\tdata-image-slug=\"bastiams15_18\"\n\t\t\t\t\t\t\t\t\t\t\t\t\t\t\t\t\t\t\t\tclass=\"ngg-fancybox\" rel=\"5a7bd33488d3bddcd9f3b49773f69fe7\">\n\t\t\t\t\t\t\t\t<img\n\t\t\t\t\ttitle=\"bastiaMS15_18\"\n\t\t\t\t\talt=\"bastiaMS15_18\"\n\t\t\t\t\tsrc=\"http:\/\/www.lagottoromagnolo.org\/wp-content\/gallery\/expo15\/thumbs\/thumbs_bastiaMS15_18.jpg?t=1553022521\"\n\t\t\t\t\twidth=\"100\"\n\t\t\t\t\theight=\"75\"\n\t\t\t\t\tstyle=\"max-width:100%;\"\n\t\t\t\t\/>\n\t\t\t<\/a>\n\t\t<\/div>\n\t\t\t\t\t\t\t<\/div>\n\t\t\t\n\t\n\t<br style=\"clear: both\" \/>\n\n\t\n\t\t<div class=\"ngg-clear\"><\/div>\n\t<\/div>\n<\/p>\n<p><a href=\"http:\/\/www.lagottoromagnolo.org\/?page_id=161\">&gt;Indietro<\/a><\/p>\n","protected":false},"excerpt":{"rendered":"<p>&gt;Indietro . ESPOSIZIONE INTERNAZIONALE \u2013 MOSTRA SPECIALE \u00a0MODENA\u00a0 1 febbraio 2015 Giudice Alessandro Zeppi, 10 partecipanti bob PAOLO della Taparina all. Farn\u00e8 M. prop. Venturini A. bos Il Granaio dei Malatesta CARLETTA all. e prop. Benelli M. Libera maschi: 1\u00b0 <span class=\"excerpt-dots\">&hellip;<\/span> <a class=\"more-link\" href=\"http:\/\/www.lagottoromagnolo.org\/?p=1058\"><span class=\"more-msg\">Continua a leggere &rarr;<\/span><\/a><\/p>\n","protected":false},"author":2,"featured_media":0,"comment_status":"closed","ping_status":"closed","sticky":false,"template":"","format":"standard","meta":{"ngg_post_thumbnail":0,"footnotes":""},"categories":[1],"tags":[28,30,32,31],"class_list":["post-1058","post","type-post","status-publish","format-standard","hentry","category-bellezza","tag-28","tag-mondiale","tag-mostra-speciale","tag-raduno"],"_links":{"self":[{"href":"http:\/\/www.lagottoromagnolo.org\/index.php?rest_route=\/wp\/v2\/posts\/1058","targetHints":{"allow":["GET"]}}],"collection":[{"href":"http:\/\/www.lagottoromagnolo.org\/index.php?rest_route=\/wp\/v2\/posts"}],"about":[{"href":"http:\/\/www.lagottoromagnolo.org\/index.php?rest_route=\/wp\/v2\/types\/post"}],"author":[{"embeddable":true,"href":"http:\/\/www.lagottoromagnolo.org\/index.php?rest_route=\/wp\/v2\/users\/2"}],"replies":[{"embeddable":true,"href":"http:\/\/www.lagottoromagnolo.org\/index.php?rest_route=%2Fwp%2Fv2%2Fcomments&post=1058"}],"version-history":[{"count":19,"href":"http:\/\/www.lagottoromagnolo.org\/index.php?rest_route=\/wp\/v2\/posts\/1058\/revisions"}],"predecessor-version":[{"id":7571,"href":"http:\/\/www.lagottoromagnolo.org\/index.php?rest_route=\/wp\/v2\/posts\/1058\/revisions\/7571"}],"wp:attachment":[{"href":"http:\/\/www.lagottoromagnolo.org\/index.php?rest_route=%2Fwp%2Fv2%2Fmedia&parent=1058"}],"wp:term":[{"taxonomy":"category","embeddable":true,"href":"http:\/\/www.lagottoromagnolo.org\/index.php?rest_route=%2Fwp%2Fv2%2Fcategories&post=1058"},{"taxonomy":"post_tag","embeddable":true,"href":"http:\/\/www.lagottoromagnolo.org\/index.php?rest_route=%2Fwp%2Fv2%2Ftags&post=1058"}],"curies":[{"name":"wp","href":"https:\/\/api.w.org\/{rel}","templated":true}]}}