{"id":434,"date":"2003-12-30T00:33:23","date_gmt":"2003-12-29T23:33:23","guid":{"rendered":"http:\/\/www.lagottoromagnolo.org\/?p=434"},"modified":"2023-01-27T20:18:41","modified_gmt":"2023-01-27T19:18:41","slug":"prove-2003","status":"publish","type":"post","link":"http:\/\/www.lagottoromagnolo.org\/?p=434","title":{"rendered":"Prove 2003"},"content":{"rendered":"<p><a href=\"http:\/\/www.lagottoromagnolo.org\/?page_id=163\">&gt;Indietro<\/a><\/p>\n<p style=\"text-align: center;\"><a href=\"http:\/\/www.lagottoromagnolo.org\/?p=414\">&gt;Campinato Sociale di Lavoro 2003<\/a><\/p>\n<hr>\n<p style=\"text-align: center;\"><strong>RAVENNA (RA)<br \/>\n<\/strong>2 febbraio 2003<\/p>\n<p style=\"text-align: center;\">36 iscritti<\/p>\n<p><strong>Libera maschi<\/strong> (giudice Pietro Monis): 1\u00b0 ecc CHARLY all. Galamini G. prop. Bassi F., 2\u00b0 ecc ULIS delle Bonifiche all. Scantamburlo G. prop. Magnani L., 3\u00b0 ecc MORGAN all. e prop. Morara M.<br \/>\n<strong>Giovani maschi<\/strong> (giudice Pietro Monis): 1\u00b0 ecc DEMON della Cascinetta all. e prop. Bassi F., 2\u00b0 ecc. IORIS delle Farnie all. e prop. Bernabei L., 3\u00b0 mb DYLAN della Cascinetta all. e prop. Bassi F.<br \/>\n<strong>Esordienti maschi<\/strong> (giudice Serafino Marangoni): 1\u00b0 p SARNO all. Bollini V. prop. Ciacci L.<\/p>\n<p><strong>Veterani femmine<\/strong> (giudice Ermanno Zavagli): 1\u00b0 ecc PERLA all. Bianconcini G. prop. Piancastelli P.<br \/>\n<strong>Campioni femmine<\/strong> (giudice Ermanno Zavagli): 1\u00b0 ecc MANOLA all. e prop. Morara M.<br \/>\n<strong>Libera femmine<\/strong> (giudice Ermanno Zavagli): 1\u00b0 ecc CIRIBILLA delle Farnie all. e prop. Bernabei L., 2\u00b0 ecc TEA all. e prop. Billi F. 3\u00b0 ecc DIANA all. Agostini E. prop. Bassi F.<br \/>\n<strong>Giovani femmine<\/strong> (giudice Serafino Marangoni): 1\u00b0 ecc GIADA all. Baroncelli A. prop. Morara M., 2\u00b0 mb SERENA all. e prop. Barbari S., 3\u00b0 mb TEA all. Magnani L. prop. Fabbri G.<br \/>\n<strong>Esordienti femmine<\/strong> (giudice Serafino Marangoni): 1\u00b0 mp BRENNY delle Farnie all. e prop. Bernabei L.<\/p>\n<hr>\n<p style=\"text-align: center;\"><strong>GROSSETO (GR)<br \/>\n<\/strong>2 marzo 2003<\/p>\n<p style=\"text-align: center;\">32 iscritti<\/p>\n<p style=\"text-align: center;\">ngg_shortcode_0_placeholder<\/p>\n<p><strong>Libera maschi<\/strong> (giudice Luciano Sanna): 1\u00b0 ecc BILLY della Cascinetta all. e prop. Bassi F., 2\u00b0 ecc MORGAN all. e prop. Morara M., 3\u00b0 ecc DREXVID delle Farnie all. e prop. Bernabei L.<br \/>\n<strong>Giovani maschi<\/strong> (giudice Luciano Sanna): 1\u00b0 mb IORIS delle Farnie all. e prop. Bernabei L., 2\u00b0 mb BENGY all. Paolini T. prop. Bassi F., 3\u00b0 mb ELLIOT della Cascinetta all. e prop. Bassi F.<br \/>\n<strong>Esordienti maschi<\/strong> (giudice Daniele Milaneschi): 1\u00b0 mp TOBIA all. e prop. Paolini T.<\/p>\n<p><strong>Veterani femmine<\/strong> (giudice Daniele Milaneschi): 1\u00b0 mb PERLA all. Bianconcini G. prop. Piancastelli P.<br \/>\n<strong>Libera femmine<\/strong> (giudice Gilberto Giannotti): 1\u00b0 ecc BABY all. e prop. Cortopassi G., 2\u00b0 ecc LILA all. Arancini prop. Capitani F., 3\u00b0 ecc RIMBA delle Farnie all. Bernabei L. prop. D\u2019Oro A.<br \/>\n<strong>Giovani femmine<\/strong> (giudice Daniele Milaneschi): 1\u00b0 ecc BRENNY delle Farnie all. e prop. Bernabei L., 2\u00b0 ecc JOLIE all. e prop. Baroncelli A., 3\u00b0 ecc DORA della Cascinetta all. e prop. Bassi F.<br \/>\n<strong>Esordienti femmine<\/strong> (giudice Daniele Milaneschi): 1\u00b0 mp LUCY all. e prop. Paolini T. 2\u00b0 p MELVA all. Morara M. prop. Baroncelli A.<\/p>\n<hr>\n<p style=\"text-align: center;\"><strong>VOLTA MANTOVANA<br \/>\n<\/strong>30 marzo 2003<\/p>\n<p style=\"text-align: center;\">34 iscritti<\/p>\n<p style=\"text-align: center;\">ngg_shortcode_1_placeholder<\/p>\n<blockquote><p>L\u2019ormai tradizionale appuntamento primaverile, ottimamente organizzato dal Gruppo Cinofilo Virgiliano a Volta Mantovana, \u00e8 stato completato dalla prova di lavoro effettuata la domenica. (nella foto sopra un gruppo di concorrenti in attesa del proprio turno)<\/p><\/blockquote>\n<p style=\"text-align: center;\">ngg_shortcode_2_placeholder<\/p>\n<p style=\"text-align: center;\">La Combinata<br \/>\nVincitrice <strong>BORA della Cascinetta<\/strong> all. e prop. Bassi F.<\/p>\n<blockquote><p>Nelle due giornate di Volta Mantovana 10 lagotti hanno partecipato sia al raduno di bellezza che alla prova di lavoro, di questi 6 hanno ottenuto la qualifica di eccellente in entrambe le prove, entrando nella classifica per la combinata:<\/p><\/blockquote>\n<p>1\u00b0 <strong>BORA della Cascinetta<\/strong> all. e prop. Bassi F. p. 27<br \/>\n2\u00b0 IORIS delle Farnie all. e prop. Bernabei L. p. 25<br \/>\n2\u00b0 BRENNY delle Farnie all. e prop. Bernabei p. 25<br \/>\n4\u00b0 CHARLY all. Galamini G. prop. Bassi F. p. 17<br \/>\n5\u00b0 CIRIBILLA delle Farnie all. e prop. Bernabei p. 15<br \/>\n5\u00b0 LARA del Ginestreto all. Zavagli E. prop. Duparc P. p. 15<\/p>\n<p style=\"text-align: center;\">ngg_shortcode_3_placeholder<\/p>\n<p><strong>Libera maschi <\/strong>(giudice Pandini Christian): 1\u00b0 ecc BALDO all. Ronconi R. prop. Zancarli C., 2\u00b0 ecc CHARLY all. Galamini G. prop. Bassi F., 3\u00b0 mb BILLY della Cascinetta all. e prop. Bassi F.<br \/>\n<strong>Giovani maschi<\/strong> (giudice Pandini Christian): 1\u00b0 ecc BENGY all. Paolini T. prop. Bassi F., 2\u00b0 ecc IORIS delle Farnie all. e prop. Bernabei L., 3\u00b0 mb ELLIOT della Cascinetta all. e prop. Bassi F.<br \/>\n<strong>Esordienti maschi<\/strong> (giudice Pandini Christian): 1\u00b0 mp CHICCO all. Tassinari G. prop. Bernabei L.<\/p>\n<p><strong>Veterani femmine<\/strong> (giudice Monis Pietro): 1\u00b0 ecc PERLA all. Bianconcini G. prop. Piancastelli P.<br \/>\n<strong>Campioni femmine<\/strong> (giudice Monis Pietro): 1\u00b0 ecc BORA della Cascinetta all. e prop. Bassi F.<br \/>\n<strong>Libera femmine<\/strong> (giudice Monis Pietro): 1\u00b0 ecc FLOSSY delle Farnie all. e prop. Bernabei L., 2\u00b0 ecc DIANA all. Agostini E. prop. Bassi F., 3\u00b0ecc CIRIBILLA della Farnie all. e prop. Bernabei L.<br \/>\n<strong>Giovani femmine<\/strong> (giudice Zini Oliviero): 1\u00b0 ecc BRENNJ delle Farnie all. e prop. Bernabei L., 2\u00b0 ecc DORA della Cascinetta all. e prop. Bassi F., 3\u00b0 ecc BRINA all. Mazzola T. prop. Zancarli C.<br \/>\n<strong>Esordienti femmine<\/strong> (giudice Zini Oliviero): 1\u00b0 p KIKIPICASSO all. Monis P. prop. Minarini F., 2\u00b0 p MIRIAM all. Morara M. prop. Aspidistra R.<\/p>\n<p style=\"text-align: center;\">ngg_shortcode_4_placeholder<\/p>\n<hr>\n<p style=\"text-align: center;\"><strong>MONTE S. MARIA TIBERINA (PG)<br \/>\n<\/strong>6 aprile 2003<\/p>\n<p style=\"text-align: center;\">Prova valida solamente per il Campionato Regionale dell\u2019Umbria<\/p>\n<p style=\"text-align: center;\">17 iscritti<\/p>\n<p><strong>Campioni maschi<\/strong> (giudice Pietro Monis): 1\u00b0 ecc TARO del Monte della Dea all. e prop. Caira F.<br \/>\n<strong>Libera maschi<\/strong> (giudice Pietro Monis): 1\u00b0 ecc BILLY della Cascinetta all. e prop. Bassi F., 2\u00b0 ecc ATOS del Monte della Dea all. Caira F. prop. Billi F., 3\u00b0 ecc BART all. e prop. Alessandrini P.<br \/>\n<strong>Giovani maschi<\/strong> (giudice Pietro Monis): 1\u00b0 ecc BENGY all. Paolini T. prop. Bassi F., 2\u00b0 ecc EOLO del Monte della Dea all. Caira F. prop. Rondinini L., 3\u00b0 ecc ELLIOT della Cascinetta all. e prop. Bassi F.<\/p>\n<p><strong>Libera femmine<\/strong> (giudice Maria Cristina Sanguinetti): 1\u00b0 ecc DIANA all. Agostini E. prop. Bassi F., 2\u00b0 ecc RIMBA delle Farnie all. Bernabei L. prop. D\u2019Oro A., 3\u00b0 ecc DELIFARNIE all. Lolli G. prop. Moretti A.<br \/>\n<strong>Giovani femmine<\/strong> (giudice Maria Cristina Sanguinetti): 1\u00b0 ecc TOFI delle Tre T all. e prop Zini O., 2\u00b0 ecc DORA della Cascinetta all. e prop. Bassi F., 3\u00b0 ecc ELETTRA del Monte della Dea all. e prop. Caira F.<br \/>\n<strong>Esordienti femmine<\/strong> (giudice Pietro Monis): 1\u00b0 mp KIKIPICASSO all. Monis P. prop. Minarini F.<\/p>\n<hr>\n<p style=\"text-align: center;\"><strong>LISCIANO NICCONE (PG)<br \/>\n<\/strong>20 luglio 2003<\/p>\n<p style=\"text-align: center;\">33 iscritti<\/p>\n<p style=\"text-align: center;\">ngg_shortcode_5_placeholder<\/p>\n<p><strong>Libera maschi<\/strong> (giudice Lamberto Magnani): 1\u00b0 ecc BILLY della Cascinetta all. e prop. Bassi F., 2\u00b0 ecc DUCK della Cascinetta all. e prop. Bassi F., 3\u00b0 ecc CHARLY all. Galamini G. prop. Bassi F.<br \/>\n<strong>Giovani maschi<\/strong> (giudice Lamberto Magnani): 1\u00b0 ecc ELLIOT della Cascinetta all. e prop. Bassi F., 2\u00b0 ecc BENGY all. Paolini T. prop. Bassi F., 3\u00b0 mb IORIS delle Farnie all. e prop. Bernabei L.<br \/>\n<strong>Esordienti maschi<\/strong> (giudice Lorenzo Ciacci): 1\u00b0 mp CHICCO prop. Bernabei L., 2\u00b0 mp ROY all. e prop. Billi F.<\/p>\n<p><strong>Veterani femmine<\/strong> (giudice Lorenzo Ciacci): 1\u00b0 ecc KIRA all. e prop. Tommasoni Q.<br \/>\n<strong>Libera femmine<\/strong> (giudice Fabrizio Caira): 1\u00b0 ecc DIANA all. Agostini E. prop. Bassi F., 2\u00b0 ecc DESI all. e prop. Cecchini G. 3\u00b0 ecc TEA all. e prop. Billi F.<br \/>\n<strong>Giovani femmine<\/strong> (giudice Lorenzo Ciacci): 1\u00b0 ecc BRENNY delle Farnie all. e prop. Bernabei L., 2\u00b0 mb DORA della Cascinetta all. e prop. Bassi F.<br \/>\n<strong>Esordienti femmine<\/strong> (giudice Lorenzo Ciacci): 1\u00b0 mp HELEN del Monte della Dea all. Caira F. prop. Passeri C., 2\u00b0 p TILKA delle Farnie all. e prop. Bernabei L.<\/p>\n<hr>\n<p style=\"text-align: center;\"><strong>MENCONICO (PV)<br \/>\n<\/strong>7 settembre 2003<\/p>\n<p style=\"text-align: center;\">22 iscritti<\/p>\n<p><strong>Libera maschi<\/strong> (giudice Lorenzo Ciacci): 1\u00b0 ecc CHARLY all. Galamini G. prop. Bassi F., 2\u00b0 ecc BILLY della Cascinetta all. e prop. Bassi F., 3\u00b0 ecc DREXVID delle Farnie all. e prop. Bernabei L.<br \/>\n<strong>Giovani maschi<\/strong> (giudice Lorenzo Ciacci): 1\u00b0 ecc BENGY all. Paolini T. prop. Bassi F., 2\u00b0 ecc ELLIOT della Cascinetta all. e prop. Bassi F., 3\u00b0 mb IORIS delle Farnie all. e prop. Bernabei L.<br \/>\n<strong>Esordienti maschi<\/strong> (giudice Christian Pandini): 1\u00b0 mp IORK all. e prop. Billi F.<\/p>\n<p><strong>Libera femmine<\/strong> (giudice Serafino Marangoni): 1\u00b0 ecc DIANA all. Agostini E. prop. Bassi F., 2\u00b0 ecc CIRIBILLA delle Farnie all. e prop. Bernabei L., 3\u00b0 ecc TEA all. e prop. Billi F.<br \/>\n<strong>Giovani femmine<\/strong> (giudice Christian Pandini): 1\u00b0 ecc DORA della Cascinetta all. e prop. Bassi F., 2\u00b0 ecc BRENNY delle Farnie all. e prop. Bernabei L., 3\u00b0 mb DINA all. Pelliconi A. prop. Bassi F.<br \/>\n<strong>Esordienti femmine<\/strong>&nbsp;(giudice Serafino Marangoni): 1\u00b0 p TILKA delle Farnie all. e prop. Bernabei L., 2\u00b0 p PICACHOW delle Farnie all. e prop. Bernabei L.<\/p>\n<hr>\n<p style=\"text-align: center;\"><strong><a id=\"babini\"><\/a>VALPIANA (RA)<br \/>\n<\/strong>26 ottobre 2003<\/p>\n<p style=\"text-align: center;\">49 iscritti<\/p>\n<p style=\"text-align: center;\"><span style=\"font-size: 1em; font-style: italic; background-color: rgba(128, 128, 128, 0.1); color: black;\">La domenica ci si \u00e8 spostati nelle tartufaie naturali dell\u2019Azienda Valpiana a Brisighella (RA) per una prova di lavoro alla ricerca del rarissimo tartufo bianco a cui hanno partecipato 49 lagotti, molti dei quali avevano partecipato il giorno precedente al raduno<\/span><\/p>\n<p style=\"text-align: center;\"><a id=\"babini\"><\/a>ngg_shortcode_6_placeholder<\/p>\n<p style=\"text-align: center;\">Il Trofeo<strong> \u201cMemorial Lodovico Babini\u201d<\/strong> per il miglior soggetto nella prova di lavoro \u00e8 andato a <strong>RED<\/strong>, all. e prop. Bassi F.<\/p>\n<p style=\"text-align: center;\">La Combinata<\/p>\n<blockquote><p>Ben 17 soggetti si sono cimentati nelle due giornate di gare, aiutati dall\u2019aver svolto la prova di bellezza il giorno prima di quella di lavoro e quindi a Valpiana si potevano sporcare tranquillamente senza la preoccupazione di doverli \u201dripulire\u201d nella notte. Il numero per\u00f2 non deve aver portato molta fortuna, infatti un solo soggetto ha ottenuto la massima qualifica nelle due giornate, a conferma della selettivit\u00e0 di questo tipo di prova.<\/p><\/blockquote>\n<p style=\"text-align: center;\"><a id=\"toschi\"><\/a>ngg_shortcode_7_placeholder<\/p>\n<p style=\"text-align: center;\"><strong>BRENNJ delle Farnie<\/strong> all. e prop. Bernabei L., con un 1\u00b0 ecc in bellezza ed un 3\u00b0 ecc in lavoro ha conquistato il Trofeo <strong>\u201cMemorial Quintino Toschi\u201d<\/strong> tradizionalmente messo in palio in questa occasione.<\/p>\n<p style=\"text-align: center;\">ngg_shortcode_8_placeholder<\/p>\n<p><strong>Veterani maschi<\/strong> (giudice Ermanno Zavagli): 1\u00b0 ecc ALEX all. Giannotti G. prop. Veronesi F.<br \/>\n<strong>Campioni maschi<\/strong> (giudice Ermanno Zavagli): 1\u00b0 ecc RED all. e prop. Bassi F.<br \/>\n<strong>Libera maschi<\/strong> (giudice Oliviero Zini): 1\u00b0 ecc BILLY della Cascinetta all. e prop. Bassi F., 2\u00b0 ecc DREXVID delle Farnie all. e prop. Bernabei L., 3\u00b0 ecc ATOS del Monte della Dea all. Caira F. prop. Billi F.<br \/>\n<strong>Giovani maschi<\/strong> (giudice Oliviero Zini): 1\u00b0 ecc BENGY all. Paolini T. prop. Bassi F., 2\u00b0 ecc IORIS delle Farnie all. e prop. Bernabei L. , 3\u00b0 mb ELLIOT della Cascinetta all. e prop. Bassi F.<br \/>\n<strong>Esordienti maschi<\/strong> (giudice Ermanno Zavagli): 1\u00b0 mp IORK all. e prop. Billi F., 2\u00b0 p MATT all. e prop. Morara M.<\/p>\n<p><strong>Veterani femmine<\/strong> (giudice Ermanno Zavagli): 1\u00b0 ecc KELLY all. e prop. Ponzi G., 2\u00b0 mb PERLA all. Bianconcini G. prop. Piancastelli P.<br \/>\n<strong>Libera femmine<\/strong> (giudice Lamberto Magnani): 1\u00b0 ecc DIANA all. Agostini E. prop. Bassi F., 2\u00b0 ecc ARNIS delle Farnie all. e prop. Bernabei L., 3\u00b0 ecc BRICIOLA da Tart\u00f2fla all. e prop. Machler M.<br \/>\n<strong>Giovani femmine<\/strong> (giudice Ermanno Zavagli): 1\u00b0 ecc DORA della Cascinetta all. e prop. Bassi F., 2\u00b0 ecc GIADA all. e prop. Morara M., 3\u00b0 ecc 1\u00b0 combinata BRENNJ delle Farnie all. e prop. Bernabei L.<br \/>\n<strong>Esordienti femmine<\/strong> (giudice Ermanno Zavagli): 1\u00b0 mp OFRIS delle Farnie all. e prop. Bernabei L., 2\u00b0 mp PICACHOW delle Farnie all. e prop. Bernabei L., 3\u00b0 mp MARA all. Morara M. prop. Minten M.<\/p>\n<p><!-- default-view.php -->\n<div\n\tclass=\"ngg-galleryoverview default-view\n\t\t\"\n\tid=\"ngg-gallery-cce5b508d6b0c2345999ba4abc712e28-1\"\n\tdata-nextgen-gallery-id=\"52\"\n\tdata-gallery-id=\"52\"\n\t\tdata-gallery-name=\"prove03\"\n\t>\n\n\t\t<!-- Thumbnails -->\n\t\t\t\t<div id=\"ngg-image-0\" class=\"ngg-gallery-thumbnail-box\n\t\t\t\t\t\t\t\tngg-6-columns\t\t\t\"\n\t\t\t>\n\t\t\t\t\t\t<div class=\"ngg-gallery-thumbnail\">\n\t\t<a href=\"http:\/\/www.lagottoromagnolo.org\/wp-content\/gallery\/prove03\/valpiana03-01.jpg?t=1674493417\"\n\t\t\ttitle=\"Libera maschi (giudice Oliviero Zini): 1\u00b0 ecc BILLY della Cascinetta all. e prop. Bassi F.\"\n\t\t\tdata-src=\"http:\/\/www.lagottoromagnolo.org\/wp-content\/gallery\/prove03\/valpiana03-01.jpg?t=1674493417\"\n\t\t\tdata-thumbnail=\"http:\/\/www.lagottoromagnolo.org\/wp-content\/gallery\/prove03\/thumbs\/thumbs_valpiana03-01.jpg?t=1674493417\"\n\t\t\tdata-image-id=\"468\"\n\t\t\tdata-image-name=\"valpiana03-01.jpg\"\n\t\t\tdata-title=\"valpiana03-01\"\n\t\t\tdata-description=\"Libera maschi (giudice Oliviero Zini): 1\u00b0 ecc BILLY della Cascinetta all. e prop. Bassi F.\"\n\t\t\tdata-image-slug=\"valpiana03-01-1\"\n\t\t\t\t\t\t\t\t\t\t\t\t\t\t\t\t\t\t\t\tclass=\"ngg-fancybox\" rel=\"cce5b508d6b0c2345999ba4abc712e28\">\n\t\t\t\t\t\t\t\t<img\n\t\t\t\t\ttitle=\"valpiana03-01\"\n\t\t\t\t\talt=\"valpiana03-01\"\n\t\t\t\t\tsrc=\"http:\/\/www.lagottoromagnolo.org\/wp-content\/gallery\/prove03\/thumbs\/thumbs_valpiana03-01.jpg?t=1674493417\"\n\t\t\t\t\twidth=\"100\"\n\t\t\t\t\theight=\"100\"\n\t\t\t\t\tstyle=\"max-width:100%;\"\n\t\t\t\t\/>\n\t\t\t<\/a>\n\t\t<\/div>\n\t\t\t\t\t\t\t<\/div>\n\t\t\t\n\t\t\t\t<div id=\"ngg-image-1\" class=\"ngg-gallery-thumbnail-box\n\t\t\t\t\t\t\t\tngg-6-columns\t\t\t\"\n\t\t\t>\n\t\t\t\t\t\t<div class=\"ngg-gallery-thumbnail\">\n\t\t<a href=\"http:\/\/www.lagottoromagnolo.org\/wp-content\/gallery\/prove03\/valpiana03-02.jpg?t=1497027216\"\n\t\t\ttitle=\"Libera maschi (giudice Oliviero Zini): 2\u00b0 ecc DREXVID delle Farnie all. e prop. Bernabei L.\"\n\t\t\tdata-src=\"http:\/\/www.lagottoromagnolo.org\/wp-content\/gallery\/prove03\/valpiana03-02.jpg?t=1497027216\"\n\t\t\tdata-thumbnail=\"http:\/\/www.lagottoromagnolo.org\/wp-content\/gallery\/prove03\/thumbs\/thumbs_valpiana03-02.jpg?t=1497027216\"\n\t\t\tdata-image-id=\"469\"\n\t\t\tdata-image-name=\"valpiana03-02.jpg\"\n\t\t\tdata-title=\"valpiana03-02\"\n\t\t\tdata-description=\"Libera maschi (giudice Oliviero Zini): 2\u00b0 ecc DREXVID delle Farnie all. e prop. Bernabei L.\"\n\t\t\tdata-image-slug=\"valpiana03-02\"\n\t\t\t\t\t\t\t\t\t\t\t\t\t\t\t\t\t\t\t\tclass=\"ngg-fancybox\" rel=\"cce5b508d6b0c2345999ba4abc712e28\">\n\t\t\t\t\t\t\t\t<img\n\t\t\t\t\ttitle=\"valpiana03-02\"\n\t\t\t\t\talt=\"valpiana03-02\"\n\t\t\t\t\tsrc=\"http:\/\/www.lagottoromagnolo.org\/wp-content\/gallery\/prove03\/thumbs\/thumbs_valpiana03-02.jpg?t=1497027216\"\n\t\t\t\t\twidth=\"100\"\n\t\t\t\t\theight=\"100\"\n\t\t\t\t\tstyle=\"max-width:100%;\"\n\t\t\t\t\/>\n\t\t\t<\/a>\n\t\t<\/div>\n\t\t\t\t\t\t\t<\/div>\n\t\t\t\n\t\t\t\t<div id=\"ngg-image-2\" class=\"ngg-gallery-thumbnail-box\n\t\t\t\t\t\t\t\tngg-6-columns\t\t\t\"\n\t\t\t>\n\t\t\t\t\t\t<div class=\"ngg-gallery-thumbnail\">\n\t\t<a href=\"http:\/\/www.lagottoromagnolo.org\/wp-content\/gallery\/prove03\/valpiana03-03.jpg?t=1497027216\"\n\t\t\ttitle=\"Libera maschi (giudice Oliviero Zini): 3\u00b0 ecc ATOS del Monte della Dea all. Caira F. prop. Billi F.\"\n\t\t\tdata-src=\"http:\/\/www.lagottoromagnolo.org\/wp-content\/gallery\/prove03\/valpiana03-03.jpg?t=1497027216\"\n\t\t\tdata-thumbnail=\"http:\/\/www.lagottoromagnolo.org\/wp-content\/gallery\/prove03\/thumbs\/thumbs_valpiana03-03.jpg?t=1497027216\"\n\t\t\tdata-image-id=\"470\"\n\t\t\tdata-image-name=\"valpiana03-03.jpg\"\n\t\t\tdata-title=\"valpiana03-03\"\n\t\t\tdata-description=\"Libera maschi (giudice Oliviero Zini): 3\u00b0 ecc ATOS del Monte della Dea all. Caira F. prop. Billi F.\"\n\t\t\tdata-image-slug=\"valpiana03-03\"\n\t\t\t\t\t\t\t\t\t\t\t\t\t\t\t\t\t\t\t\tclass=\"ngg-fancybox\" rel=\"cce5b508d6b0c2345999ba4abc712e28\">\n\t\t\t\t\t\t\t\t<img\n\t\t\t\t\ttitle=\"valpiana03-03\"\n\t\t\t\t\talt=\"valpiana03-03\"\n\t\t\t\t\tsrc=\"http:\/\/www.lagottoromagnolo.org\/wp-content\/gallery\/prove03\/thumbs\/thumbs_valpiana03-03.jpg?t=1497027216\"\n\t\t\t\t\twidth=\"100\"\n\t\t\t\t\theight=\"100\"\n\t\t\t\t\tstyle=\"max-width:100%;\"\n\t\t\t\t\/>\n\t\t\t<\/a>\n\t\t<\/div>\n\t\t\t\t\t\t\t<\/div>\n\t\t\t\n\t\t\t\t<div id=\"ngg-image-3\" class=\"ngg-gallery-thumbnail-box\n\t\t\t\t\t\t\t\tngg-6-columns\t\t\t\"\n\t\t\t>\n\t\t\t\t\t\t<div class=\"ngg-gallery-thumbnail\">\n\t\t<a href=\"http:\/\/www.lagottoromagnolo.org\/wp-content\/gallery\/prove03\/valpiana03-04.jpg?t=1497027216\"\n\t\t\ttitle=\"Giovani maschi (giudice Oliviero Zini): 1\u00b0 ecc BENGY all. Paolini T. prop. Bassi F.\"\n\t\t\tdata-src=\"http:\/\/www.lagottoromagnolo.org\/wp-content\/gallery\/prove03\/valpiana03-04.jpg?t=1497027216\"\n\t\t\tdata-thumbnail=\"http:\/\/www.lagottoromagnolo.org\/wp-content\/gallery\/prove03\/thumbs\/thumbs_valpiana03-04.jpg?t=1497027216\"\n\t\t\tdata-image-id=\"471\"\n\t\t\tdata-image-name=\"valpiana03-04.jpg\"\n\t\t\tdata-title=\"valpiana03-04\"\n\t\t\tdata-description=\"Giovani maschi (giudice Oliviero Zini): 1\u00b0 ecc BENGY all. Paolini T. prop. Bassi F.\"\n\t\t\tdata-image-slug=\"valpiana03-04\"\n\t\t\t\t\t\t\t\t\t\t\t\t\t\t\t\t\t\t\t\tclass=\"ngg-fancybox\" rel=\"cce5b508d6b0c2345999ba4abc712e28\">\n\t\t\t\t\t\t\t\t<img\n\t\t\t\t\ttitle=\"valpiana03-04\"\n\t\t\t\t\talt=\"valpiana03-04\"\n\t\t\t\t\tsrc=\"http:\/\/www.lagottoromagnolo.org\/wp-content\/gallery\/prove03\/thumbs\/thumbs_valpiana03-04.jpg?t=1497027216\"\n\t\t\t\t\twidth=\"100\"\n\t\t\t\t\theight=\"100\"\n\t\t\t\t\tstyle=\"max-width:100%;\"\n\t\t\t\t\/>\n\t\t\t<\/a>\n\t\t<\/div>\n\t\t\t\t\t\t\t<\/div>\n\t\t\t\n\t\t\t\t<div id=\"ngg-image-4\" class=\"ngg-gallery-thumbnail-box\n\t\t\t\t\t\t\t\tngg-6-columns\t\t\t\"\n\t\t\t>\n\t\t\t\t\t\t<div class=\"ngg-gallery-thumbnail\">\n\t\t<a href=\"http:\/\/www.lagottoromagnolo.org\/wp-content\/gallery\/prove03\/valpiana03-05.jpg?t=1497027216\"\n\t\t\ttitle=\"Giovani maschi (giudice Oliviero Zini): 2\u00b0 ecc IORIS delle Farnie all. e prop. Bernabei L.\"\n\t\t\tdata-src=\"http:\/\/www.lagottoromagnolo.org\/wp-content\/gallery\/prove03\/valpiana03-05.jpg?t=1497027216\"\n\t\t\tdata-thumbnail=\"http:\/\/www.lagottoromagnolo.org\/wp-content\/gallery\/prove03\/thumbs\/thumbs_valpiana03-05.jpg?t=1497027216\"\n\t\t\tdata-image-id=\"472\"\n\t\t\tdata-image-name=\"valpiana03-05.jpg\"\n\t\t\tdata-title=\"valpiana03-05\"\n\t\t\tdata-description=\"Giovani maschi (giudice Oliviero Zini): 2\u00b0 ecc IORIS delle Farnie all. e prop. Bernabei L.\"\n\t\t\tdata-image-slug=\"valpiana03-05\"\n\t\t\t\t\t\t\t\t\t\t\t\t\t\t\t\t\t\t\t\tclass=\"ngg-fancybox\" rel=\"cce5b508d6b0c2345999ba4abc712e28\">\n\t\t\t\t\t\t\t\t<img\n\t\t\t\t\ttitle=\"valpiana03-05\"\n\t\t\t\t\talt=\"valpiana03-05\"\n\t\t\t\t\tsrc=\"http:\/\/www.lagottoromagnolo.org\/wp-content\/gallery\/prove03\/thumbs\/thumbs_valpiana03-05.jpg?t=1497027216\"\n\t\t\t\t\twidth=\"100\"\n\t\t\t\t\theight=\"100\"\n\t\t\t\t\tstyle=\"max-width:100%;\"\n\t\t\t\t\/>\n\t\t\t<\/a>\n\t\t<\/div>\n\t\t\t\t\t\t\t<\/div>\n\t\t\t\n\t\t\t\t<div id=\"ngg-image-5\" class=\"ngg-gallery-thumbnail-box\n\t\t\t\t\t\t\t\tngg-6-columns\t\t\t\"\n\t\t\t>\n\t\t\t\t\t\t<div class=\"ngg-gallery-thumbnail\">\n\t\t<a href=\"http:\/\/www.lagottoromagnolo.org\/wp-content\/gallery\/prove03\/valpiana03-06.jpg?t=1497027216\"\n\t\t\ttitle=\"Giovani maschi (giudice Oliviero Zini): 3\u00b0 mb ELLIOT della Cascinetta all. e prop. Bassi F.\"\n\t\t\tdata-src=\"http:\/\/www.lagottoromagnolo.org\/wp-content\/gallery\/prove03\/valpiana03-06.jpg?t=1497027216\"\n\t\t\tdata-thumbnail=\"http:\/\/www.lagottoromagnolo.org\/wp-content\/gallery\/prove03\/thumbs\/thumbs_valpiana03-06.jpg?t=1497027216\"\n\t\t\tdata-image-id=\"473\"\n\t\t\tdata-image-name=\"valpiana03-06.jpg\"\n\t\t\tdata-title=\"valpiana03-06\"\n\t\t\tdata-description=\"Giovani maschi (giudice Oliviero Zini): 3\u00b0 mb ELLIOT della Cascinetta all. e prop. Bassi F.\"\n\t\t\tdata-image-slug=\"valpiana03-06\"\n\t\t\t\t\t\t\t\t\t\t\t\t\t\t\t\t\t\t\t\tclass=\"ngg-fancybox\" rel=\"cce5b508d6b0c2345999ba4abc712e28\">\n\t\t\t\t\t\t\t\t<img\n\t\t\t\t\ttitle=\"valpiana03-06\"\n\t\t\t\t\talt=\"valpiana03-06\"\n\t\t\t\t\tsrc=\"http:\/\/www.lagottoromagnolo.org\/wp-content\/gallery\/prove03\/thumbs\/thumbs_valpiana03-06.jpg?t=1497027216\"\n\t\t\t\t\twidth=\"100\"\n\t\t\t\t\theight=\"100\"\n\t\t\t\t\tstyle=\"max-width:100%;\"\n\t\t\t\t\/>\n\t\t\t<\/a>\n\t\t<\/div>\n\t\t\t\t\t\t\t<\/div>\n\t\t\t\n\t\t\t\t<div id=\"ngg-image-6\" class=\"ngg-gallery-thumbnail-box\n\t\t\t\t\t\t\t\tngg-6-columns\t\t\t\"\n\t\t\t>\n\t\t\t\t\t\t<div class=\"ngg-gallery-thumbnail\">\n\t\t<a href=\"http:\/\/www.lagottoromagnolo.org\/wp-content\/gallery\/prove03\/valpiana03-07.jpg?t=1497027216\"\n\t\t\ttitle=\"Esordienti maschi (giudice Ermanno Zavagli): 1\u00b0 mp IORK all. e prop. Billi F.\"\n\t\t\tdata-src=\"http:\/\/www.lagottoromagnolo.org\/wp-content\/gallery\/prove03\/valpiana03-07.jpg?t=1497027216\"\n\t\t\tdata-thumbnail=\"http:\/\/www.lagottoromagnolo.org\/wp-content\/gallery\/prove03\/thumbs\/thumbs_valpiana03-07.jpg?t=1497027216\"\n\t\t\tdata-image-id=\"474\"\n\t\t\tdata-image-name=\"valpiana03-07.jpg\"\n\t\t\tdata-title=\"valpiana03-07\"\n\t\t\tdata-description=\"Esordienti maschi (giudice Ermanno Zavagli): 1\u00b0 mp IORK all. e prop. Billi F.\"\n\t\t\tdata-image-slug=\"valpiana03-07\"\n\t\t\t\t\t\t\t\t\t\t\t\t\t\t\t\t\t\t\t\tclass=\"ngg-fancybox\" rel=\"cce5b508d6b0c2345999ba4abc712e28\">\n\t\t\t\t\t\t\t\t<img\n\t\t\t\t\ttitle=\"valpiana03-07\"\n\t\t\t\t\talt=\"valpiana03-07\"\n\t\t\t\t\tsrc=\"http:\/\/www.lagottoromagnolo.org\/wp-content\/gallery\/prove03\/thumbs\/thumbs_valpiana03-07.jpg?t=1497027216\"\n\t\t\t\t\twidth=\"100\"\n\t\t\t\t\theight=\"100\"\n\t\t\t\t\tstyle=\"max-width:100%;\"\n\t\t\t\t\/>\n\t\t\t<\/a>\n\t\t<\/div>\n\t\t\t\t\t\t\t<\/div>\n\t\t\t\n\t\t\t\t<div id=\"ngg-image-7\" class=\"ngg-gallery-thumbnail-box\n\t\t\t\t\t\t\t\tngg-6-columns\t\t\t\"\n\t\t\t>\n\t\t\t\t\t\t<div class=\"ngg-gallery-thumbnail\">\n\t\t<a href=\"http:\/\/www.lagottoromagnolo.org\/wp-content\/gallery\/prove03\/valpiana03-08.jpg?t=1497027216\"\n\t\t\ttitle=\"Esordienti maschi (giudice Ermanno Zavagli): 2\u00b0 p MATT all. e prop. Morara M.\"\n\t\t\tdata-src=\"http:\/\/www.lagottoromagnolo.org\/wp-content\/gallery\/prove03\/valpiana03-08.jpg?t=1497027216\"\n\t\t\tdata-thumbnail=\"http:\/\/www.lagottoromagnolo.org\/wp-content\/gallery\/prove03\/thumbs\/thumbs_valpiana03-08.jpg?t=1497027216\"\n\t\t\tdata-image-id=\"475\"\n\t\t\tdata-image-name=\"valpiana03-08.jpg\"\n\t\t\tdata-title=\"valpiana03-08\"\n\t\t\tdata-description=\"Esordienti maschi (giudice Ermanno Zavagli): 2\u00b0 p MATT all. e prop. Morara M.\"\n\t\t\tdata-image-slug=\"valpiana03-08\"\n\t\t\t\t\t\t\t\t\t\t\t\t\t\t\t\t\t\t\t\tclass=\"ngg-fancybox\" rel=\"cce5b508d6b0c2345999ba4abc712e28\">\n\t\t\t\t\t\t\t\t<img\n\t\t\t\t\ttitle=\"valpiana03-08\"\n\t\t\t\t\talt=\"valpiana03-08\"\n\t\t\t\t\tsrc=\"http:\/\/www.lagottoromagnolo.org\/wp-content\/gallery\/prove03\/thumbs\/thumbs_valpiana03-08.jpg?t=1497027216\"\n\t\t\t\t\twidth=\"100\"\n\t\t\t\t\theight=\"100\"\n\t\t\t\t\tstyle=\"max-width:100%;\"\n\t\t\t\t\/>\n\t\t\t<\/a>\n\t\t<\/div>\n\t\t\t\t\t\t\t<\/div>\n\t\t\t\n\t\t\t\t<div id=\"ngg-image-8\" class=\"ngg-gallery-thumbnail-box\n\t\t\t\t\t\t\t\tngg-6-columns\t\t\t\"\n\t\t\t>\n\t\t\t\t\t\t<div class=\"ngg-gallery-thumbnail\">\n\t\t<a href=\"http:\/\/www.lagottoromagnolo.org\/wp-content\/gallery\/prove03\/valpiana03-09.jpg?t=1497027216\"\n\t\t\ttitle=\"Libera femmine (giudice Lamberto Magnani): 1\u00b0 ecc DIANA all. Agostini E. prop. Bassi F.\"\n\t\t\tdata-src=\"http:\/\/www.lagottoromagnolo.org\/wp-content\/gallery\/prove03\/valpiana03-09.jpg?t=1497027216\"\n\t\t\tdata-thumbnail=\"http:\/\/www.lagottoromagnolo.org\/wp-content\/gallery\/prove03\/thumbs\/thumbs_valpiana03-09.jpg?t=1497027216\"\n\t\t\tdata-image-id=\"476\"\n\t\t\tdata-image-name=\"valpiana03-09.jpg\"\n\t\t\tdata-title=\"valpiana03-09\"\n\t\t\tdata-description=\"Libera femmine (giudice Lamberto Magnani): 1\u00b0 ecc DIANA all. Agostini E. prop. Bassi F.\"\n\t\t\tdata-image-slug=\"valpiana03-09\"\n\t\t\t\t\t\t\t\t\t\t\t\t\t\t\t\t\t\t\t\tclass=\"ngg-fancybox\" rel=\"cce5b508d6b0c2345999ba4abc712e28\">\n\t\t\t\t\t\t\t\t<img\n\t\t\t\t\ttitle=\"valpiana03-09\"\n\t\t\t\t\talt=\"valpiana03-09\"\n\t\t\t\t\tsrc=\"http:\/\/www.lagottoromagnolo.org\/wp-content\/gallery\/prove03\/thumbs\/thumbs_valpiana03-09.jpg?t=1497027216\"\n\t\t\t\t\twidth=\"100\"\n\t\t\t\t\theight=\"100\"\n\t\t\t\t\tstyle=\"max-width:100%;\"\n\t\t\t\t\/>\n\t\t\t<\/a>\n\t\t<\/div>\n\t\t\t\t\t\t\t<\/div>\n\t\t\t\n\t\t\t\t<div id=\"ngg-image-9\" class=\"ngg-gallery-thumbnail-box\n\t\t\t\t\t\t\t\tngg-6-columns\t\t\t\"\n\t\t\t>\n\t\t\t\t\t\t<div class=\"ngg-gallery-thumbnail\">\n\t\t<a href=\"http:\/\/www.lagottoromagnolo.org\/wp-content\/gallery\/prove03\/valpiana03-10.jpg?t=1497027216\"\n\t\t\ttitle=\"Libera femmine (giudice Lamberto Magnani): 2\u00b0 ecc ARNIS delle Farnie all. e prop. Bernabei L.\"\n\t\t\tdata-src=\"http:\/\/www.lagottoromagnolo.org\/wp-content\/gallery\/prove03\/valpiana03-10.jpg?t=1497027216\"\n\t\t\tdata-thumbnail=\"http:\/\/www.lagottoromagnolo.org\/wp-content\/gallery\/prove03\/thumbs\/thumbs_valpiana03-10.jpg?t=1497027216\"\n\t\t\tdata-image-id=\"477\"\n\t\t\tdata-image-name=\"valpiana03-10.jpg\"\n\t\t\tdata-title=\"valpiana03-10\"\n\t\t\tdata-description=\"Libera femmine (giudice Lamberto Magnani): 2\u00b0 ecc ARNIS delle Farnie all. e prop. Bernabei L.\"\n\t\t\tdata-image-slug=\"valpiana03-10-1\"\n\t\t\t\t\t\t\t\t\t\t\t\t\t\t\t\t\t\t\t\tclass=\"ngg-fancybox\" rel=\"cce5b508d6b0c2345999ba4abc712e28\">\n\t\t\t\t\t\t\t\t<img\n\t\t\t\t\ttitle=\"valpiana03-10\"\n\t\t\t\t\talt=\"valpiana03-10\"\n\t\t\t\t\tsrc=\"http:\/\/www.lagottoromagnolo.org\/wp-content\/gallery\/prove03\/thumbs\/thumbs_valpiana03-10.jpg?t=1497027216\"\n\t\t\t\t\twidth=\"100\"\n\t\t\t\t\theight=\"100\"\n\t\t\t\t\tstyle=\"max-width:100%;\"\n\t\t\t\t\/>\n\t\t\t<\/a>\n\t\t<\/div>\n\t\t\t\t\t\t\t<\/div>\n\t\t\t\n\t\t\t\t<div id=\"ngg-image-10\" class=\"ngg-gallery-thumbnail-box\n\t\t\t\t\t\t\t\tngg-6-columns\t\t\t\"\n\t\t\t>\n\t\t\t\t\t\t<div class=\"ngg-gallery-thumbnail\">\n\t\t<a href=\"http:\/\/www.lagottoromagnolo.org\/wp-content\/gallery\/prove03\/valpiana03-11.jpg?t=1497027216\"\n\t\t\ttitle=\"Libera femmine (giudice Lamberto Magnani): 3\u00b0 ecc BRICIOLA da Tart\u00f2fla all. e prop. Machler M.\"\n\t\t\tdata-src=\"http:\/\/www.lagottoromagnolo.org\/wp-content\/gallery\/prove03\/valpiana03-11.jpg?t=1497027216\"\n\t\t\tdata-thumbnail=\"http:\/\/www.lagottoromagnolo.org\/wp-content\/gallery\/prove03\/thumbs\/thumbs_valpiana03-11.jpg?t=1497027216\"\n\t\t\tdata-image-id=\"478\"\n\t\t\tdata-image-name=\"valpiana03-11.jpg\"\n\t\t\tdata-title=\"valpiana03-11\"\n\t\t\tdata-description=\"Libera femmine (giudice Lamberto Magnani): 3\u00b0 ecc BRICIOLA da Tart\u00f2fla all. e prop. Machler M.\"\n\t\t\tdata-image-slug=\"valpiana03-11-1\"\n\t\t\t\t\t\t\t\t\t\t\t\t\t\t\t\t\t\t\t\tclass=\"ngg-fancybox\" rel=\"cce5b508d6b0c2345999ba4abc712e28\">\n\t\t\t\t\t\t\t\t<img\n\t\t\t\t\ttitle=\"valpiana03-11\"\n\t\t\t\t\talt=\"valpiana03-11\"\n\t\t\t\t\tsrc=\"http:\/\/www.lagottoromagnolo.org\/wp-content\/gallery\/prove03\/thumbs\/thumbs_valpiana03-11.jpg?t=1497027216\"\n\t\t\t\t\twidth=\"100\"\n\t\t\t\t\theight=\"100\"\n\t\t\t\t\tstyle=\"max-width:100%;\"\n\t\t\t\t\/>\n\t\t\t<\/a>\n\t\t<\/div>\n\t\t\t\t\t\t\t<\/div>\n\t\t\t\n\t\t\t\t<div id=\"ngg-image-11\" class=\"ngg-gallery-thumbnail-box\n\t\t\t\t\t\t\t\tngg-6-columns\t\t\t\"\n\t\t\t>\n\t\t\t\t\t\t<div class=\"ngg-gallery-thumbnail\">\n\t\t<a href=\"http:\/\/www.lagottoromagnolo.org\/wp-content\/gallery\/prove03\/valpiana03-12.jpg?t=1497027216\"\n\t\t\ttitle=\"Giovani femmine (giudice Ermanno Zavagli): 1\u00b0 ecc DORA della Cascinetta all. e prop. Bassi F.\"\n\t\t\tdata-src=\"http:\/\/www.lagottoromagnolo.org\/wp-content\/gallery\/prove03\/valpiana03-12.jpg?t=1497027216\"\n\t\t\tdata-thumbnail=\"http:\/\/www.lagottoromagnolo.org\/wp-content\/gallery\/prove03\/thumbs\/thumbs_valpiana03-12.jpg?t=1497027216\"\n\t\t\tdata-image-id=\"479\"\n\t\t\tdata-image-name=\"valpiana03-12.jpg\"\n\t\t\tdata-title=\"valpiana03-12\"\n\t\t\tdata-description=\"Giovani femmine (giudice Ermanno Zavagli): 1\u00b0 ecc DORA della Cascinetta all. e prop. Bassi F.\"\n\t\t\tdata-image-slug=\"valpiana03-12-1\"\n\t\t\t\t\t\t\t\t\t\t\t\t\t\t\t\t\t\t\t\tclass=\"ngg-fancybox\" rel=\"cce5b508d6b0c2345999ba4abc712e28\">\n\t\t\t\t\t\t\t\t<img\n\t\t\t\t\ttitle=\"valpiana03-12\"\n\t\t\t\t\talt=\"valpiana03-12\"\n\t\t\t\t\tsrc=\"http:\/\/www.lagottoromagnolo.org\/wp-content\/gallery\/prove03\/thumbs\/thumbs_valpiana03-12.jpg?t=1497027216\"\n\t\t\t\t\twidth=\"100\"\n\t\t\t\t\theight=\"100\"\n\t\t\t\t\tstyle=\"max-width:100%;\"\n\t\t\t\t\/>\n\t\t\t<\/a>\n\t\t<\/div>\n\t\t\t\t\t\t\t<\/div>\n\t\t\t\n\t\t\t\t<div id=\"ngg-image-12\" class=\"ngg-gallery-thumbnail-box\n\t\t\t\t\t\t\t\tngg-6-columns\t\t\t\"\n\t\t\t>\n\t\t\t\t\t\t<div class=\"ngg-gallery-thumbnail\">\n\t\t<a href=\"http:\/\/www.lagottoromagnolo.org\/wp-content\/gallery\/prove03\/valpiana03-13.jpg?t=1497027216\"\n\t\t\ttitle=\"Giovani femmine (giudice Ermanno Zavagli): 2\u00b0 ecc GIADA all. e prop. Morara M.\"\n\t\t\tdata-src=\"http:\/\/www.lagottoromagnolo.org\/wp-content\/gallery\/prove03\/valpiana03-13.jpg?t=1497027216\"\n\t\t\tdata-thumbnail=\"http:\/\/www.lagottoromagnolo.org\/wp-content\/gallery\/prove03\/thumbs\/thumbs_valpiana03-13.jpg?t=1497027216\"\n\t\t\tdata-image-id=\"480\"\n\t\t\tdata-image-name=\"valpiana03-13.jpg\"\n\t\t\tdata-title=\"valpiana03-13\"\n\t\t\tdata-description=\"Giovani femmine (giudice Ermanno Zavagli): 2\u00b0 ecc GIADA all. e prop. Morara M.\"\n\t\t\tdata-image-slug=\"valpiana03-13-1\"\n\t\t\t\t\t\t\t\t\t\t\t\t\t\t\t\t\t\t\t\tclass=\"ngg-fancybox\" rel=\"cce5b508d6b0c2345999ba4abc712e28\">\n\t\t\t\t\t\t\t\t<img\n\t\t\t\t\ttitle=\"valpiana03-13\"\n\t\t\t\t\talt=\"valpiana03-13\"\n\t\t\t\t\tsrc=\"http:\/\/www.lagottoromagnolo.org\/wp-content\/gallery\/prove03\/thumbs\/thumbs_valpiana03-13.jpg?t=1497027216\"\n\t\t\t\t\twidth=\"100\"\n\t\t\t\t\theight=\"100\"\n\t\t\t\t\tstyle=\"max-width:100%;\"\n\t\t\t\t\/>\n\t\t\t<\/a>\n\t\t<\/div>\n\t\t\t\t\t\t\t<\/div>\n\t\t\t\n\t\t\t\t<div id=\"ngg-image-13\" class=\"ngg-gallery-thumbnail-box\n\t\t\t\t\t\t\t\tngg-6-columns\t\t\t\"\n\t\t\t>\n\t\t\t\t\t\t<div class=\"ngg-gallery-thumbnail\">\n\t\t<a href=\"http:\/\/www.lagottoromagnolo.org\/wp-content\/gallery\/prove03\/valpiana03-14.jpg?t=1497027216\"\n\t\t\ttitle=\"Giovani femmine (giudice Ermanno Zavagli): 3\u00b0 ecc BRENNJ delle Farnie all. e prop. Bernabei L.\"\n\t\t\tdata-src=\"http:\/\/www.lagottoromagnolo.org\/wp-content\/gallery\/prove03\/valpiana03-14.jpg?t=1497027216\"\n\t\t\tdata-thumbnail=\"http:\/\/www.lagottoromagnolo.org\/wp-content\/gallery\/prove03\/thumbs\/thumbs_valpiana03-14.jpg?t=1497027216\"\n\t\t\tdata-image-id=\"481\"\n\t\t\tdata-image-name=\"valpiana03-14.jpg\"\n\t\t\tdata-title=\"valpiana03-14\"\n\t\t\tdata-description=\"Giovani femmine (giudice Ermanno Zavagli): 3\u00b0 ecc BRENNJ delle Farnie all. e prop. Bernabei L.\"\n\t\t\tdata-image-slug=\"valpiana03-14-1\"\n\t\t\t\t\t\t\t\t\t\t\t\t\t\t\t\t\t\t\t\tclass=\"ngg-fancybox\" rel=\"cce5b508d6b0c2345999ba4abc712e28\">\n\t\t\t\t\t\t\t\t<img\n\t\t\t\t\ttitle=\"valpiana03-14\"\n\t\t\t\t\talt=\"valpiana03-14\"\n\t\t\t\t\tsrc=\"http:\/\/www.lagottoromagnolo.org\/wp-content\/gallery\/prove03\/thumbs\/thumbs_valpiana03-14.jpg?t=1497027216\"\n\t\t\t\t\twidth=\"100\"\n\t\t\t\t\theight=\"100\"\n\t\t\t\t\tstyle=\"max-width:100%;\"\n\t\t\t\t\/>\n\t\t\t<\/a>\n\t\t<\/div>\n\t\t\t\t\t\t\t<\/div>\n\t\t\t\n\t\t\t\t<div id=\"ngg-image-14\" class=\"ngg-gallery-thumbnail-box\n\t\t\t\t\t\t\t\tngg-6-columns\t\t\t\"\n\t\t\t>\n\t\t\t\t\t\t<div class=\"ngg-gallery-thumbnail\">\n\t\t<a href=\"http:\/\/www.lagottoromagnolo.org\/wp-content\/gallery\/prove03\/valpiana03-15.jpg?t=1497027216\"\n\t\t\ttitle=\"Esordienti femmine (giudice Ermanno Zavagli): 1\u00b0 mp OFRIS delle Farnie all. e prop. Bernabei L.\"\n\t\t\tdata-src=\"http:\/\/www.lagottoromagnolo.org\/wp-content\/gallery\/prove03\/valpiana03-15.jpg?t=1497027216\"\n\t\t\tdata-thumbnail=\"http:\/\/www.lagottoromagnolo.org\/wp-content\/gallery\/prove03\/thumbs\/thumbs_valpiana03-15.jpg?t=1497027216\"\n\t\t\tdata-image-id=\"482\"\n\t\t\tdata-image-name=\"valpiana03-15.jpg\"\n\t\t\tdata-title=\"valpiana03-15\"\n\t\t\tdata-description=\"Esordienti femmine (giudice Ermanno Zavagli): 1\u00b0 mp OFRIS delle Farnie all. e prop. Bernabei L.\"\n\t\t\tdata-image-slug=\"valpiana03-15-1\"\n\t\t\t\t\t\t\t\t\t\t\t\t\t\t\t\t\t\t\t\tclass=\"ngg-fancybox\" rel=\"cce5b508d6b0c2345999ba4abc712e28\">\n\t\t\t\t\t\t\t\t<img\n\t\t\t\t\ttitle=\"valpiana03-15\"\n\t\t\t\t\talt=\"valpiana03-15\"\n\t\t\t\t\tsrc=\"http:\/\/www.lagottoromagnolo.org\/wp-content\/gallery\/prove03\/thumbs\/thumbs_valpiana03-15.jpg?t=1497027216\"\n\t\t\t\t\twidth=\"100\"\n\t\t\t\t\theight=\"100\"\n\t\t\t\t\tstyle=\"max-width:100%;\"\n\t\t\t\t\/>\n\t\t\t<\/a>\n\t\t<\/div>\n\t\t\t\t\t\t\t<\/div>\n\t\t\t\n\t\t\t\t<div id=\"ngg-image-15\" class=\"ngg-gallery-thumbnail-box\n\t\t\t\t\t\t\t\tngg-6-columns\t\t\t\"\n\t\t\t>\n\t\t\t\t\t\t<div class=\"ngg-gallery-thumbnail\">\n\t\t<a href=\"http:\/\/www.lagottoromagnolo.org\/wp-content\/gallery\/prove03\/valpiana03-16.jpg?t=1497027216\"\n\t\t\ttitle=\"Esordienti femmine (giudice Ermanno Zavagli): 2\u00b0 mp PICACHOW delle Farnie all. e prop. Bernabei L.\"\n\t\t\tdata-src=\"http:\/\/www.lagottoromagnolo.org\/wp-content\/gallery\/prove03\/valpiana03-16.jpg?t=1497027216\"\n\t\t\tdata-thumbnail=\"http:\/\/www.lagottoromagnolo.org\/wp-content\/gallery\/prove03\/thumbs\/thumbs_valpiana03-16.jpg?t=1497027216\"\n\t\t\tdata-image-id=\"483\"\n\t\t\tdata-image-name=\"valpiana03-16.jpg\"\n\t\t\tdata-title=\"valpiana03-16\"\n\t\t\tdata-description=\"Esordienti femmine (giudice Ermanno Zavagli): 2\u00b0 mp PICACHOW delle Farnie all. e prop. Bernabei L.\"\n\t\t\tdata-image-slug=\"valpiana03-16-1\"\n\t\t\t\t\t\t\t\t\t\t\t\t\t\t\t\t\t\t\t\tclass=\"ngg-fancybox\" rel=\"cce5b508d6b0c2345999ba4abc712e28\">\n\t\t\t\t\t\t\t\t<img\n\t\t\t\t\ttitle=\"valpiana03-16\"\n\t\t\t\t\talt=\"valpiana03-16\"\n\t\t\t\t\tsrc=\"http:\/\/www.lagottoromagnolo.org\/wp-content\/gallery\/prove03\/thumbs\/thumbs_valpiana03-16.jpg?t=1497027216\"\n\t\t\t\t\twidth=\"100\"\n\t\t\t\t\theight=\"100\"\n\t\t\t\t\tstyle=\"max-width:100%;\"\n\t\t\t\t\/>\n\t\t\t<\/a>\n\t\t<\/div>\n\t\t\t\t\t\t\t<\/div>\n\t\t\t\n\t\t\t\t<div id=\"ngg-image-16\" class=\"ngg-gallery-thumbnail-box\n\t\t\t\t\t\t\t\tngg-6-columns\t\t\t\"\n\t\t\t>\n\t\t\t\t\t\t<div class=\"ngg-gallery-thumbnail\">\n\t\t<a href=\"http:\/\/www.lagottoromagnolo.org\/wp-content\/gallery\/prove03\/valpiana03-17.jpg?t=1497027216\"\n\t\t\ttitle=\"Esordienti femmine (giudice Ermanno Zavagli): 3\u00b0 mp MARA all. Morara M. prop. Minten M.\"\n\t\t\tdata-src=\"http:\/\/www.lagottoromagnolo.org\/wp-content\/gallery\/prove03\/valpiana03-17.jpg?t=1497027216\"\n\t\t\tdata-thumbnail=\"http:\/\/www.lagottoromagnolo.org\/wp-content\/gallery\/prove03\/thumbs\/thumbs_valpiana03-17.jpg?t=1497027216\"\n\t\t\tdata-image-id=\"484\"\n\t\t\tdata-image-name=\"valpiana03-17.jpg\"\n\t\t\tdata-title=\"valpiana03-17\"\n\t\t\tdata-description=\"Esordienti femmine (giudice Ermanno Zavagli): 3\u00b0 mp MARA all. Morara M. prop. Minten M.\"\n\t\t\tdata-image-slug=\"valpiana03-17-1\"\n\t\t\t\t\t\t\t\t\t\t\t\t\t\t\t\t\t\t\t\tclass=\"ngg-fancybox\" rel=\"cce5b508d6b0c2345999ba4abc712e28\">\n\t\t\t\t\t\t\t\t<img\n\t\t\t\t\ttitle=\"valpiana03-17\"\n\t\t\t\t\talt=\"valpiana03-17\"\n\t\t\t\t\tsrc=\"http:\/\/www.lagottoromagnolo.org\/wp-content\/gallery\/prove03\/thumbs\/thumbs_valpiana03-17.jpg?t=1497027216\"\n\t\t\t\t\twidth=\"100\"\n\t\t\t\t\theight=\"100\"\n\t\t\t\t\tstyle=\"max-width:100%;\"\n\t\t\t\t\/>\n\t\t\t<\/a>\n\t\t<\/div>\n\t\t\t\t\t\t\t<\/div>\n\t\t\t\n\t\t\t\t<div id=\"ngg-image-17\" class=\"ngg-gallery-thumbnail-box\n\t\t\t\t\t\t\t\tngg-6-columns\t\t\t\"\n\t\t\t>\n\t\t\t\t\t\t<div class=\"ngg-gallery-thumbnail\">\n\t\t<a href=\"http:\/\/www.lagottoromagnolo.org\/wp-content\/gallery\/prove03\/valpiana03-18.jpg?t=1701416950\"\n\t\t\ttitle=\"Il Trofeo \u201cMemorial Lodovico Babini\u201d per il miglior soggetto nella prova di lavoro \u00e8 andato a RED, all. e prop. Bassi F.\"\n\t\t\tdata-src=\"http:\/\/www.lagottoromagnolo.org\/wp-content\/gallery\/prove03\/valpiana03-18.jpg?t=1701416950\"\n\t\t\tdata-thumbnail=\"http:\/\/www.lagottoromagnolo.org\/wp-content\/gallery\/prove03\/thumbs\/thumbs_valpiana03-18.jpg?t=1701416950\"\n\t\t\tdata-image-id=\"485\"\n\t\t\tdata-image-name=\"valpiana03-18.jpg\"\n\t\t\tdata-title=\"valpiana03-18\"\n\t\t\tdata-description=\"Il Trofeo \u201cMemorial Lodovico Babini\u201d per il miglior soggetto nella prova di lavoro \u00e8 andato a RED, all. e prop. Bassi F.\"\n\t\t\tdata-image-slug=\"valpiana03-18-1\"\n\t\t\t\t\t\t\t\t\t\t\t\t\t\t\t\t\t\t\t\tclass=\"ngg-fancybox\" rel=\"cce5b508d6b0c2345999ba4abc712e28\">\n\t\t\t\t\t\t\t\t<img\n\t\t\t\t\ttitle=\"valpiana03-18\"\n\t\t\t\t\talt=\"valpiana03-18\"\n\t\t\t\t\tsrc=\"http:\/\/www.lagottoromagnolo.org\/wp-content\/gallery\/prove03\/thumbs\/thumbs_valpiana03-18.jpg?t=1701416950\"\n\t\t\t\t\twidth=\"100\"\n\t\t\t\t\theight=\"100\"\n\t\t\t\t\tstyle=\"max-width:100%;\"\n\t\t\t\t\/>\n\t\t\t<\/a>\n\t\t<\/div>\n\t\t\t\t\t\t\t<\/div>\n\t\t\t\n\t\t\t\t<div id=\"ngg-image-18\" class=\"ngg-gallery-thumbnail-box\n\t\t\t\t\t\t\t\tngg-6-columns\t\t\t\"\n\t\t\t>\n\t\t\t\t\t\t<div class=\"ngg-gallery-thumbnail\">\n\t\t<a href=\"http:\/\/www.lagottoromagnolo.org\/wp-content\/gallery\/prove03\/valpiana03-19.jpg?t=1674847197\"\n\t\t\ttitle=\"BRENNJ delle Farnie all. e prop. Bernabei L, con un 1\u00b0 ecc in bellezza ed un 3\u00b0 ecc in lavoro ha conquistato il Trofeo \u201cMemorial Quintino Toschi\u201d\"\n\t\t\tdata-src=\"http:\/\/www.lagottoromagnolo.org\/wp-content\/gallery\/prove03\/valpiana03-19.jpg?t=1674847197\"\n\t\t\tdata-thumbnail=\"http:\/\/www.lagottoromagnolo.org\/wp-content\/gallery\/prove03\/thumbs\/thumbs_valpiana03-19.jpg?t=1674847197\"\n\t\t\tdata-image-id=\"486\"\n\t\t\tdata-image-name=\"valpiana03-19.jpg\"\n\t\t\tdata-title=\"valpiana03-19\"\n\t\t\tdata-description=\"BRENNJ delle Farnie all. e prop. Bernabei L, con un 1\u00b0 ecc in bellezza ed un 3\u00b0 ecc in lavoro ha conquistato il Trofeo \u201cMemorial Quintino Toschi\u201d\"\n\t\t\tdata-image-slug=\"valpiana03-19\"\n\t\t\t\t\t\t\t\t\t\t\t\t\t\t\t\t\t\t\t\tclass=\"ngg-fancybox\" rel=\"cce5b508d6b0c2345999ba4abc712e28\">\n\t\t\t\t\t\t\t\t<img\n\t\t\t\t\ttitle=\"valpiana03-19\"\n\t\t\t\t\talt=\"valpiana03-19\"\n\t\t\t\t\tsrc=\"http:\/\/www.lagottoromagnolo.org\/wp-content\/gallery\/prove03\/thumbs\/thumbs_valpiana03-19.jpg?t=1674847197\"\n\t\t\t\t\twidth=\"100\"\n\t\t\t\t\theight=\"100\"\n\t\t\t\t\tstyle=\"max-width:100%;\"\n\t\t\t\t\/>\n\t\t\t<\/a>\n\t\t<\/div>\n\t\t\t\t\t\t\t<\/div>\n\t\t\t\n\t\n\t<br style=\"clear: both\" \/>\n\n\t\n\t\t<div class=\"ngg-clear\"><\/div>\n\t<\/div>\n<\/p>\n<hr>\n<p>&nbsp;<\/p>\n<p style=\"text-align: center;\"><strong>SAVIGNO (BO)<br \/>\n<\/strong>9 novembre 2003<\/p>\n<p style=\"text-align: center;\">27 iscritti<\/p>\n<p style=\"text-align: center;\">ngg_shortcode_9_placeholder<\/p>\n<blockquote><p><em>Finalmente il Club Italiano Lagotto e\u2019 sbarcato a Savigno, nota Citt\u00e0 del Tartufo dei colli bolognesi.<\/em><\/p>\n<p><em>Infatti Domenica 9\\11\\2003 si e\u2019 svolta la prima prova di lavoro di cerca del tartufo, organizzata con il patrocinio dell\u2019amministrazione comunale e dell\u2019Associazione Tartufai Savigno Valsamoggia. Vanno innanzitutto ringraziati a riguardo, il Sindaco Roberto Tedeschi, l\u2019assessore alla cultura e sport dott. Alessandro Fiori e il pres. dell\u2019associazione Tartufai Geom. Gianluca Gentilini .<\/em><\/p>\n<p><em>La prova di lavoro si e\u2019 svolta nella tartufaia naturale di Savigno denominata \u201cLe vigne\u201d ,di propriet\u00e0 dell\u2019associazione Tartufai e ha visto la partecipazione di oltre trenta soggetti nelle varie classi di appartenenza.<\/em><\/p>\n<p><em>Il tempo e\u2019 stato abbastanza clemente , visto il diluvio del giorno prima,e ha dato la possibilit\u00e0 a tutti i concorrenti di poter sfruttare al meglio le condizioni del campo di gara.<\/em><\/p>\n<p><em>La prova si e\u2019 svolta all\u2019insegna del miglior spirito di competitivit\u00e0 e sportivit\u00e0 e non si e\u2019 visto nessun atteggiamento di lamentela e critica nei confronti dei giudici, che hanno potuto operare in piena tranquillit\u00e0 concentrandosi serenamente sulla prova di ogni singolo soggetto.<\/em><\/p>\n<p><em>Tra tutti i soggetti e\u2019 finalmente spiccato un Lagotto , in classe libera femmine, di un privato! Pallina delle Bonifiche, di Grilli Severino, che ha potuto cos\u00ec dimostrare che , a volte, non vincono sempre i soliti cani ma se un soggetto possiede spiccate caratteristiche pu\u00f2 imporsi anche su cani pi\u00f9 blasonati di propriet\u00e0 di esperti allevatori. Tanto di cappello quindi a Pallina!<\/em><\/p>\n<p><em>Al termine della prova tutti i partecipanti hanno potuto rifocillarsi presso lo stand gastronomico della Pro loco, con un ottimo menu a base di tartufo. Da sottolineare la giovialit\u00e0 e lo spirito del pranzo che ha visto tutti i soci del club riuniti in un contesto di amicizia e sana convivialit\u00e0.<\/em><\/p>\n<p><em>Al termine del pranzo e\u2019 avvenuta la premiazione nella piazza Centrale di Savigno, proprio al centro della Sagra del Tartufo,e tutti i Lagotti sono stati fatti sfilare per il paese, in trionfo con una passerella degna di un Festival.<\/em><\/p>\n<p><em>La premiazione e\u2019 stata fatta dal Sindaco e dagli Assessori del Comune di Savigno e dagli ospiti dell\u2019amministrazione comunale della citt\u00e0 di Capazzo (CE) gemellata con Savigno per la sua notissima mozzarella di bufala.<\/em><\/p>\n<p><em>Al termine della giornata un brindisi finale e\u2019 stato l\u2019ideale, con la promessa di ospitare per il prossimo anno la prova di lavoro, e perch\u00e9 no\u2026\u2026.anche il Raduno Nazionale del Club all\u2019interno della notissima sagra del 2004.<\/em><\/p>\n<p><em>Maestro Fabio Federici Delegato Regionale C.I.L e vicepresidente Associazione Tartufai Savigno Valsamoggia<\/em><\/p><\/blockquote>\n<p style=\"text-align: center;\">ngg_shortcode_10_placeholder<\/p>\n<p><strong>Veterani maschi<\/strong> (giudice Daniele Milaneschi): 1\u00b0 ecc ALEX all. Giannotti G. prop. Veronesi F.<br \/>\n<strong>Libera maschi<\/strong> (giudice Gilberto Giannotti): 1\u00b0 ecc CHARLY all. Galamini G. prop. Bassi F., 2\u00b0 ecc BILLY della Cascinetta all. e prop. Bassi F., 3\u00b0 ecc TARTUFO delle Farnie all. Bernabei L. prop. Federici F.<br \/>\n<strong>Giovani maschi<\/strong> (giudice Gilberto Giannotti): 1\u00b0 ecc BENGY all. Paolini T. prop. Bassi F., 2\u00b0 ecc DEMON della Cascinetta all. Bassi F. prop. Pandini C., 3\u00b0 ecc IORIS delle Farnie all. e prop. Bernabei L.<br \/>\n<strong>Esordienti maschi<\/strong> (giudice Paolo Alessandrini): 1\u00b0 mp YORK all. e prop. Billi F., 2\u00b0 p JUMBO delle Farnie all. e prop. Bernabei L., 3\u00b0 p Roy all. e prop. Billi F.<\/p>\n<p><strong>Libera femmine<\/strong> (giudice Daniele Milaneschi): 1\u00b0 ecc PALLINA delle Bonifiche all. Scantamburlo G. prop. Grilli S., 2\u00b0 ecc CIRIBILLA delle Farnie all. e prop. Bernabei L., 3\u00b0 ecc DIANA all. Agostini E. prop. Bassi F.<br \/>\n<strong>Giovani femmine<\/strong> (giudice Paolo Alessandrini): 1\u00b0 ecc BRENNJ delle Farnie all. e prop. Bernabei L., 2\u00b0 ecc DORA della Cascinetta all. e prop. Bassi F., 3\u00b0 mb TUARA di Casa Cleo all. Landi L. prop. Monti F.<br \/>\n<strong>Esordienti femmine<\/strong> (giudice Paolo Alessandrini): 1\u00b0 mp OFRIS delle Farnie all. e prop. Bernabei L., 2\u00b0 mp LISA all. e prop. Govi F.<\/p>\n<p style=\"text-align: center;\">ngg_shortcode_11_placeholder<\/p>\n<hr>\n<p>&nbsp;<\/p>\n<p style=\"text-align: center;\"><strong>SAN GIOVANNI D\u2019ASSO (SI)<br \/>\n<\/strong>16 novembre 2003<\/p>\n<p style=\"text-align: center;\">Prova valida solamente per il Campionato Regionale della Toscana<\/p>\n<p style=\"text-align: center;\">18 iscritti<\/p>\n<p style=\"text-align: center;\">ngg_shortcode_12_placeholder<\/p>\n<p><strong>Libera maschi<\/strong> (giudice Enrico Pirotti): 1\u00b0 ecc DREXVID delle Farnie all. e prop. Bernabei L.<br \/>\n<strong>Giovani maschi<\/strong> (giudice Enrio Pirotti): 1\u00b0 ecc ELLIOT della Cascinetta all. e prop. Bassi F., 2\u00b0 ecc EOLO del Monte della Dea all. Caira F. prop. Rondinini L.<br \/>\n<strong>Esordienti maschi<\/strong> (giudice Luciano Sanna): 1\u00b0 mp JUMBO all. Tondini G. prop. Bernabei L.<\/p>\n<p><strong>Veterani femmine<\/strong> (giudice Luciano Sanna): 1\u00b0 ecc CHIARA all. Gasperoni A. prop. Paolini T.<br \/>\n<strong>Libera femmine<\/strong> (giudice Luciano Sanna): 1\u00b0 mb RIMBA delle Farnie all. Bernabei L. prop. D\u2019Oro A., 2\u00b0 mb DIANA all. e prop. Bassi F., 3\u00b0 mb BABY all. e prop. Cortopassi G.<br \/>\n<strong>Giovani femmine<\/strong> (giudice Enrico Pirotti): 1\u00b0 ecc FRITZY delle Farnie all. e prop. Bernabei L., 2\u00b0 mb LINDA all. e prop. Paolini T.<br \/>\n<strong>Esordienti femmine<\/strong> (giudice Luciano Sanna): 1\u00b0 mp ANDRE all. e prop. Renzetti F., 2\u00b0 mp OFRIS delle Farnie all. e prop. Bernabei L.<\/p>\n<p style=\"text-align: center;\">ngg_shortcode_13_placeholder<\/p>\n<hr>\n<p>&nbsp;<\/p>\n<p style=\"text-align: center;\"><strong>VALTOPINA (PG)<br \/>\n<\/strong>30 novembre 2003<\/p>\n<p style=\"text-align: center;\">25 iscritti<\/p>\n<p><strong>Libera maschi<\/strong> (giudice Fabrizio Caira): 1\u00b0 ecc CHARLY all. Galamini G. prop. Bassi F.. 2\u00b0 ecc DUCK della Cascinetta all. Bassi F. prop. Rocchesini A., 3\u00b0 ecc DREXVID delle Farnie all. e prop. Bernabei L.<br \/>\n<strong>Giovani maschi<\/strong> (giudice Paolo Alessandrini): 1\u00b0 ecc ELLIOT della Cascinetta all. e prop. Bassi F., 2\u00b0 ecc DEMON della Cascinetta all. Bassi F. prop. Pandini C., 3\u00b0 ecc BENGY all. Paolini T. prop. Bassi F.<br \/>\n<strong>Esordienti maschi<\/strong> (giudice Fabrizio Caira): 1\u00b0 p JUMBO all. Tondini G. prop. Bernabei L.<\/p>\n<p><strong>Libera femmine<\/strong> (giudice Luciano Sanna): 1\u00b0 ecc RIMBA delle Farnie all. Bernabei L. prop. D\u2019Oro A:, 2\u00b0 ecc CIRIBILLA delle Farnie all. e prop. Bernabei L., 3\u00b0 ecc FLOSSY delle Farnie all. e prop. Bernabei L.<br \/>\n<strong>Giovani femmine<\/strong> (giudice Luciano Sanna): 1\u00b0 ecc DORA della Cascinetta all. e prop. Bassi F., 2\u00b0 ecc BRENNJ delle Farnie all. e prop. Bernabei L., 3\u00b0 b GEMMA del Monte della Dea all. Caira F. prop. Fagiani L.<br \/>\n<strong>Esordienti femmine<\/strong> (giudice Fabrizio Caira): 1\u00b0 mp HELEN del Monte della Dea all. Caira F. prop. Passeri C., 2\u00b0 p OFRIS delle Farnie all. e prop. Bernabei L., 3\u00b0 p TILKA delle Farnie all. e prop. Bernabei L.<\/p>\n<p><a href=\"http:\/\/www.lagottoromagnolo.org\/?page_id=163\">&gt;Indietro<\/a><\/p>\n","protected":false},"excerpt":{"rendered":"<p>&gt;Indietro &gt;Campinato Sociale di Lavoro 2003 RAVENNA (RA) 2 febbraio 2003 36 iscritti Libera maschi (giudice Pietro Monis): 1\u00b0 ecc CHARLY all. Galamini G. prop. Bassi F., 2\u00b0 ecc ULIS delle Bonifiche all. Scantamburlo G. prop. Magnani L., 3\u00b0 ecc <span class=\"excerpt-dots\">&hellip;<\/span> <a class=\"more-link\" href=\"http:\/\/www.lagottoromagnolo.org\/?p=434\"><span class=\"more-msg\">Continua a leggere &rarr;<\/span><\/a><\/p>\n","protected":false},"author":2,"featured_media":0,"comment_status":"closed","ping_status":"closed","sticky":false,"template":"","format":"standard","meta":{"ngg_post_thumbnail":0,"footnotes":""},"categories":[8],"tags":[13,9,4,18],"class_list":["post-434","post","type-post","status-publish","format-standard","hentry","category-lavoro","tag-13","tag-campionato","tag-lavoro","tag-prova"],"_links":{"self":[{"href":"http:\/\/www.lagottoromagnolo.org\/index.php?rest_route=\/wp\/v2\/posts\/434","targetHints":{"allow":["GET"]}}],"collection":[{"href":"http:\/\/www.lagottoromagnolo.org\/index.php?rest_route=\/wp\/v2\/posts"}],"about":[{"href":"http:\/\/www.lagottoromagnolo.org\/index.php?rest_route=\/wp\/v2\/types\/post"}],"author":[{"embeddable":true,"href":"http:\/\/www.lagottoromagnolo.org\/index.php?rest_route=\/wp\/v2\/users\/2"}],"replies":[{"embeddable":true,"href":"http:\/\/www.lagottoromagnolo.org\/index.php?rest_route=%2Fwp%2Fv2%2Fcomments&post=434"}],"version-history":[{"count":14,"href":"http:\/\/www.lagottoromagnolo.org\/index.php?rest_route=\/wp\/v2\/posts\/434\/revisions"}],"predecessor-version":[{"id":16652,"href":"http:\/\/www.lagottoromagnolo.org\/index.php?rest_route=\/wp\/v2\/posts\/434\/revisions\/16652"}],"wp:attachment":[{"href":"http:\/\/www.lagottoromagnolo.org\/index.php?rest_route=%2Fwp%2Fv2%2Fmedia&parent=434"}],"wp:term":[{"taxonomy":"category","embeddable":true,"href":"http:\/\/www.lagottoromagnolo.org\/index.php?rest_route=%2Fwp%2Fv2%2Fcategories&post=434"},{"taxonomy":"post_tag","embeddable":true,"href":"http:\/\/www.lagottoromagnolo.org\/index.php?rest_route=%2Fwp%2Fv2%2Ftags&post=434"}],"curies":[{"name":"wp","href":"https:\/\/api.w.org\/{rel}","templated":true}]}}