{"id":972,"date":"2003-12-29T21:44:05","date_gmt":"2003-12-29T20:44:05","guid":{"rendered":"http:\/\/www.lagottoromagnolo.org\/?p=972"},"modified":"2017-06-09T18:50:31","modified_gmt":"2017-06-09T16:50:31","slug":"expo-2003","status":"publish","type":"post","link":"http:\/\/www.lagottoromagnolo.org\/?p=972","title":{"rendered":"Expo 2003"},"content":{"rendered":"<p><a href=\"http:\/\/www.lagottoromagnolo.org\/?page_id=161\">&gt;Indietro<\/a><\/p>\n<hr \/>\n<p style=\"text-align: left;\"><a id=\"milano\"><\/a><span style=\"font-size: 6pt;\">.<\/span><\/p>\n<p style=\"text-align: center;\"><strong>ESPOSIZIONE INTERNAZIONALE \u2013 MOSTRA SPECIALE<\/strong><\/p>\n<p style=\"text-align: center;\"><strong>MILANO<\/strong><br \/>\n26 gennaio 2003<\/p>\n<p style=\"text-align: center;\">Giudice: <strong>Francesco Balducci<\/strong>, 16 iscritti<\/p>\n<p><strong>Campioni maschi<\/strong>: 1\u00b0 ecc FRIZ all. Castellini S. prop. Landi L.<br \/>\n<strong>Libera maschi<\/strong>: 1\u00b0 ecc cac bob TIM delle Farnie all. e prop. Bernabei L., 2\u00b0 ecc FALCO di Casa Cleo all. Landi L. prop. Mangolini L., 3\u00b0 ecc PLUTONE all. Biagioli P. prop. Zaffini M.<\/p>\n<p><strong>Campioni femmine<\/strong>: 1\u00b0 ecc PUPA di Casa Cleo all. e prop Landi L.<br \/>\n<strong>Libera femmine<\/strong>: 1\u00b0 ecc cac ANNY di Casa Cleo all. e prop. Landi L., 2\u00b0 ecc COINCIDENZA delle Farnie all. e prop. Bernabei L., 3\u00b0 ecc POMPEA all. Ciacci L. prop. Caira F.<br \/>\n<strong>Giovani femmine<\/strong>: 1\u00b0 ecc bos NANCY del Ginestreto all. Zavagli E. prop. Berni E.<\/p>\n<hr \/>\n<p style=\"text-align: left;\"><a id=\"volta\"><\/a><span style=\"font-size: 6pt;\">.<\/span><\/p>\n<p style=\"text-align: center;\"><strong>RADUNO NAZIONALE C.I.L.<\/strong><\/p>\n<p style=\"text-align: center;\"><strong>VOLTA MANTOVANA<\/strong><br \/>\n29 marzo 2003<\/p>\n<p style=\"text-align: center;\">Giudice <strong>Gilbeto Grandi<\/strong>, 23\u00a0iscritti<\/p>\n<p style=\"text-align: center;\">ngg_shortcode_0_placeholder<\/p>\n<p style=\"text-align: center;\">I due migliori soggetti del Raduno: bob<strong> IORIS delle Farnie<\/strong> all. e prop. Bernabei L. e bos <strong>NANCY del Ginestreto<\/strong> all. Zavagli E. prop. Berni E.<\/p>\n<blockquote><p>E\u2019 stato come sempre molto piacevole giudicare il Raduno del CIL -questa volta il Raduno di Primavera e non quello d\u2019Autunno come \u00e8 mio solito- che si \u00e8 tenuto a Volta Mantovana in concomitanza con l\u2019esposizione di club del Bracco Italiano.<\/p>\n<p>Il Lagotto ed il Bracco, due nostre bellissime razze che oltre ad avere in comune una storia secolare alle spalle ed i colori di base del mantello, stanno ora dividendosi innumerevoli vittorie sui ring d\u2019onore di tutto il mondo. Non si pu\u00f2 che esserne fieri!<\/p>\n<p>Il numero dei soggetti iscritti e presenti era nella media per questo tipo di manifestazione \u2013e come sempre spero che si riesca a fare meglio su questo fronte- mentre la qualit\u00e0 era decisamente superiore alla media.<\/p>\n<p>Tengo a fare una considerazione di carattere generale che ritengo importante e naturalmente basata sui soggetti presenti quel giorno: ho trovato un netto miglioramento nel rapporto terra\/gomito \u2013 gomito\/garrese, con un ritorno alle proporzioni (56%-44% dell\u2019altezza al garrese) volute dallo standard. Mi auguro che questo rispecchi la realt\u00e0 globale della razza.<\/p>\n<p>E\u2019 stato molto interessante giudicare il BOB, fra due giovani soggetti di cui sentiremo ancora parlare. Si \u00e8 imposto il maschio, meno appariscente ma gi\u00e0 pi\u00f9 solido, sulla giovanissima femmina di alta qualit\u00e0 che necessita di qualche tempo (e forse di un po\u2019 pi\u00f9 di moto) per acquistare in tono muscolare e solidit\u00e0.<\/p>\n<p>Gilberto Grandi<\/p><\/blockquote>\n<p><strong>Libera maschi:<\/strong> 1\u00b0 ecc cac bob IORIS delle Farnie all. e prop. Bernabei L., 2\u00b0 ecc ris.cac FALCO di casa Cleo all. Landi L. prop. mangolini L., 3\u00b0 ecc BOB all. Raspadori L. prop. Bernabei L., 4\u00b0 ecc TARTUFO delle Farnie all. Bernabei L. prop. Federici F.<br \/>\n<strong>Giovani maschi<\/strong>: 1\u00b0 ecc ELLIOT della Cascinetta all. e prop. Bassi F.<\/p>\n<p><strong>Libera femmine:<\/strong>1\u00b0 ecc cac BORA della Cascinetta all. e prop. Bassi F., 2\u00b0 ecc ris.cac KABIRIA delle Farnie all. e prop. Bernabei L., 3\u00b0 ecc LARA del Ginestreto all. Zavagli E. prop. Duparc P., 4\u00b0 ecc CIRIBILLA delle Farnie all. e prop. Bernabei L.<br \/>\n<strong>Giovani femmine:<\/strong> 1\u00b0 ecc bos NANCY del Ginestreto all. Zavagli E. prop. Berni E., 2\u00b0 ecc BRENNJ delle Farnie all. e prop. Bernabei L., 3\u00b0 ecc TERRA du Reve des Combels all. Messal P. prop. Brun L., 4\u00b0 mb DORA della Cascinetta all. e prop. Bassi F.<br \/>\n<strong>Juniores femmine:<\/strong> 1\u00b0 p MISSDORA all. e prop. Federici F.<br \/>\n<strong>Cuccioli femmine:<\/strong> 1\u00b0 mp PENELOPE all. Bartolini A. prop. Federici F.<\/p>\n<p><!-- default-view.php -->\n<div\n\tclass=\"ngg-galleryoverview default-view\n\t\t\"\n\tid=\"ngg-gallery-0ab80e8d19f10d43fe056a8ba040516c-1\"\n\tdata-nextgen-gallery-id=\"136\"\n\tdata-gallery-id=\"136\"\n\t\tdata-gallery-name=\"expo03\"\n\t>\n\n\t\t<!-- Thumbnails -->\n\t\t\t\t<div id=\"ngg-image-0\" class=\"ngg-gallery-thumbnail-box\n\t\t\t\t\t\t\t\tngg-6-columns\t\t\t\"\n\t\t\t>\n\t\t\t\t\t\t<div class=\"ngg-gallery-thumbnail\">\n\t\t<a href=\"http:\/\/www.lagottoromagnolo.org\/wp-content\/gallery\/expo03\/vm03-01.jpg?t=1497027079\"\n\t\t\ttitle=\"Libera maschi: 1\u00b0 ecc cac bob IORIS delle Farnie all. e prop. Bernabei L., 2\u00b0 ecc ris.cac FALCO di casa Cleo all. Landi L. prop. mangolini L., 3\u00b0 ecc BOB all. Raspadori L. prop. Bernabei L., 4\u00b0 ecc TARTUFO delle Farnie all. Bernabei L. prop. Federici F.\"\n\t\t\tdata-src=\"http:\/\/www.lagottoromagnolo.org\/wp-content\/gallery\/expo03\/vm03-01.jpg?t=1497027079\"\n\t\t\tdata-thumbnail=\"http:\/\/www.lagottoromagnolo.org\/wp-content\/gallery\/expo03\/thumbs\/thumbs_vm03-01.jpg?t=1497027079\"\n\t\t\tdata-image-id=\"501\"\n\t\t\tdata-image-name=\"vm03-01.jpg\"\n\t\t\tdata-title=\"vm03-01\"\n\t\t\tdata-description=\"Libera maschi: 1\u00b0 ecc cac bob IORIS delle Farnie all. e prop. Bernabei L., 2\u00b0 ecc ris.cac FALCO di casa Cleo all. Landi L. prop. mangolini L., 3\u00b0 ecc BOB all. Raspadori L. prop. Bernabei L., 4\u00b0 ecc TARTUFO delle Farnie all. Bernabei L. prop. Federici F.\"\n\t\t\tdata-image-slug=\"vm03-01-1\"\n\t\t\t\t\t\t\t\t\t\t\t\t\t\t\t\t\t\t\t\tclass=\"ngg-fancybox\" rel=\"0ab80e8d19f10d43fe056a8ba040516c\">\n\t\t\t\t\t\t\t\t<img\n\t\t\t\t\ttitle=\"vm03-01\"\n\t\t\t\t\talt=\"vm03-01\"\n\t\t\t\t\tsrc=\"http:\/\/www.lagottoromagnolo.org\/wp-content\/gallery\/expo03\/thumbs\/thumbs_vm03-01.jpg?t=1497027079\"\n\t\t\t\t\twidth=\"100\"\n\t\t\t\t\theight=\"75\"\n\t\t\t\t\tstyle=\"max-width:100%;\"\n\t\t\t\t\/>\n\t\t\t<\/a>\n\t\t<\/div>\n\t\t\t\t\t\t\t<\/div>\n\t\t\t\n\t\t\t\t<div id=\"ngg-image-1\" class=\"ngg-gallery-thumbnail-box\n\t\t\t\t\t\t\t\tngg-6-columns\t\t\t\"\n\t\t\t>\n\t\t\t\t\t\t<div class=\"ngg-gallery-thumbnail\">\n\t\t<a href=\"http:\/\/www.lagottoromagnolo.org\/wp-content\/gallery\/expo03\/vm03-02.jpg?t=1497026002\"\n\t\t\ttitle=\"Giovani maschi: 1\u00b0 ecc ELLIOT della Cascinetta all. e prop. Bassi F.\"\n\t\t\tdata-src=\"http:\/\/www.lagottoromagnolo.org\/wp-content\/gallery\/expo03\/vm03-02.jpg?t=1497026002\"\n\t\t\tdata-thumbnail=\"http:\/\/www.lagottoromagnolo.org\/wp-content\/gallery\/expo03\/thumbs\/thumbs_vm03-02.jpg?t=1497026002\"\n\t\t\tdata-image-id=\"502\"\n\t\t\tdata-image-name=\"vm03-02.jpg\"\n\t\t\tdata-title=\"vm03-02\"\n\t\t\tdata-description=\"Giovani maschi: 1\u00b0 ecc ELLIOT della Cascinetta all. e prop. Bassi F.\"\n\t\t\tdata-image-slug=\"vm03-02-1\"\n\t\t\t\t\t\t\t\t\t\t\t\t\t\t\t\t\t\t\t\tclass=\"ngg-fancybox\" rel=\"0ab80e8d19f10d43fe056a8ba040516c\">\n\t\t\t\t\t\t\t\t<img\n\t\t\t\t\ttitle=\"vm03-02\"\n\t\t\t\t\talt=\"vm03-02\"\n\t\t\t\t\tsrc=\"http:\/\/www.lagottoromagnolo.org\/wp-content\/gallery\/expo03\/thumbs\/thumbs_vm03-02.jpg?t=1497026002\"\n\t\t\t\t\twidth=\"100\"\n\t\t\t\t\theight=\"75\"\n\t\t\t\t\tstyle=\"max-width:100%;\"\n\t\t\t\t\/>\n\t\t\t<\/a>\n\t\t<\/div>\n\t\t\t\t\t\t\t<\/div>\n\t\t\t\n\t\t\t\t<div id=\"ngg-image-2\" class=\"ngg-gallery-thumbnail-box\n\t\t\t\t\t\t\t\tngg-6-columns\t\t\t\"\n\t\t\t>\n\t\t\t\t\t\t<div class=\"ngg-gallery-thumbnail\">\n\t\t<a href=\"http:\/\/www.lagottoromagnolo.org\/wp-content\/gallery\/expo03\/vm03-03.jpg?t=1497026002\"\n\t\t\ttitle=\"Libera femmine:1\u00b0 ecc cac BORA della Cascinetta all. e prop. Bassi F., 2\u00b0 ecc ris.cac KABIRIA delle Farnie all. e prop. Bernabei L., 3\u00b0 ecc LARA del Ginestreto all. Zavagli E. prop. Duparc P., 4\u00b0 ecc CIRIBILLA delle Farnie all. e prop. Bernabei L.\"\n\t\t\tdata-src=\"http:\/\/www.lagottoromagnolo.org\/wp-content\/gallery\/expo03\/vm03-03.jpg?t=1497026002\"\n\t\t\tdata-thumbnail=\"http:\/\/www.lagottoromagnolo.org\/wp-content\/gallery\/expo03\/thumbs\/thumbs_vm03-03.jpg?t=1497026002\"\n\t\t\tdata-image-id=\"503\"\n\t\t\tdata-image-name=\"vm03-03.jpg\"\n\t\t\tdata-title=\"vm03-03\"\n\t\t\tdata-description=\"Libera femmine:1\u00b0 ecc cac BORA della Cascinetta all. e prop. Bassi F., 2\u00b0 ecc ris.cac KABIRIA delle Farnie all. e prop. Bernabei L., 3\u00b0 ecc LARA del Ginestreto all. Zavagli E. prop. Duparc P., 4\u00b0 ecc CIRIBILLA delle Farnie all. e prop. Bernabei L.\"\n\t\t\tdata-image-slug=\"vm03-03-1\"\n\t\t\t\t\t\t\t\t\t\t\t\t\t\t\t\t\t\t\t\tclass=\"ngg-fancybox\" rel=\"0ab80e8d19f10d43fe056a8ba040516c\">\n\t\t\t\t\t\t\t\t<img\n\t\t\t\t\ttitle=\"vm03-03\"\n\t\t\t\t\talt=\"vm03-03\"\n\t\t\t\t\tsrc=\"http:\/\/www.lagottoromagnolo.org\/wp-content\/gallery\/expo03\/thumbs\/thumbs_vm03-03.jpg?t=1497026002\"\n\t\t\t\t\twidth=\"100\"\n\t\t\t\t\theight=\"75\"\n\t\t\t\t\tstyle=\"max-width:100%;\"\n\t\t\t\t\/>\n\t\t\t<\/a>\n\t\t<\/div>\n\t\t\t\t\t\t\t<\/div>\n\t\t\t\n\t\t\t\t<div id=\"ngg-image-3\" class=\"ngg-gallery-thumbnail-box\n\t\t\t\t\t\t\t\tngg-6-columns\t\t\t\"\n\t\t\t>\n\t\t\t\t\t\t<div class=\"ngg-gallery-thumbnail\">\n\t\t<a href=\"http:\/\/www.lagottoromagnolo.org\/wp-content\/gallery\/expo03\/vm03-04.jpg?t=1497026002\"\n\t\t\ttitle=\"Giovani femmine: 1\u00b0 ecc bos NANCY del Ginestreto all. Zavagli E. prop. Berni E., 2\u00b0 ecc BRENNJ delle Farnie all. e prop. Bernabei L., 3\u00b0 ecc TERRA du Reve des Combels all. Messal P. prop. Brun L., 4\u00b0 mb DORA della Cascinetta all. e prop. Bassi F.\"\n\t\t\tdata-src=\"http:\/\/www.lagottoromagnolo.org\/wp-content\/gallery\/expo03\/vm03-04.jpg?t=1497026002\"\n\t\t\tdata-thumbnail=\"http:\/\/www.lagottoromagnolo.org\/wp-content\/gallery\/expo03\/thumbs\/thumbs_vm03-04.jpg?t=1497026002\"\n\t\t\tdata-image-id=\"504\"\n\t\t\tdata-image-name=\"vm03-04.jpg\"\n\t\t\tdata-title=\"vm03-04\"\n\t\t\tdata-description=\"Giovani femmine: 1\u00b0 ecc bos NANCY del Ginestreto all. Zavagli E. prop. Berni E., 2\u00b0 ecc BRENNJ delle Farnie all. e prop. Bernabei L., 3\u00b0 ecc TERRA du Reve des Combels all. Messal P. prop. Brun L., 4\u00b0 mb DORA della Cascinetta all. e prop. Bassi F.\"\n\t\t\tdata-image-slug=\"vm03-04-1\"\n\t\t\t\t\t\t\t\t\t\t\t\t\t\t\t\t\t\t\t\tclass=\"ngg-fancybox\" rel=\"0ab80e8d19f10d43fe056a8ba040516c\">\n\t\t\t\t\t\t\t\t<img\n\t\t\t\t\ttitle=\"vm03-04\"\n\t\t\t\t\talt=\"vm03-04\"\n\t\t\t\t\tsrc=\"http:\/\/www.lagottoromagnolo.org\/wp-content\/gallery\/expo03\/thumbs\/thumbs_vm03-04.jpg?t=1497026002\"\n\t\t\t\t\twidth=\"100\"\n\t\t\t\t\theight=\"75\"\n\t\t\t\t\tstyle=\"max-width:100%;\"\n\t\t\t\t\/>\n\t\t\t<\/a>\n\t\t<\/div>\n\t\t\t\t\t\t\t<\/div>\n\t\t\t\n\t\t\t\t<div id=\"ngg-image-4\" class=\"ngg-gallery-thumbnail-box\n\t\t\t\t\t\t\t\tngg-6-columns\t\t\t\"\n\t\t\t>\n\t\t\t\t\t\t<div class=\"ngg-gallery-thumbnail\">\n\t\t<a href=\"http:\/\/www.lagottoromagnolo.org\/wp-content\/gallery\/expo03\/vm03-05.jpg?t=1497026002\"\n\t\t\ttitle=\"Cuccioli femmine: 1\u00b0 mp PENELOPE all. Bartolini A. prop. Federici F.\"\n\t\t\tdata-src=\"http:\/\/www.lagottoromagnolo.org\/wp-content\/gallery\/expo03\/vm03-05.jpg?t=1497026002\"\n\t\t\tdata-thumbnail=\"http:\/\/www.lagottoromagnolo.org\/wp-content\/gallery\/expo03\/thumbs\/thumbs_vm03-05.jpg?t=1497026002\"\n\t\t\tdata-image-id=\"505\"\n\t\t\tdata-image-name=\"vm03-05.jpg\"\n\t\t\tdata-title=\"vm03-05\"\n\t\t\tdata-description=\"Cuccioli femmine: 1\u00b0 mp PENELOPE all. Bartolini A. prop. Federici F.\"\n\t\t\tdata-image-slug=\"vm03-05-1\"\n\t\t\t\t\t\t\t\t\t\t\t\t\t\t\t\t\t\t\t\tclass=\"ngg-fancybox\" rel=\"0ab80e8d19f10d43fe056a8ba040516c\">\n\t\t\t\t\t\t\t\t<img\n\t\t\t\t\ttitle=\"vm03-05\"\n\t\t\t\t\talt=\"vm03-05\"\n\t\t\t\t\tsrc=\"http:\/\/www.lagottoromagnolo.org\/wp-content\/gallery\/expo03\/thumbs\/thumbs_vm03-05.jpg?t=1497026002\"\n\t\t\t\t\twidth=\"100\"\n\t\t\t\t\theight=\"75\"\n\t\t\t\t\tstyle=\"max-width:100%;\"\n\t\t\t\t\/>\n\t\t\t<\/a>\n\t\t<\/div>\n\t\t\t\t\t\t\t<\/div>\n\t\t\t\n\t\t\t\t<div id=\"ngg-image-5\" class=\"ngg-gallery-thumbnail-box\n\t\t\t\t\t\t\t\tngg-6-columns\t\t\t\"\n\t\t\t>\n\t\t\t\t\t\t<div class=\"ngg-gallery-thumbnail\">\n\t\t<a href=\"http:\/\/www.lagottoromagnolo.org\/wp-content\/gallery\/expo03\/vm03-06.jpg?t=1497026002\"\n\t\t\ttitle=\"Coppie\"\n\t\t\tdata-src=\"http:\/\/www.lagottoromagnolo.org\/wp-content\/gallery\/expo03\/vm03-06.jpg?t=1497026002\"\n\t\t\tdata-thumbnail=\"http:\/\/www.lagottoromagnolo.org\/wp-content\/gallery\/expo03\/thumbs\/thumbs_vm03-06.jpg?t=1497026002\"\n\t\t\tdata-image-id=\"506\"\n\t\t\tdata-image-name=\"vm03-06.jpg\"\n\t\t\tdata-title=\"vm03-06\"\n\t\t\tdata-description=\"Coppie\"\n\t\t\tdata-image-slug=\"vm03-06-1\"\n\t\t\t\t\t\t\t\t\t\t\t\t\t\t\t\t\t\t\t\tclass=\"ngg-fancybox\" rel=\"0ab80e8d19f10d43fe056a8ba040516c\">\n\t\t\t\t\t\t\t\t<img\n\t\t\t\t\ttitle=\"vm03-06\"\n\t\t\t\t\talt=\"vm03-06\"\n\t\t\t\t\tsrc=\"http:\/\/www.lagottoromagnolo.org\/wp-content\/gallery\/expo03\/thumbs\/thumbs_vm03-06.jpg?t=1497026002\"\n\t\t\t\t\twidth=\"100\"\n\t\t\t\t\theight=\"75\"\n\t\t\t\t\tstyle=\"max-width:100%;\"\n\t\t\t\t\/>\n\t\t\t<\/a>\n\t\t<\/div>\n\t\t\t\t\t\t\t<\/div>\n\t\t\t\n\t\t\t\t<div id=\"ngg-image-6\" class=\"ngg-gallery-thumbnail-box\n\t\t\t\t\t\t\t\tngg-6-columns\t\t\t\"\n\t\t\t>\n\t\t\t\t\t\t<div class=\"ngg-gallery-thumbnail\">\n\t\t<a href=\"http:\/\/www.lagottoromagnolo.org\/wp-content\/gallery\/expo03\/vm03-07.jpg?t=1497026002\"\n\t\t\ttitle=\"Gruppo\"\n\t\t\tdata-src=\"http:\/\/www.lagottoromagnolo.org\/wp-content\/gallery\/expo03\/vm03-07.jpg?t=1497026002\"\n\t\t\tdata-thumbnail=\"http:\/\/www.lagottoromagnolo.org\/wp-content\/gallery\/expo03\/thumbs\/thumbs_vm03-07.jpg?t=1497026002\"\n\t\t\tdata-image-id=\"507\"\n\t\t\tdata-image-name=\"vm03-07.jpg\"\n\t\t\tdata-title=\"vm03-07\"\n\t\t\tdata-description=\"Gruppo\"\n\t\t\tdata-image-slug=\"vm03-07-1\"\n\t\t\t\t\t\t\t\t\t\t\t\t\t\t\t\t\t\t\t\tclass=\"ngg-fancybox\" rel=\"0ab80e8d19f10d43fe056a8ba040516c\">\n\t\t\t\t\t\t\t\t<img\n\t\t\t\t\ttitle=\"vm03-07\"\n\t\t\t\t\talt=\"vm03-07\"\n\t\t\t\t\tsrc=\"http:\/\/www.lagottoromagnolo.org\/wp-content\/gallery\/expo03\/thumbs\/thumbs_vm03-07.jpg?t=1497026002\"\n\t\t\t\t\twidth=\"100\"\n\t\t\t\t\theight=\"75\"\n\t\t\t\t\tstyle=\"max-width:100%;\"\n\t\t\t\t\/>\n\t\t\t<\/a>\n\t\t<\/div>\n\t\t\t\t\t\t\t<\/div>\n\t\t\t\n\t\t\t\t<div id=\"ngg-image-7\" class=\"ngg-gallery-thumbnail-box\n\t\t\t\t\t\t\t\tngg-6-columns\t\t\t\"\n\t\t\t>\n\t\t\t\t\t\t<div class=\"ngg-gallery-thumbnail\">\n\t\t<a href=\"http:\/\/www.lagottoromagnolo.org\/wp-content\/gallery\/expo03\/vm03-08.jpg?t=1497026002\"\n\t\t\ttitle=\"Gruppo\"\n\t\t\tdata-src=\"http:\/\/www.lagottoromagnolo.org\/wp-content\/gallery\/expo03\/vm03-08.jpg?t=1497026002\"\n\t\t\tdata-thumbnail=\"http:\/\/www.lagottoromagnolo.org\/wp-content\/gallery\/expo03\/thumbs\/thumbs_vm03-08.jpg?t=1497026002\"\n\t\t\tdata-image-id=\"508\"\n\t\t\tdata-image-name=\"vm03-08.jpg\"\n\t\t\tdata-title=\"vm03-08\"\n\t\t\tdata-description=\"Gruppo\"\n\t\t\tdata-image-slug=\"vm03-08-1\"\n\t\t\t\t\t\t\t\t\t\t\t\t\t\t\t\t\t\t\t\tclass=\"ngg-fancybox\" rel=\"0ab80e8d19f10d43fe056a8ba040516c\">\n\t\t\t\t\t\t\t\t<img\n\t\t\t\t\ttitle=\"vm03-08\"\n\t\t\t\t\talt=\"vm03-08\"\n\t\t\t\t\tsrc=\"http:\/\/www.lagottoromagnolo.org\/wp-content\/gallery\/expo03\/thumbs\/thumbs_vm03-08.jpg?t=1497026002\"\n\t\t\t\t\twidth=\"100\"\n\t\t\t\t\theight=\"75\"\n\t\t\t\t\tstyle=\"max-width:100%;\"\n\t\t\t\t\/>\n\t\t\t<\/a>\n\t\t<\/div>\n\t\t\t\t\t\t\t<\/div>\n\t\t\t\n\t\t\t\t<div id=\"ngg-image-8\" class=\"ngg-gallery-thumbnail-box\n\t\t\t\t\t\t\t\tngg-6-columns\t\t\t\"\n\t\t\t>\n\t\t\t\t\t\t<div class=\"ngg-gallery-thumbnail\">\n\t\t<a href=\"http:\/\/www.lagottoromagnolo.org\/wp-content\/gallery\/expo03\/vm03-09.jpg?t=1553033891\"\n\t\t\ttitle=\"I due migliori soggetti del Raduno: bob IORIS delle Farnie all. e prop. Bernabei L. e bos NANCY del Ginestreto all. Zavagli E. prop. Berni E.\"\n\t\t\tdata-src=\"http:\/\/www.lagottoromagnolo.org\/wp-content\/gallery\/expo03\/vm03-09.jpg?t=1553033891\"\n\t\t\tdata-thumbnail=\"http:\/\/www.lagottoromagnolo.org\/wp-content\/gallery\/expo03\/thumbs\/thumbs_vm03-09.jpg?t=1553033891\"\n\t\t\tdata-image-id=\"509\"\n\t\t\tdata-image-name=\"vm03-09.jpg\"\n\t\t\tdata-title=\"vm03-09\"\n\t\t\tdata-description=\"I due migliori soggetti del Raduno: bob IORIS delle Farnie all. e prop. Bernabei L. e bos NANCY del Ginestreto all. Zavagli E. prop. Berni E.\"\n\t\t\tdata-image-slug=\"vm03-09-1\"\n\t\t\t\t\t\t\t\t\t\t\t\t\t\t\t\t\t\t\t\tclass=\"ngg-fancybox\" rel=\"0ab80e8d19f10d43fe056a8ba040516c\">\n\t\t\t\t\t\t\t\t<img\n\t\t\t\t\ttitle=\"vm03-09\"\n\t\t\t\t\talt=\"vm03-09\"\n\t\t\t\t\tsrc=\"http:\/\/www.lagottoromagnolo.org\/wp-content\/gallery\/expo03\/thumbs\/thumbs_vm03-09.jpg?t=1553033891\"\n\t\t\t\t\twidth=\"100\"\n\t\t\t\t\theight=\"75\"\n\t\t\t\t\tstyle=\"max-width:100%;\"\n\t\t\t\t\/>\n\t\t\t<\/a>\n\t\t<\/div>\n\t\t\t\t\t\t\t<\/div>\n\t\t\t\n\t\n\t<br style=\"clear: both\" \/>\n\n\t\n\t\t<div class=\"ngg-clear\"><\/div>\n\t<\/div>\n<\/p>\n<p style=\"text-align: center;\">La Combinata<\/p>\n<p style=\"text-align: center;\">ngg_shortcode_1_placeholder<\/p>\n<p style=\"text-align: center;\">Vincitrice <strong>BORA della Cascinetta<\/strong> all. e prop. Bassi F.<\/p>\n<blockquote>\n<p style=\"text-align: left;\">Nelle due giornate di Volta Mantovana 10 lagotti hanno partecipato sia al raduno di bellezza che alla prova di lavoro, di questi 6 hanno ottenuto la qualifica di eccellente in entrambe le prove, entrando nella classifica per la combinata:<\/p>\n<\/blockquote>\n<p>1\u00b0 <strong>BORA della Cascinetta<\/strong> all. e prop. Bassi F. p. 27<br \/>\n2\u00b0 IORIS delle Farnie all. e prop. Bernabei L. p. 25<br \/>\n2\u00b0 BRENNY delle Farnie all. e prop. Bernabei p. 25<br \/>\n4\u00b0 CHARLY all. Galamini G. prop. Bassi F. p. 17<br \/>\n5\u00b0 CIRIBILLA delle Farnie all. e prop. Bernabei p. 15<br \/>\n5\u00b0 LARA del Ginestreto all. Zavagli E. prop. Duparc P. p. 15<\/p>\n<hr \/>\n<p style=\"text-align: left;\"><a id=\"dortmund\"><\/a><span style=\"font-size: 6pt;\">.<\/span><\/p>\n<p style=\"text-align: center;\"><strong>ESPOSIZIONE\u00a0MONDIALE FCI 2003<\/strong><\/p>\n<p style=\"text-align: center;\"><strong>DORTMUND (Germania)<\/strong><br \/>\n30 maggio 2003<\/p>\n<p style=\"text-align: center;\">ngg_shortcode_2_placeholder<\/p>\n<p style=\"text-align: center;\">Campionessa Mondiale 2003, bob &#8211;\u00a0<strong>DOMITILLA delle Farnie<\/strong> all. e prop. Bernabei L.<\/p>\n<p style=\"text-align: center;\">ngg_shortcode_3_placeholder<\/p>\n<p style=\"text-align: center;\">Campione Mondiale 2003, bos &#8211;\u00a0<strong>DEX\u00a0delle Farnie<\/strong> all. e prop. Bernabei L.<\/p>\n<blockquote><p><strong>DORTMUND 2003, LA MONDIALE DEI RECORD<\/strong><\/p>\n<p>di Giovanni Morsiani<\/p>\n<p align=\"justify\">Essere presenti come giudici alla pi\u00f9 grande esposizione canina mondiale di tutti i tempi (praticamente 20 000 cani) costituisce senza dubbio non solo un onore ma un vero punto d\u2019arrivo nella carriera di qualsiasi giudice cinofilo. In questo contesto straordinario ho avuto l\u2019opportunit\u00e0 di giudicare le due razze di cui sono specialista: il Cane di San Bernardo ed il Lagotto Romagnolo.<\/p>\n<p align=\"justify\">L\u2019impatto con l\u2019esposizione, per chi come me \u00e8 abituato a giudicare molto all\u2019estero e spesso anche in Germania, non \u00e8 stato \u201ctravolgente\u201d anche per l\u2019inevitabile dispersivit\u00e0 organizzativa. Colpiva l\u2019attenzione la grandiosit\u00e0 degli spazi tutti assolutamente occupati da cani, persone, rings dei giudizi e stands. Il numero veramente incredibile di questi ultimi<\/p>\n<p align=\"justify\">accentuava l\u2019aspetto consumistico e commerciale della manifestazione, mettendo un po\u2019 in ombra l\u2019aspetto zootecnico legato al giudizio delle singole razze. Tipicamente \u201ctedeschi\u201d gli orari (riunione dei giudici alle 7,30, inizio giudizi alle 8.30). Ci\u00f2 si spiega con l\u2019altissimo numero di cani iscritti ma anche con le abitudini tipicamente nordiche di iniziare presto per finire presto.<\/p>\n<p align=\"justify\">Durante la riunione dei giudici gli organizzatori ci hanno fornito alcune statistiche. Abbiamo cos\u00ec appreso con soddisfazione che i cani italiani rappresentavano la terza forza di tutta l\u2019esposizione, dopo i tedeschi e gli olandesi. Non cos\u00ec per\u00f2 i giudici italiani invitati i quali, in rapporto ai 168 del totale, si contavano invece sulle dita di una sola mano. Le razze italiane erano tutte rappresentate ma solo quelle giudicate da specialisti hanno ottenuto un eccellente risultato numerico (piccolo levriero italiano e lagotto romagnolo). Le altre, soprattutto quelle da guardia (mastino napoletano, cane corso) sono state pesantemente condizionate anche dalla proibizione di presentare in Germania soggetti a orecchie e coda tagliate.<\/p>\n<p align=\"justify\">Venerd\u00ec 30 maggio ho giudicato ben 65 lagotti provenienti da 12 nazioni (compresa l\u2019Australia), segno inequivocabile del grande successo internazionale di questa antica razza italiana. Il ring era abbastanza spazioso, le mie due segretarie parlavano esclusivamente tedesco (ed erano alla loro prima esperienza come assistenti di ring!), per questi motivi ho dettato tutti i miei giudizi direttamente in lingua tedesca. Prima di iniziare i giudizi ho inteso dedicare l\u2019esposizione mondiale dei lagotti alla memoria di Quintino Toschi, Francesco Ballotta, Antonio Morsiani e Lodovico Babini che di questa razza sono stati primi fautori ed artefici. Alla fine di ogni classe ho spiegato le mie scelte in italiano, tedesco e inglese. Notevole era l\u2019omogeneit\u00e0 complessiva dei soggetti e ci\u00f2 indipendentemente dal paese di provenienza. Bene impostate le teste con in genere corretti rapporti cranio muso, ottimi crani, eccellenti occhi per forma, colore dell\u2019iride ed espressione. Quasi sempre buone le dentature con mandibole forti e denti di grandi dimensioni. Ancora qualche riserva sui tronchi che non sempre sono cos\u00ec raccolti come prescrive lo standard. Molto buoni in genere il garrese e la linea superiore. Ho notato ancora qualche groppa avvallata di troppo e una certa tendenza di alcuni soggetti ad avere avambracci corti e dunque una distanza gomito-suolo inferiore al 50% dell\u2019altezza al garrese. Questo difetto toglie funzionalit\u00e0 al cane soprattutto se collegato a tronco tendenzialmente inserito nel rettangolo e deve essere attentamente considerato in selezione. Quasi sempre buone condizione e tessitura del mantello anche se va ribadito ancora una volta che il lagotto deve presentare un mantello rustico e non toelettato come quello di un bichon fris\u00e9 o di un barbone. Eventuali \u201caiuti\u201d da parte del presentatore possono essere tollerati dal giudice se non vanno ad alterare l\u2019aspetto naturale che il pelo deve mostrare. Trattandosi di esposizione di bellezza al massimo livello non possiamo per\u00f2 neanche pretendere che il cane ci debba essere presentato sporco di fango e con il pelo infeltrito per l\u2019incuria del proprietario (alcuni espositori esteri di lagotti credono erroneamente che il mantello rustico equivalga ad un mantello non curato). Gli espositori italiani dovrebbero per\u00f2 rammentare che in Germania \u00e8 proibito toelettare il cane a bordo ring, cos\u00ec come gli espositori tedeschi non devono dimenticarsi che una mondiale vede sempre la presenza di cani provenienti da molti paesi, spesso con abitudini e usanze diverse.<\/p>\n<p align=\"justify\">Ho riscontrato ottimi movimenti con buona spinta del posteriore. Qualche riserva sul portamento della coda che in alcuni cani da fermo si mostra a candela e in movimento tende ad arrotolarsi sul dorso. Alcuni paesi, fra quelli rappresentati alla mondiale dei lagotti, mostrano gi\u00e0 un buon livello qualitativo complessivo, tanto da poter competere tranquillamente con i migliori cani italiani, mi riferisco in particolare alla Svezia ed alla Svizzera. le altre nazioni che s\u2019affacciano ora alla ribalta internazionale del lagotto devono ancora migliorare molto ma sono gi\u00e0 sulla buona strada. L\u2019importante \u00e8 non montarsi la testa e valutare attentamente il tipo di cane che si vuole selezionare in relazione allo standard morfologico della razza ed al rispetto delle sue potenzialit\u00e0 genetiche.<\/p>\n<p align=\"justify\">A questo proposito non dobbiamo mai dimenticare che le linee di sangue oggi presenti nei paesi in cui il lagotto \u00e8 allevato sono ancora tutte italiane o comunque debitrici al paese d\u2019origine.della razza. Allevare bene questa razza significa dunque, indipendentemente dal paese di provenienza, saperla selezionare in base allo standard morfologico italiano nel pieno rispetto delle sue peculiarit\u00e0 morfo-funzionali. Un progressivo allontanamento del lagotto romagnolo dalle sue originarie funzioni di cane da riporto in acqua e poi di cane per la cerca del tartufo potrebbe determinare col tempo una pericolosa involuzione e deviazione morfologica della razza. Come presidente del Club Italiano Lagotto e dell\u2019Unione Mondiale dei Clubs del Lagotto, come giudice specialista e appassionato studioso della razza mi adoprer\u00f2 sempre affinch\u00e9 quest\u2019antica razza italiana resti fedele alle sue origini nazionali e non si frantumi in diverse interpretazioni, pi\u00f9 o meno ortodosse, come sta succedendo o \u00e8 gi\u00e0 successo da tempo per altre razze italiane. Il lagotto romagnolo fa parte del patrimonio zootecnico del nostro paese e per questo nessuno potr\u00e0 mai arrogarsi il diritto di appropriarsene.<\/p>\n<p align=\"justify\">Coi miei giudizi ho cercato il pi\u00f9 possibile di salvaguardare e far emergere il corretto tipo morfologico in rapporto alla funzionalit\u00e0 e rusticit\u00e0 dell\u2019insieme. Il maschio e la femmina vincitori del titolo mondiale giovani mi hanno particolarmente impressionato per l\u2019ottimo tipo della testa e il buon insieme generale con eccellente movimento e buona qualit\u00e0 del pelo. Di grande impatto le due classi libere con parecchi soggetti veramente eccellenti. Nei maschi il primo in libera \u00e8 un cane veramente armonico, perfettamente bilanciato con ottimo tronco e tipica espressione di razza. In questa classe i primi quattro soggetti potranno sicuramente conseguire il titolo di campione. Il vincitore del titolo mondiale nei maschi proviene dalla classe campioni ed \u00e8 un soggetto assolutamente spettacolare per tipo, mantello e corretto movimento. E\u2019 mio parere che questo cane, per le sue qualit\u00e0 complessive, possa fare del bene all\u2019allevamento. Fra le femmine, tutte di buon livello con qualche eccezione, ho individuato il mio BOB nella cagna vincitrice della classe libera. Devo rilevare che era dai tempi della Mondiale 2000 di Milano che il lagotto vincitore del BOBnon era, a mio parere, cos\u00ec vicino al modello ideale delineato dallo standard. Una cagna di media taglia, con impeccabili rapporti cranio-muso, eccellenti occhi ben posizionati e di grande espressione, ottimo collo linea superiore e groppa, tronco perfettamente nel quadrato ed eccellente portamento di coda sia da fermo che in movimento. Mantello a riccio stretto omogeneo su tutto il corpo. Movimento fluido sia di fronte che di fianco con la miglior spinta del posteriore da me rilevata fra tutti i soggetti presentati.<\/p>\n<p align=\"justify\">Come tutti sanno, nei miei giudizi non mi lascio mai condizionare ne da chi presenta il cane, ne dai titoli conseguiti da quest\u2019ultimo ne tantomeno dalla nazionalit\u00e0: se non mi attenessi a queste regole per me fondamentali verrebbe meno il divertimento a giudicare ed il servizio che ogni giudice, specialista e non, dovrebbe mettere in atto per la razza di cui si occupa, contribuendo con la sua opera didattica a migliorarne il livello selettivo e la corretta conoscenza.<\/p>\n<\/blockquote>\n<p align=\"justify\">ngg_shortcode_4_placeholder<\/p>\n<p><strong>Campioni maschi<\/strong>: 1\u00b0 ecc. Campione mondiale Bos DEX DELLE FARNIE all. e prop. Bernabei L., 2\u00b0 ecc BOBO delle Farnie all. e prop. Bernabei L., 3\u00b0 ecc TIM delle Farnie all. e prop. Bernabei L., 4\u00b0 ecc Scheffelf\u00e4ltets DACCAPO DORO all. e prop. Scheffel E.<br \/>\n<strong>Libera maschi<\/strong>: 1\u00b0 ecc. Scheffelf\u00e4ltets VICTOR VISTOSO all. Scheffel E. prop. Hallgren E., 2\u00b0 ecc IORIS delle Farnie all. e prop. Bernabei L., 3\u00b0 ecc TARTUFO delle Farnie all. Bernabei L. prop. Federici F., 4\u00b0 ecc FEBO dei Silvanbull all. Faller F. prop. Bajerova S.<br \/>\n<strong>Giovani maschi<\/strong>: 1\u00b0 ecc Campione mondiale giovani Scheffelf\u00e4ltets DON DINAMICO all. e prop. Scheffel E., 2\u00b0 ecc ELLIOT della Cascinetta all. e prop. Bassi F., 3\u00b0 ecc Lapinlumon ADAMANTE, all. e prop. Brandes S., 4\u00b0 ecc Comes Cordis ALLEGRO all. Ruoff U. prop. Weide D.<br \/>\n<strong>Juniores maschi<\/strong>: 1\u00b0 mp Scheffelf\u00e4ltets WICTOR VEGETO all. e prop. Scheffel E.<\/p>\n<p><strong>Campioni femmine<\/strong>: 1\u00b0 ecc TRETMYSIAFARNIA all. e prop. Bernabei L., 2\u00b0 ecc Cobbys CIRENA all. Sporre Willes R. prop. Lindhal-Eriksson K., 3\u00b0 ecc Scheffelf\u00e4ltets DONNA DOLCEVITA all. Scheffel E. prop Marmstad J.<br \/>\n<strong>Libera femmine<\/strong>: 1\u00b0 ecc. Campione mondiale Bob DOMITILLA DELLE FARNIE all. e prop. Bernabei L., 2\u00b0 ecc COINCIDENZA delle Farnie all. e prop. Bernabei L., 3\u00b0 ecc CORA della Cascinetta all. e prop. Bassi F., 4\u00b0 ecc Rowntree BELLOCCIO all. e prop. Larsson U.<br \/>\n<strong>Giovani femmine<\/strong>: 1\u00b0 ecc. Campione mondiale giovani NANCY DEL GINESTRETO all. Zavagli E. prop. Berni E., 2\u00b0 ecc Lapinlumon AGNELLA all. Brandes S. prop. Kofod H., 3\u00b0 ecc MISSDORA all. e prop. Federici F., 4\u00b0 ecc Comes Cordis ANIMA AMATA all. e prop. Ruoff U. e Tagliaferri A.<br \/>\n<strong>Juniores femmine<\/strong>: 1\u00b0 mp Scheffelf\u00e4ltets WANIA VEZZOSA all. e prop. Scheffel E., 2\u00b0 mp MIA da Tartofla all. M\u00e4chler M prop. Martin U., 3\u00b0 mp MOIRA da Tartofla all. M\u00e4chler M. prop. Kuhl K.<\/p>\n<p><!-- default-view.php -->\n<div\n\tclass=\"ngg-galleryoverview default-view\n\t\t\"\n\tid=\"ngg-gallery-ad5a5ecc7e5e6ec0786fe79d2aad0e55-1\"\n\tdata-nextgen-gallery-id=\"136\"\n\tdata-gallery-id=\"136\"\n\t\tdata-gallery-name=\"expo03\"\n\t>\n\n\t\t<!-- Thumbnails -->\n\t\t\t\t<div id=\"ngg-image-0\" class=\"ngg-gallery-thumbnail-box\n\t\t\t\t\t\t\t\tngg-6-columns\t\t\t\"\n\t\t\t>\n\t\t\t\t\t\t<div class=\"ngg-gallery-thumbnail\">\n\t\t<a href=\"http:\/\/www.lagottoromagnolo.org\/wp-content\/gallery\/expo03\/dortmund03-01.jpg?t=1497027079\"\n\t\t\ttitle=\"Campioni maschi: 1\u00b0 ecc. Campione mondiale Bos DEX DELLE FARNIE all. e prop. Bernabei L., 2\u00b0 ecc BOBO delle Farnie all. e prop. Bernabei L., 3\u00b0 ecc TIM delle Farnie all. e prop. Bernabei L., 4\u00b0 ecc Scheffelf\u00e4ltets DACCAPO DORO all. e prop. Scheffel E.\"\n\t\t\tdata-src=\"http:\/\/www.lagottoromagnolo.org\/wp-content\/gallery\/expo03\/dortmund03-01.jpg?t=1497027079\"\n\t\t\tdata-thumbnail=\"http:\/\/www.lagottoromagnolo.org\/wp-content\/gallery\/expo03\/thumbs\/thumbs_dortmund03-01.jpg?t=1497027079\"\n\t\t\tdata-image-id=\"487\"\n\t\t\tdata-image-name=\"dortmund03-01.jpg\"\n\t\t\tdata-title=\"dortmund03-01\"\n\t\t\tdata-description=\"Campioni maschi: 1\u00b0 ecc. Campione mondiale Bos DEX DELLE FARNIE all. e prop. Bernabei L., 2\u00b0 ecc BOBO delle Farnie all. e prop. Bernabei L., 3\u00b0 ecc TIM delle Farnie all. e prop. Bernabei L., 4\u00b0 ecc Scheffelf\u00e4ltets DACCAPO DORO all. e prop. Scheffel E.\"\n\t\t\tdata-image-slug=\"dortmund03-01\"\n\t\t\t\t\t\t\t\t\t\t\t\t\t\t\t\t\t\t\t\tclass=\"ngg-fancybox\" rel=\"ad5a5ecc7e5e6ec0786fe79d2aad0e55\">\n\t\t\t\t\t\t\t\t<img\n\t\t\t\t\ttitle=\"dortmund03-01\"\n\t\t\t\t\talt=\"dortmund03-01\"\n\t\t\t\t\tsrc=\"http:\/\/www.lagottoromagnolo.org\/wp-content\/gallery\/expo03\/thumbs\/thumbs_dortmund03-01.jpg?t=1497027079\"\n\t\t\t\t\twidth=\"100\"\n\t\t\t\t\theight=\"75\"\n\t\t\t\t\tstyle=\"max-width:100%;\"\n\t\t\t\t\/>\n\t\t\t<\/a>\n\t\t<\/div>\n\t\t\t\t\t\t\t<\/div>\n\t\t\t\n\t\t\t\t<div id=\"ngg-image-1\" class=\"ngg-gallery-thumbnail-box\n\t\t\t\t\t\t\t\tngg-6-columns\t\t\t\"\n\t\t\t>\n\t\t\t\t\t\t<div class=\"ngg-gallery-thumbnail\">\n\t\t<a href=\"http:\/\/www.lagottoromagnolo.org\/wp-content\/gallery\/expo03\/dortmund03-02.jpg?t=1497026070\"\n\t\t\ttitle=\"Libera maschi: 1\u00b0 ecc. Scheffelf\u00e4ltets VICTOR VISTOSO all. Scheffel E. prop. Hallgren E., 2\u00b0 ecc IORIS delle Farnie all. e prop. Bernabei L., 3\u00b0 ecc TARTUFO delle Farnie all. Bernabei L. prop. Federici F., 4\u00b0 ecc FEBO dei Silvanbull all. Faller F. prop. Bajerova S.\"\n\t\t\tdata-src=\"http:\/\/www.lagottoromagnolo.org\/wp-content\/gallery\/expo03\/dortmund03-02.jpg?t=1497026070\"\n\t\t\tdata-thumbnail=\"http:\/\/www.lagottoromagnolo.org\/wp-content\/gallery\/expo03\/thumbs\/thumbs_dortmund03-02.jpg?t=1497026070\"\n\t\t\tdata-image-id=\"488\"\n\t\t\tdata-image-name=\"dortmund03-02.jpg\"\n\t\t\tdata-title=\"dortmund03-02\"\n\t\t\tdata-description=\"Libera maschi: 1\u00b0 ecc. Scheffelf\u00e4ltets VICTOR VISTOSO all. Scheffel E. prop. Hallgren E., 2\u00b0 ecc IORIS delle Farnie all. e prop. Bernabei L., 3\u00b0 ecc TARTUFO delle Farnie all. Bernabei L. prop. Federici F., 4\u00b0 ecc FEBO dei Silvanbull all. Faller F. prop. Bajerova S.\"\n\t\t\tdata-image-slug=\"dortmund03-02\"\n\t\t\t\t\t\t\t\t\t\t\t\t\t\t\t\t\t\t\t\tclass=\"ngg-fancybox\" rel=\"ad5a5ecc7e5e6ec0786fe79d2aad0e55\">\n\t\t\t\t\t\t\t\t<img\n\t\t\t\t\ttitle=\"dortmund03-02\"\n\t\t\t\t\talt=\"dortmund03-02\"\n\t\t\t\t\tsrc=\"http:\/\/www.lagottoromagnolo.org\/wp-content\/gallery\/expo03\/thumbs\/thumbs_dortmund03-02.jpg?t=1497026070\"\n\t\t\t\t\twidth=\"100\"\n\t\t\t\t\theight=\"75\"\n\t\t\t\t\tstyle=\"max-width:100%;\"\n\t\t\t\t\/>\n\t\t\t<\/a>\n\t\t<\/div>\n\t\t\t\t\t\t\t<\/div>\n\t\t\t\n\t\t\t\t<div id=\"ngg-image-2\" class=\"ngg-gallery-thumbnail-box\n\t\t\t\t\t\t\t\tngg-6-columns\t\t\t\"\n\t\t\t>\n\t\t\t\t\t\t<div class=\"ngg-gallery-thumbnail\">\n\t\t<a href=\"http:\/\/www.lagottoromagnolo.org\/wp-content\/gallery\/expo03\/dortmund03-03.jpg?t=1497026070\"\n\t\t\ttitle=\"Giovani maschi: 1\u00b0 ecc Campione mondiale giovani Scheffelf\u00e4ltets DON DINAMICO all. e prop. Scheffel E., 2\u00b0 ecc ELLIOT della Cascinetta all. e prop. Bassi F., 3\u00b0 ecc Lapinlumon ADAMANTE, all. e prop. Brandes S., 4\u00b0 ecc Comes Cordis ALLEGRO all. Ruoff U. prop. Weide D.\"\n\t\t\tdata-src=\"http:\/\/www.lagottoromagnolo.org\/wp-content\/gallery\/expo03\/dortmund03-03.jpg?t=1497026070\"\n\t\t\tdata-thumbnail=\"http:\/\/www.lagottoromagnolo.org\/wp-content\/gallery\/expo03\/thumbs\/thumbs_dortmund03-03.jpg?t=1497026070\"\n\t\t\tdata-image-id=\"489\"\n\t\t\tdata-image-name=\"dortmund03-03.jpg\"\n\t\t\tdata-title=\"dortmund03-03\"\n\t\t\tdata-description=\"Giovani maschi: 1\u00b0 ecc Campione mondiale giovani Scheffelf\u00e4ltets DON DINAMICO all. e prop. Scheffel E., 2\u00b0 ecc ELLIOT della Cascinetta all. e prop. Bassi F., 3\u00b0 ecc Lapinlumon ADAMANTE, all. e prop. Brandes S., 4\u00b0 ecc Comes Cordis ALLEGRO all. Ruoff U. prop. Weide D.\"\n\t\t\tdata-image-slug=\"dortmund03-03\"\n\t\t\t\t\t\t\t\t\t\t\t\t\t\t\t\t\t\t\t\tclass=\"ngg-fancybox\" rel=\"ad5a5ecc7e5e6ec0786fe79d2aad0e55\">\n\t\t\t\t\t\t\t\t<img\n\t\t\t\t\ttitle=\"dortmund03-03\"\n\t\t\t\t\talt=\"dortmund03-03\"\n\t\t\t\t\tsrc=\"http:\/\/www.lagottoromagnolo.org\/wp-content\/gallery\/expo03\/thumbs\/thumbs_dortmund03-03.jpg?t=1497026070\"\n\t\t\t\t\twidth=\"100\"\n\t\t\t\t\theight=\"75\"\n\t\t\t\t\tstyle=\"max-width:100%;\"\n\t\t\t\t\/>\n\t\t\t<\/a>\n\t\t<\/div>\n\t\t\t\t\t\t\t<\/div>\n\t\t\t\n\t\t\t\t<div id=\"ngg-image-3\" class=\"ngg-gallery-thumbnail-box\n\t\t\t\t\t\t\t\tngg-6-columns\t\t\t\"\n\t\t\t>\n\t\t\t\t\t\t<div class=\"ngg-gallery-thumbnail\">\n\t\t<a href=\"http:\/\/www.lagottoromagnolo.org\/wp-content\/gallery\/expo03\/dortmund03-04.jpg?t=1497026070\"\n\t\t\ttitle=\"Juniores maschi: 1\u00b0 mp Scheffelf\u00e4ltets WICTOR VEGETO all. e prop. Scheffel E.\"\n\t\t\tdata-src=\"http:\/\/www.lagottoromagnolo.org\/wp-content\/gallery\/expo03\/dortmund03-04.jpg?t=1497026070\"\n\t\t\tdata-thumbnail=\"http:\/\/www.lagottoromagnolo.org\/wp-content\/gallery\/expo03\/thumbs\/thumbs_dortmund03-04.jpg?t=1497026070\"\n\t\t\tdata-image-id=\"490\"\n\t\t\tdata-image-name=\"dortmund03-04.jpg\"\n\t\t\tdata-title=\"dortmund03-04\"\n\t\t\tdata-description=\"Juniores maschi: 1\u00b0 mp Scheffelf\u00e4ltets WICTOR VEGETO all. e prop. Scheffel E.\"\n\t\t\tdata-image-slug=\"dortmund03-04\"\n\t\t\t\t\t\t\t\t\t\t\t\t\t\t\t\t\t\t\t\tclass=\"ngg-fancybox\" rel=\"ad5a5ecc7e5e6ec0786fe79d2aad0e55\">\n\t\t\t\t\t\t\t\t<img\n\t\t\t\t\ttitle=\"dortmund03-04\"\n\t\t\t\t\talt=\"dortmund03-04\"\n\t\t\t\t\tsrc=\"http:\/\/www.lagottoromagnolo.org\/wp-content\/gallery\/expo03\/thumbs\/thumbs_dortmund03-04.jpg?t=1497026070\"\n\t\t\t\t\twidth=\"100\"\n\t\t\t\t\theight=\"75\"\n\t\t\t\t\tstyle=\"max-width:100%;\"\n\t\t\t\t\/>\n\t\t\t<\/a>\n\t\t<\/div>\n\t\t\t\t\t\t\t<\/div>\n\t\t\t\n\t\t\t\t<div id=\"ngg-image-4\" class=\"ngg-gallery-thumbnail-box\n\t\t\t\t\t\t\t\tngg-6-columns\t\t\t\"\n\t\t\t>\n\t\t\t\t\t\t<div class=\"ngg-gallery-thumbnail\">\n\t\t<a href=\"http:\/\/www.lagottoromagnolo.org\/wp-content\/gallery\/expo03\/dortmund03-05.jpg?t=1497026070\"\n\t\t\ttitle=\"Campioni femmine: 1\u00b0 ecc TRETMYSIAFARNIA all. e prop. Bernabei L., 2\u00b0 ecc Cobbys CIRENA all. Sporre Willes R. prop. Lindhal-Eriksson K., 3\u00b0 ecc Scheffelf\u00e4ltets DONNA DOLCEVITA all. Scheffel E. prop Marmstad J.\"\n\t\t\tdata-src=\"http:\/\/www.lagottoromagnolo.org\/wp-content\/gallery\/expo03\/dortmund03-05.jpg?t=1497026070\"\n\t\t\tdata-thumbnail=\"http:\/\/www.lagottoromagnolo.org\/wp-content\/gallery\/expo03\/thumbs\/thumbs_dortmund03-05.jpg?t=1497026070\"\n\t\t\tdata-image-id=\"491\"\n\t\t\tdata-image-name=\"dortmund03-05.jpg\"\n\t\t\tdata-title=\"dortmund03-05\"\n\t\t\tdata-description=\"Campioni femmine: 1\u00b0 ecc TRETMYSIAFARNIA all. e prop. Bernabei L., 2\u00b0 ecc Cobbys CIRENA all. Sporre Willes R. prop. Lindhal-Eriksson K., 3\u00b0 ecc Scheffelf\u00e4ltets DONNA DOLCEVITA all. Scheffel E. prop Marmstad J.\"\n\t\t\tdata-image-slug=\"dortmund03-05\"\n\t\t\t\t\t\t\t\t\t\t\t\t\t\t\t\t\t\t\t\tclass=\"ngg-fancybox\" rel=\"ad5a5ecc7e5e6ec0786fe79d2aad0e55\">\n\t\t\t\t\t\t\t\t<img\n\t\t\t\t\ttitle=\"dortmund03-05\"\n\t\t\t\t\talt=\"dortmund03-05\"\n\t\t\t\t\tsrc=\"http:\/\/www.lagottoromagnolo.org\/wp-content\/gallery\/expo03\/thumbs\/thumbs_dortmund03-05.jpg?t=1497026070\"\n\t\t\t\t\twidth=\"100\"\n\t\t\t\t\theight=\"75\"\n\t\t\t\t\tstyle=\"max-width:100%;\"\n\t\t\t\t\/>\n\t\t\t<\/a>\n\t\t<\/div>\n\t\t\t\t\t\t\t<\/div>\n\t\t\t\n\t\t\t\t<div id=\"ngg-image-5\" class=\"ngg-gallery-thumbnail-box\n\t\t\t\t\t\t\t\tngg-6-columns\t\t\t\"\n\t\t\t>\n\t\t\t\t\t\t<div class=\"ngg-gallery-thumbnail\">\n\t\t<a href=\"http:\/\/www.lagottoromagnolo.org\/wp-content\/gallery\/expo03\/dortmund03-06.jpg?t=1497026070\"\n\t\t\ttitle=\"Libera femmine: 1\u00b0 ecc. Campione mondiale Bob DOMITILLA DELLE FARNIE all. e prop. Bernabei L., 2\u00b0 ecc COINCIDENZA delle Farnie all. e prop. Bernabei L., 3\u00b0 ecc CORA della Cascinetta all. e prop. Bassi F., 4\u00b0 ecc Rowntree BELLOCCIO all. e prop. Larsson U.\"\n\t\t\tdata-src=\"http:\/\/www.lagottoromagnolo.org\/wp-content\/gallery\/expo03\/dortmund03-06.jpg?t=1497026070\"\n\t\t\tdata-thumbnail=\"http:\/\/www.lagottoromagnolo.org\/wp-content\/gallery\/expo03\/thumbs\/thumbs_dortmund03-06.jpg?t=1497026070\"\n\t\t\tdata-image-id=\"492\"\n\t\t\tdata-image-name=\"dortmund03-06.jpg\"\n\t\t\tdata-title=\"dortmund03-06\"\n\t\t\tdata-description=\"Libera femmine: 1\u00b0 ecc. Campione mondiale Bob DOMITILLA DELLE FARNIE all. e prop. Bernabei L., 2\u00b0 ecc COINCIDENZA delle Farnie all. e prop. Bernabei L., 3\u00b0 ecc CORA della Cascinetta all. e prop. Bassi F., 4\u00b0 ecc Rowntree BELLOCCIO all. e prop. Larsson U.\"\n\t\t\tdata-image-slug=\"dortmund03-06\"\n\t\t\t\t\t\t\t\t\t\t\t\t\t\t\t\t\t\t\t\tclass=\"ngg-fancybox\" rel=\"ad5a5ecc7e5e6ec0786fe79d2aad0e55\">\n\t\t\t\t\t\t\t\t<img\n\t\t\t\t\ttitle=\"dortmund03-06\"\n\t\t\t\t\talt=\"dortmund03-06\"\n\t\t\t\t\tsrc=\"http:\/\/www.lagottoromagnolo.org\/wp-content\/gallery\/expo03\/thumbs\/thumbs_dortmund03-06.jpg?t=1497026070\"\n\t\t\t\t\twidth=\"100\"\n\t\t\t\t\theight=\"75\"\n\t\t\t\t\tstyle=\"max-width:100%;\"\n\t\t\t\t\/>\n\t\t\t<\/a>\n\t\t<\/div>\n\t\t\t\t\t\t\t<\/div>\n\t\t\t\n\t\t\t\t<div id=\"ngg-image-6\" class=\"ngg-gallery-thumbnail-box\n\t\t\t\t\t\t\t\tngg-6-columns\t\t\t\"\n\t\t\t>\n\t\t\t\t\t\t<div class=\"ngg-gallery-thumbnail\">\n\t\t<a href=\"http:\/\/www.lagottoromagnolo.org\/wp-content\/gallery\/expo03\/dortmund03-07.jpg?t=1497026070\"\n\t\t\ttitle=\"Giovani femmine: 1\u00b0 ecc. Campione mondiale giovani NANCY DEL GINESTRETO all. Zavagli E. prop. Berni E., 2\u00b0 ecc Lapinlumon AGNELLA all. Brandes S. prop. Kofod H., 3\u00b0 ecc MISSDORA all. e prop. Federici F., 4\u00b0 ecc Comes Cordis ANIMA AMATA all. e prop. Ruoff U. e Tagliaferri A.\"\n\t\t\tdata-src=\"http:\/\/www.lagottoromagnolo.org\/wp-content\/gallery\/expo03\/dortmund03-07.jpg?t=1497026070\"\n\t\t\tdata-thumbnail=\"http:\/\/www.lagottoromagnolo.org\/wp-content\/gallery\/expo03\/thumbs\/thumbs_dortmund03-07.jpg?t=1497026070\"\n\t\t\tdata-image-id=\"493\"\n\t\t\tdata-image-name=\"dortmund03-07.jpg\"\n\t\t\tdata-title=\"dortmund03-07\"\n\t\t\tdata-description=\"Giovani femmine: 1\u00b0 ecc. Campione mondiale giovani NANCY DEL GINESTRETO all. Zavagli E. prop. Berni E., 2\u00b0 ecc Lapinlumon AGNELLA all. Brandes S. prop. Kofod H., 3\u00b0 ecc MISSDORA all. e prop. Federici F., 4\u00b0 ecc Comes Cordis ANIMA AMATA all. e prop. Ruoff U. e Tagliaferri A.\"\n\t\t\tdata-image-slug=\"dortmund03-07\"\n\t\t\t\t\t\t\t\t\t\t\t\t\t\t\t\t\t\t\t\tclass=\"ngg-fancybox\" rel=\"ad5a5ecc7e5e6ec0786fe79d2aad0e55\">\n\t\t\t\t\t\t\t\t<img\n\t\t\t\t\ttitle=\"dortmund03-07\"\n\t\t\t\t\talt=\"dortmund03-07\"\n\t\t\t\t\tsrc=\"http:\/\/www.lagottoromagnolo.org\/wp-content\/gallery\/expo03\/thumbs\/thumbs_dortmund03-07.jpg?t=1497026070\"\n\t\t\t\t\twidth=\"100\"\n\t\t\t\t\theight=\"75\"\n\t\t\t\t\tstyle=\"max-width:100%;\"\n\t\t\t\t\/>\n\t\t\t<\/a>\n\t\t<\/div>\n\t\t\t\t\t\t\t<\/div>\n\t\t\t\n\t\t\t\t<div id=\"ngg-image-7\" class=\"ngg-gallery-thumbnail-box\n\t\t\t\t\t\t\t\tngg-6-columns\t\t\t\"\n\t\t\t>\n\t\t\t\t\t\t<div class=\"ngg-gallery-thumbnail\">\n\t\t<a href=\"http:\/\/www.lagottoromagnolo.org\/wp-content\/gallery\/expo03\/dortmund03-08.jpg?t=1497026070\"\n\t\t\ttitle=\"Juniores femmine: 1\u00b0 mp Scheffelf\u00e4ltets WANIA VEZZOSA all. e prop. Scheffel E., 2\u00b0 mp MIA da Tartofla all. M\u00e4chler M prop. Martin U., 3\u00b0 mp MOIRA da Tartofla all. M\u00e4chler M. prop. Kuhl K.\"\n\t\t\tdata-src=\"http:\/\/www.lagottoromagnolo.org\/wp-content\/gallery\/expo03\/dortmund03-08.jpg?t=1497026070\"\n\t\t\tdata-thumbnail=\"http:\/\/www.lagottoromagnolo.org\/wp-content\/gallery\/expo03\/thumbs\/thumbs_dortmund03-08.jpg?t=1497026070\"\n\t\t\tdata-image-id=\"494\"\n\t\t\tdata-image-name=\"dortmund03-08.jpg\"\n\t\t\tdata-title=\"dortmund03-08\"\n\t\t\tdata-description=\"Juniores femmine: 1\u00b0 mp Scheffelf\u00e4ltets WANIA VEZZOSA all. e prop. Scheffel E., 2\u00b0 mp MIA da Tartofla all. M\u00e4chler M prop. Martin U., 3\u00b0 mp MOIRA da Tartofla all. M\u00e4chler M. prop. Kuhl K.\"\n\t\t\tdata-image-slug=\"dortmund03-08\"\n\t\t\t\t\t\t\t\t\t\t\t\t\t\t\t\t\t\t\t\tclass=\"ngg-fancybox\" rel=\"ad5a5ecc7e5e6ec0786fe79d2aad0e55\">\n\t\t\t\t\t\t\t\t<img\n\t\t\t\t\ttitle=\"dortmund03-08\"\n\t\t\t\t\talt=\"dortmund03-08\"\n\t\t\t\t\tsrc=\"http:\/\/www.lagottoromagnolo.org\/wp-content\/gallery\/expo03\/thumbs\/thumbs_dortmund03-08.jpg?t=1497026070\"\n\t\t\t\t\twidth=\"100\"\n\t\t\t\t\theight=\"75\"\n\t\t\t\t\tstyle=\"max-width:100%;\"\n\t\t\t\t\/>\n\t\t\t<\/a>\n\t\t<\/div>\n\t\t\t\t\t\t\t<\/div>\n\t\t\t\n\t\t\t\t<div id=\"ngg-image-8\" class=\"ngg-gallery-thumbnail-box\n\t\t\t\t\t\t\t\tngg-6-columns\t\t\t\"\n\t\t\t>\n\t\t\t\t\t\t<div class=\"ngg-gallery-thumbnail\">\n\t\t<a href=\"http:\/\/www.lagottoromagnolo.org\/wp-content\/gallery\/expo03\/dortmund03-09.jpg?t=1497026070\"\n\t\t\ttitle=\"Miglior maschio: DEX delle Farnie all. e prop. Bernabei L.\"\n\t\t\tdata-src=\"http:\/\/www.lagottoromagnolo.org\/wp-content\/gallery\/expo03\/dortmund03-09.jpg?t=1497026070\"\n\t\t\tdata-thumbnail=\"http:\/\/www.lagottoromagnolo.org\/wp-content\/gallery\/expo03\/thumbs\/thumbs_dortmund03-09.jpg?t=1497026070\"\n\t\t\tdata-image-id=\"495\"\n\t\t\tdata-image-name=\"dortmund03-09.jpg\"\n\t\t\tdata-title=\"dortmund03-09\"\n\t\t\tdata-description=\"Miglior maschio: DEX delle Farnie all. e prop. Bernabei L.\"\n\t\t\tdata-image-slug=\"dortmund03-09\"\n\t\t\t\t\t\t\t\t\t\t\t\t\t\t\t\t\t\t\t\tclass=\"ngg-fancybox\" rel=\"ad5a5ecc7e5e6ec0786fe79d2aad0e55\">\n\t\t\t\t\t\t\t\t<img\n\t\t\t\t\ttitle=\"dortmund03-09\"\n\t\t\t\t\talt=\"dortmund03-09\"\n\t\t\t\t\tsrc=\"http:\/\/www.lagottoromagnolo.org\/wp-content\/gallery\/expo03\/thumbs\/thumbs_dortmund03-09.jpg?t=1497026070\"\n\t\t\t\t\twidth=\"100\"\n\t\t\t\t\theight=\"75\"\n\t\t\t\t\tstyle=\"max-width:100%;\"\n\t\t\t\t\/>\n\t\t\t<\/a>\n\t\t<\/div>\n\t\t\t\t\t\t\t<\/div>\n\t\t\t\n\t\t\t\t<div id=\"ngg-image-9\" class=\"ngg-gallery-thumbnail-box\n\t\t\t\t\t\t\t\tngg-6-columns\t\t\t\"\n\t\t\t>\n\t\t\t\t\t\t<div class=\"ngg-gallery-thumbnail\">\n\t\t<a href=\"http:\/\/www.lagottoromagnolo.org\/wp-content\/gallery\/expo03\/dortmund03-10.jpg?t=1497026070\"\n\t\t\ttitle=\"Miglior femmina: DOMITILLA delle Farnie all. e prop. Bernabei L.\"\n\t\t\tdata-src=\"http:\/\/www.lagottoromagnolo.org\/wp-content\/gallery\/expo03\/dortmund03-10.jpg?t=1497026070\"\n\t\t\tdata-thumbnail=\"http:\/\/www.lagottoromagnolo.org\/wp-content\/gallery\/expo03\/thumbs\/thumbs_dortmund03-10.jpg?t=1497026070\"\n\t\t\tdata-image-id=\"496\"\n\t\t\tdata-image-name=\"dortmund03-10.jpg\"\n\t\t\tdata-title=\"dortmund03-10\"\n\t\t\tdata-description=\"Miglior femmina: DOMITILLA delle Farnie all. e prop. Bernabei L.\"\n\t\t\tdata-image-slug=\"dortmund03-10\"\n\t\t\t\t\t\t\t\t\t\t\t\t\t\t\t\t\t\t\t\tclass=\"ngg-fancybox\" rel=\"ad5a5ecc7e5e6ec0786fe79d2aad0e55\">\n\t\t\t\t\t\t\t\t<img\n\t\t\t\t\ttitle=\"dortmund03-10\"\n\t\t\t\t\talt=\"dortmund03-10\"\n\t\t\t\t\tsrc=\"http:\/\/www.lagottoromagnolo.org\/wp-content\/gallery\/expo03\/thumbs\/thumbs_dortmund03-10.jpg?t=1497026070\"\n\t\t\t\t\twidth=\"100\"\n\t\t\t\t\theight=\"75\"\n\t\t\t\t\tstyle=\"max-width:100%;\"\n\t\t\t\t\/>\n\t\t\t<\/a>\n\t\t<\/div>\n\t\t\t\t\t\t\t<\/div>\n\t\t\t\n\t\t\t\t<div id=\"ngg-image-10\" class=\"ngg-gallery-thumbnail-box\n\t\t\t\t\t\t\t\tngg-6-columns\t\t\t\"\n\t\t\t>\n\t\t\t\t\t\t<div class=\"ngg-gallery-thumbnail\">\n\t\t<a href=\"http:\/\/www.lagottoromagnolo.org\/wp-content\/gallery\/expo03\/dortmund03-11.jpg?t=1497026070\"\n\t\t\ttitle=\"Campionessa Mondiale 2003, bob - DOMITILLA delle Farnie all. e prop. Bernabei L. e Campione Mondiale 2003, bos - DEX delle Farnie all. e prop. Bernabei L.\"\n\t\t\tdata-src=\"http:\/\/www.lagottoromagnolo.org\/wp-content\/gallery\/expo03\/dortmund03-11.jpg?t=1497026070\"\n\t\t\tdata-thumbnail=\"http:\/\/www.lagottoromagnolo.org\/wp-content\/gallery\/expo03\/thumbs\/thumbs_dortmund03-11.jpg?t=1497026070\"\n\t\t\tdata-image-id=\"497\"\n\t\t\tdata-image-name=\"dortmund03-11.jpg\"\n\t\t\tdata-title=\"dortmund03-11\"\n\t\t\tdata-description=\"Campionessa Mondiale 2003, bob - DOMITILLA delle Farnie all. e prop. Bernabei L. e Campione Mondiale 2003, bos - DEX delle Farnie all. e prop. Bernabei L.\"\n\t\t\tdata-image-slug=\"dortmund03-11\"\n\t\t\t\t\t\t\t\t\t\t\t\t\t\t\t\t\t\t\t\tclass=\"ngg-fancybox\" rel=\"ad5a5ecc7e5e6ec0786fe79d2aad0e55\">\n\t\t\t\t\t\t\t\t<img\n\t\t\t\t\ttitle=\"dortmund03-11\"\n\t\t\t\t\talt=\"dortmund03-11\"\n\t\t\t\t\tsrc=\"http:\/\/www.lagottoromagnolo.org\/wp-content\/gallery\/expo03\/thumbs\/thumbs_dortmund03-11.jpg?t=1497026070\"\n\t\t\t\t\twidth=\"100\"\n\t\t\t\t\theight=\"75\"\n\t\t\t\t\tstyle=\"max-width:100%;\"\n\t\t\t\t\/>\n\t\t\t<\/a>\n\t\t<\/div>\n\t\t\t\t\t\t\t<\/div>\n\t\t\t\n\t\t\t\t<div id=\"ngg-image-11\" class=\"ngg-gallery-thumbnail-box\n\t\t\t\t\t\t\t\tngg-6-columns\t\t\t\"\n\t\t\t>\n\t\t\t\t\t\t<div class=\"ngg-gallery-thumbnail\">\n\t\t<a href=\"http:\/\/www.lagottoromagnolo.org\/wp-content\/gallery\/expo03\/dortmund03-12.jpg?t=1553033891\"\n\t\t\ttitle=\"Gruppo partecipanti\"\n\t\t\tdata-src=\"http:\/\/www.lagottoromagnolo.org\/wp-content\/gallery\/expo03\/dortmund03-12.jpg?t=1553033891\"\n\t\t\tdata-thumbnail=\"http:\/\/www.lagottoromagnolo.org\/wp-content\/gallery\/expo03\/thumbs\/thumbs_dortmund03-12.jpg?t=1553033891\"\n\t\t\tdata-image-id=\"498\"\n\t\t\tdata-image-name=\"dortmund03-12.jpg\"\n\t\t\tdata-title=\"dortmund03-12\"\n\t\t\tdata-description=\"Gruppo partecipanti\"\n\t\t\tdata-image-slug=\"dortmund03-12\"\n\t\t\t\t\t\t\t\t\t\t\t\t\t\t\t\t\t\t\t\tclass=\"ngg-fancybox\" rel=\"ad5a5ecc7e5e6ec0786fe79d2aad0e55\">\n\t\t\t\t\t\t\t\t<img\n\t\t\t\t\ttitle=\"dortmund03-12\"\n\t\t\t\t\talt=\"dortmund03-12\"\n\t\t\t\t\tsrc=\"http:\/\/www.lagottoromagnolo.org\/wp-content\/gallery\/expo03\/thumbs\/thumbs_dortmund03-12.jpg?t=1553033891\"\n\t\t\t\t\twidth=\"100\"\n\t\t\t\t\theight=\"75\"\n\t\t\t\t\tstyle=\"max-width:100%;\"\n\t\t\t\t\/>\n\t\t\t<\/a>\n\t\t<\/div>\n\t\t\t\t\t\t\t<\/div>\n\t\t\t\n\t\t\t\t<div id=\"ngg-image-12\" class=\"ngg-gallery-thumbnail-box\n\t\t\t\t\t\t\t\tngg-6-columns\t\t\t\"\n\t\t\t>\n\t\t\t\t\t\t<div class=\"ngg-gallery-thumbnail\">\n\t\t<a href=\"http:\/\/www.lagottoromagnolo.org\/wp-content\/gallery\/expo03\/dortmund03-13.jpg?t=1553033891\"\n\t\t\ttitle=\"Campionessa Mondiale 2003, bob - DOMITILLA delle Farnie all. e prop. Bernabei L.\"\n\t\t\tdata-src=\"http:\/\/www.lagottoromagnolo.org\/wp-content\/gallery\/expo03\/dortmund03-13.jpg?t=1553033891\"\n\t\t\tdata-thumbnail=\"http:\/\/www.lagottoromagnolo.org\/wp-content\/gallery\/expo03\/thumbs\/thumbs_dortmund03-13.jpg?t=1553033891\"\n\t\t\tdata-image-id=\"499\"\n\t\t\tdata-image-name=\"dortmund03-13.jpg\"\n\t\t\tdata-title=\"dortmund03-13\"\n\t\t\tdata-description=\"Campionessa Mondiale 2003, bob - DOMITILLA delle Farnie all. e prop. Bernabei L.\"\n\t\t\tdata-image-slug=\"dortmund03-13\"\n\t\t\t\t\t\t\t\t\t\t\t\t\t\t\t\t\t\t\t\tclass=\"ngg-fancybox\" rel=\"ad5a5ecc7e5e6ec0786fe79d2aad0e55\">\n\t\t\t\t\t\t\t\t<img\n\t\t\t\t\ttitle=\"dortmund03-13\"\n\t\t\t\t\talt=\"dortmund03-13\"\n\t\t\t\t\tsrc=\"http:\/\/www.lagottoromagnolo.org\/wp-content\/gallery\/expo03\/thumbs\/thumbs_dortmund03-13.jpg?t=1553033891\"\n\t\t\t\t\twidth=\"100\"\n\t\t\t\t\theight=\"75\"\n\t\t\t\t\tstyle=\"max-width:100%;\"\n\t\t\t\t\/>\n\t\t\t<\/a>\n\t\t<\/div>\n\t\t\t\t\t\t\t<\/div>\n\t\t\t\n\t\t\t\t<div id=\"ngg-image-13\" class=\"ngg-gallery-thumbnail-box\n\t\t\t\t\t\t\t\tngg-6-columns\t\t\t\"\n\t\t\t>\n\t\t\t\t\t\t<div class=\"ngg-gallery-thumbnail\">\n\t\t<a href=\"http:\/\/www.lagottoromagnolo.org\/wp-content\/gallery\/expo03\/dortmund03-14.jpg?t=1553033891\"\n\t\t\ttitle=\"Campione Mondiale 2003, bos - DEX delle Farnie all. e prop. Bernabei L.\"\n\t\t\tdata-src=\"http:\/\/www.lagottoromagnolo.org\/wp-content\/gallery\/expo03\/dortmund03-14.jpg?t=1553033891\"\n\t\t\tdata-thumbnail=\"http:\/\/www.lagottoromagnolo.org\/wp-content\/gallery\/expo03\/thumbs\/thumbs_dortmund03-14.jpg?t=1553033891\"\n\t\t\tdata-image-id=\"500\"\n\t\t\tdata-image-name=\"dortmund03-14.jpg\"\n\t\t\tdata-title=\"dortmund03-14\"\n\t\t\tdata-description=\"Campione Mondiale 2003, bos - DEX delle Farnie all. e prop. Bernabei L.\"\n\t\t\tdata-image-slug=\"dortmund03-14\"\n\t\t\t\t\t\t\t\t\t\t\t\t\t\t\t\t\t\t\t\tclass=\"ngg-fancybox\" rel=\"ad5a5ecc7e5e6ec0786fe79d2aad0e55\">\n\t\t\t\t\t\t\t\t<img\n\t\t\t\t\ttitle=\"dortmund03-14\"\n\t\t\t\t\talt=\"dortmund03-14\"\n\t\t\t\t\tsrc=\"http:\/\/www.lagottoromagnolo.org\/wp-content\/gallery\/expo03\/thumbs\/thumbs_dortmund03-14.jpg?t=1553033891\"\n\t\t\t\t\twidth=\"100\"\n\t\t\t\t\theight=\"75\"\n\t\t\t\t\tstyle=\"max-width:100%;\"\n\t\t\t\t\/>\n\t\t\t<\/a>\n\t\t<\/div>\n\t\t\t\t\t\t\t<\/div>\n\t\t\t\n\t\n\t<br style=\"clear: both\" \/>\n\n\t\n\t\t<div class=\"ngg-clear\"><\/div>\n\t<\/div>\n<\/p>\n<hr \/>\n<p style=\"text-align: left;\"><a id=\"bologna\"><\/a><span style=\"font-size: 6pt;\">.<\/span><\/p>\n<p style=\"text-align: center;\"><b><strong>ESPOSIZIONE INTERNAZIONALE \u00a0\u2013 MOSTRA SPECIALE<\/strong><\/b><\/p>\n<p style=\"text-align: center;\"><strong>BOLOGNA<\/strong><br \/>\n15 giugno\u00a02003<\/p>\n<p style=\"text-align: center;\">Giudice: <strong>Claudio De Giuliani<\/strong><\/p>\n<p><strong>Campioni maschi<\/strong>: 1\u00b0 ecc bob bog bis\u00a0 DEX delle Farnie all. e prop. Bernabei L.<br \/>\n<strong>Libera maschi<\/strong>: 1\u00b0 ecc cac TARTUFO delle Farnie all. Bernabei L. prop. Federici F., 2\u00b0 ecc IORIS delle Farnie all. e prop. Bernabei L., 3\u00b0 ecc FALCO di Casa Cleo all. Landi L. prop. Mangolini L.<\/p>\n<p><strong>Libera femmine<\/strong>: 1\u00b0 ecc cac DOMITILLA delle Farnie all. e prop. Bernabei L., 2\u00b0 ecc TUARA di Casa Cleo all. Landi L. prop. Monti F., 3\u00b0 ecc RIMBA delle Farnie all. Bernabei L. prop. D\u2019Oro A.<br \/>\n<strong>Giovani femmine<\/strong>: 1\u00b0 ecc MISSDORA all. e prop. Federici F.<br \/>\n<strong>Juniores femmine<\/strong>: 1\u00b0 PENELOPE all. Bartolini A. prop. Federici F.<\/p>\n<hr \/>\n<p style=\"text-align: left;\"><a id=\"argenta\"><\/a><span style=\"font-size: 6pt;\">.<\/span><\/p>\n<p style=\"text-align: center;\"><b><strong>ESPOSIZIONE INTERNAZIONALE \u00a0\u2013 MOSTRA SPECIALE<\/strong><\/b><\/p>\n<p style=\"text-align: center;\"><strong>ARGENTA<\/strong><br \/>\n14 settembre 2003<\/p>\n<p style=\"text-align: center;\">Giudice: <b><strong>Francesco Balducci<\/strong><\/b>, 20 iscritti<\/p>\n<p><b><strong>Campioni maschi<\/strong><\/b>: 1\u00b0 ecc DEX delle Farnie all. e prop. Bernabei L.<br \/>\n<b><strong>Libera maschi<\/strong><\/b>: 1\u00b0 ecc cac bob bog TRILLYVID delle Farnie all. e prop. Bernabei L., 2\u00b0 ecc ris.cac TARTUFO delle Farnie all. Bernabei L. prop. Federici F., 3\u00b0 ecc ALFIO all. Ciacci L. prop. Gozzi S.<br \/>\n<b><strong>Giovani maschi<\/strong><\/b>: 1\u00b0 ecc ELLIOT della Cascinetta all. e prop. Bassi F., 2\u00b0 ecc Falernum BURT all. Breviglieri S. prop. Goretti M.<\/p>\n<p><b><strong>Libera femmine<\/strong><\/b>: 1\u00b0 ecc cac ANNY di Casa Cleo all. e prop. Landi L., 2\u00b0\u00a0ecc ris.cac BERTILLA delle Farnie all. e prop. Bernabei L., 3\u00b0 ecc RIMBA delle Farnie all. Bernabei L. prop. D\u2019Oro A.<br \/>\n<b><strong>Giovani femmine<\/strong><\/b> 1\u00b0 ecc MISSDORA all. e prop. Federici F., 2\u00b0 ecc Falernum BICE all. e prop. Breviglieri S.<\/p>\n<hr \/>\n<p style=\"text-align: left;\"><a id=\"europea\"><\/a><span style=\"font-size: 6pt;\">.<\/span><\/p>\n<p style=\"text-align: center;\"><b><strong>ESPOSIZIONE\u00a0EUROPEA FCI 2003<\/strong><\/b><\/p>\n<p style=\"text-align: center;\"><strong>BRATISLAVA (SK)<\/strong><br \/>\n4 ottobre\u00a02003<\/p>\n<p style=\"text-align: center;\">ngg_shortcode_5_placeholder<\/p>\n<p style=\"text-align: center;\">Campione Europeo 2003, bob &#8211; <strong>DEX delle Farnie<\/strong> all. e prop. Bernabei L. e<br \/>\nCampionessa Europea 2003, bos &#8211; <strong>TRETMYSIAFARNIA<\/strong> all. e prop. Bernabei L.<\/p>\n<hr \/>\n<p style=\"text-align: left;\"><a id=\"bastia\"><\/a><span style=\"font-size: 6pt;\">.<\/span><\/p>\n<p style=\"text-align: center;\"><b><strong>ESPOSIZIONE INTERNAZIONALE \u00a0\u2013 MOSTRA SPECIALE<\/strong><\/b><\/p>\n<p style=\"text-align: center;\"><strong>BASTIA UMBRA<\/strong><br \/>\n12 ottobre 2003<\/p>\n<p style=\"text-align: center;\">Giudice: <b><strong>Claudio de Giuliani, <\/strong><\/b>23 iscritti<\/p>\n<p><b><strong>Campioni maschi<\/strong><\/b>: 1\u00b0 ecc bob DEX delle Farnie all. e prop. Bernabei L., 2\u00b0 ecc TIM delle Farnie all. e prop. Bernabei L.<br \/>\n<b><strong>Libera maschi<\/strong><\/b>: 1\u00b0 ecc cac TRILLYVID delle Farnie all. e prop. Bernabei L., 2\u00b0 ecc ris.cac DYLANDOG delle Farnie all. e prop. Bernabei L., 3\u00b0 mb EOLO del Monte della Dea all. Caira F. prop. Rondinini L.<br \/>\n<b><strong>Giovani maschi<\/strong><\/b>: 1\u00b0 mb ELLIOT della Cascinetta all. e prop. Bassi F., 2\u00b0 b Cryout DUCA AT NUGOLD all. All. Cryout prop. Brown N., 3\u00b0 b GERRY del Monte della Dea all. Caira F. prop. Passeri C.<\/p>\n<p><b><strong>Libera femmine<\/strong><\/b>: 1\u00b0 ecc cac COINCIDENZA delle Farnie all. Bernabei L. prop. Dondina P., 2\u00b0 ecc ris.cac RIMBA delle Farnie all. Bernabei L. prop. D\u2019Oro A., 3\u00b0 ecc BERTILLA delle Farnie all. e prop. Bernabei L.<\/p>\n<p><b><strong>Giovani femmine<\/strong><\/b>: 1\u00b0 ecc DEXY delle Farnie all. e prop. Bernabei L.<\/p>\n<hr \/>\n<p style=\"text-align: left;\"><span style=\"font-size: 6pt;\"><a id=\"bagnara\"><\/a>.<\/span><\/p>\n<p style=\"text-align: center;\"><strong>RADUNO MONDIALE U.M.LAG &#8211; CAMPIONATO SOCIALE C.I.L.<\/strong><\/p>\n<p style=\"text-align: center;\"><strong>BAGNARA DI ROMAGNA<\/strong><br \/>\n25 ottobre 2003<\/p>\n<p style=\"text-align: center;\">Giudice: <strong>Hans M\u00fcller<\/strong>, 62 iscritti<\/p>\n<p style=\"text-align: center;\">ngg_shortcode_6_placeholder<\/p>\n<p style=\"text-align: center;\">Il BOB \u00e8 andato a <strong>COINCIDENZA delle Farnie<\/strong>, all. Bernabei L. prop. Dondina P., vincitrice del Trofeo \u201cMemorial Antonio Morsiani\u201d per il miglior soggetto dell\u2019esposizione<\/p>\n<blockquote><p>Sabato, nel parco adiacente la Fondazione Antonio Morsiani di Studi sul Cane, si \u00e8 svolto il raduno con la presenza di oltre 60 lagotti provenienti da diversi paesi europei che hanno impegnato il dr. M\u00fcller offrendogli il panorama di una delle esposizioni qualitativamente migliori degli ultimi anni.<\/p>\n<p>Quando a Valpiana di Brisighella \u00e8 risalito sull\u2019auto che lo avrebbe riportato in Svizzera, il presidente della F.C.I. Hans M\u00fcller mi ha salutato calorosamente ma con una punta di rammarico. Si vedeva chiaramente non solo che si era davvero divertito, ma che gli dispiaceva sinceramente di lasciare quel mondo cinofilo e quell\u2019atmosfera di sportivit\u00e0 antica. Quando l\u2019ho rivisto, lo scorso gennaio all\u2019internazionale di Milano dove entrambi giudicavamo, L\u2019amico Hans M\u00fcller mi ha ancora voluto ringraziare per quegli indimenticabili giorni trascorsi in Romagna. In fondo il nostro Club, nonostante inevitabili cedimenti alle moderne tecnologie (che hanno portato anche i tartufai, che un tempo definivo personaggi incalliti, a servirsi del cellulare e del computer) rappresenta ancora una cinofilia d\u2019altri tempi, dove si respira \u201caria buona\u201d e dove certi valori di amicizia, rispetto e sportivit\u00e0 sono ancora prioritari.<\/p>\n<p>A mio parere, oltre alla bellezza e bravura dei nostri cani, proprio l\u2019atmosfera che circonda il nostro lagotto deve essere rimasta piacevolmente impressa al presidente della F.C.I.. Forse non s\u2019aspettava di riuscire ancora a trovare uno spicchio di cinofilia \u201csana e pulita\u201d, pur con le sue inevitabili discussioni e legittime opinioni.<\/p>\n<p>Il Club ha organizzato in maniera impeccabile il seminario tecnico di aggiornamento sulla razza, l\u2019esposizione dell\u2019U.M.LAG nonch\u00e9 Campionato Sociale C.I.L. e la prova di lavoro di Valpiana in memoria di Lodovico Babini. Proprio questi grandi personaggi che hanno fatto la storia della nostra razza sono stati ben presenti durante quei tre giorni. Il seminario ha rappresentato un punto fermo sulla corretta interpretazione dello standard, con particolare riferimento alle principali regioni del tipo e alla pi\u00f9 giusta toelettatura del mantello. Gilberto Grandi, coadiuvato da una toelettatrice professionale, ha sapientemente illustrato gli aspetti pi\u00f9 salienti della corretta toelettatura, ribadendo il concetto fondamentale che toelettatura non deve significare alterazione dei caratteri morfologici, n\u00e9 tanto meno caricaturizzazione o accentuazione di talune regioni anatomiche, bens\u00ec esaltazione funzionale della morfologia. Il folto pubblico presente fra cui, oltre al presidente F.C.I. abbiamo notato alcuni giudici dell\u2019E.N.C.I., il presidente del Gruppo Cinofilo Ravennate (che a conferma del suo costante interessamento per l\u2019attivit\u00e0 del C.I.L., ha offerto a M\u00fcller un dono a ricordo dell\u2019evento) nonch\u00e9 diversi allevatori e rappresentanti di Club Lagotto anche esteri. Sia l\u2019intervento del dr. Ferdinando Bassi, incentrato sulle patologie ereditarie oggi riscontrabili nella nostra razza, che quello del nostro vice presidente Paolo Alessandrini, riguardante le principali problematiche legate al lavoro, hanno contribuito a completare la prospettiva attuale della razza a livello internazionale. Ci\u00f2 \u00e8 particolarmente importante se si pensa che siamo in prossimit\u00e0 del riconoscimento internazionale definitivo della F.C.I..<br \/>\nOttimo il numero e la qualit\u00e0 complessiva dei soggetti iscritti al raduno internazionale di bellezza, che al sabato ha visto la presenza di soggetti da molti paesi europei. Decisamente significativa l\u2019omogeneit\u00e0 complessiva dei cani esposti, indipendentemente da origine genetica e geografica. L\u2019alto numero di massime qualifiche assegnate dal giudica M\u00fcller testimonia altres\u00ec l\u2019attuale stato di salute morfologica della razza e la capacit\u00e0 dei lagottisti di interpretare bene lo standard scegliendo con cura i soggetti da presentare in esposizione. Veramente spettacolari le due classi libere, con particolare riferimento a quella delle femmine che ha poi determinato il BOB. Tenendo conto dell\u2019alto numero di cani iscritti ritengo che il lavoro del giudice sia stato complessivamente valido, anche in considerazione della sua poca abitudine a vedere un numero cos\u00ec grande di lagotti in una volta sola. I soggetti vincitori delle varie classi rappresentano degnamente lo standard ed anche il BOB, al di la di una qualche leziosit\u00e0 pi\u00f9 che altro da mettere in relazione a presentazione e toelettatura, \u00e8 un buon rappresentante della razza. Gli espositori si sono distinti per correttezza e sportivit\u00e0, mentre l\u2019organizzazione sia di ring che complessiva dell\u2019esposizione \u00e8 stata veramente efficiente. Ognuno ha svolto il proprio compito con puntualit\u00e0 e tutti gli osservatori esterni presenti hanno rimarcato l\u2019armonia e la voglia di fare che attualmente caratterizzano il nostro sodalizio.<\/p>\n<p>Di grande impatto poi, sia per la suggestione dei luoghi che per la bellezza naturale dei terreni, la prova di lavoro di Valpiana svoltasi alla domenica. L\u2019altissimo numero di concorrenti ha costretto tutti a \u201cfare le ore piccole\u201d, sostituendo praticamente il pranzo con una cena anticipata. La prova di lavoro \u00e8 stata caratterizzata da presenze di soggetti provenienti, come per il raduno di bellezza, da diverse parti d\u2019Italia e anche dall\u2019estero. Certamente non facile il compito dei giudici che ho notato si sono notevolmente perfezionati nelle modalit\u00e0 e tecniche di giudizio, anche se i testi dei giudizi stessi sono da migliorare in chiarezza espositiva.<\/p>\n<p>A conclusione dobbiamo ritenerci estremamente soddisfatti per i risultati ed i sacrifici organizzativi ed anche economici imposti dall\u2019evento. Un viatico eccezionale per il futuro della nostra razza e la certezza di aver scritto un capitolo significativo nella storia recente del Lagotto Romagnolo.<\/p>\n<p>Giovanni Morsiani<\/p><\/blockquote>\n<p style=\"text-align: center;\">ngg_shortcode_7_placeholder<\/p>\n<p><strong>Campioni maschi:<\/strong> 1\u00b0 ecc BOBO delle Farnie all. e prop. Bernabei L., 2\u00b0 ecc PALI\u2019 all. Fabbri L. prop. Landi L., 3\u00b0 ecc FIOCCO di Casa Cleo all. Landi L. prop. Scheffel E., 4\u00b0 ecc Scheffelf\u00e4ltets ZILU\u2019 E\u2019 ZIO all. e prop. Scheffel E.<br \/>\n<strong>Libera maschi:<\/strong> 1\u00b0 ecc cac bos Campione Sociale\u00a0Scheffelf\u00e4ltets DON DINAMICO all. e prop. Scheffel E., 2\u00b0 ecc ris.cac BARTFARNIE all. e prop. Bernabei L., 3\u00b0 ecc TARTUFO delle Farnie all. Bernabei L. prop. Federici F., 4\u00b0 ecc DYLANDOG delle Farnie all. e prop. Bernabei L.<br \/>\n<strong>Giovani maschi:<\/strong> 1\u00b0 ecc Campione Sociale Giovani, miglior giovane ELLIOT della Cascinetta all. e prop. Bassi F., 2\u00b0 ecc ARNO delle Farnie all. e prop. Bernabei L., 3\u00b0 ecc SUPER di Casa Cleo all. e prop. Landi L. , 4\u00b0 ecc REY all. e prop. Marinelli C.<br \/>\n<strong>Cuccioli maschi:<\/strong> 1\u00b0 mp MATT all. e prop. Morara M., 2\u00b0 mp FOX all. Bernardi L. prop. Bassi F., 3\u00b0 mp Tommaso del Ginestreto all. e prop. Zavagli E.<\/p>\n<p><strong>Campioni femmine:<\/strong> 1\u00b0 ecc TRETMYSIAFARNIA all. e prop. Bernabei L. , 2\u00b0 ecc Scheffelf\u00e4ltets ELISEA ELEGANTE all. e prop. Scheffel E. , 3\u00b0 ecc MOMO da Tart\u00f2fla all. e prop. Machler M., 4\u00b0 ecc CORA della Cascinetta all. e prop. Bassi F.<br \/>\n<strong>Libera femmine:<\/strong> 1\u00b0 ecc cac\u00a0bob Campione Sociale COINCIDENZA delle Farnie all. Bernabei L. prop. Dondina P. , 2\u00b0 ecc ris.cac DOMITILLA delle Farnie all. e prop. Bernabei L., 3\u00b0 ecc RIMBA delle Farnie all. Bernabei L. prop. D\u2019Oro A. , 4\u00b0 ecc TUARA di Casa Cleo all. Landi L. prop. Monti F.<br \/>\n<strong>Giovani femmine:<\/strong> 1\u00b0 ecc Campione Sociale Giovani BRENNJ delle Farnie all. e prop. Bernabei L., 2\u00b0 ecc MISSDORA all. e prop. Federici F., 3\u00b0 mb DEXIE delle Farnie all. e prop. Bernabei L., 4\u00b0 mb PENELOPE all. Bartolini A. prop. Federici F.<br \/>\n<strong>Juniores femmine:<\/strong> 1\u00b0 mp OLALA\u2019 da Tart\u00f2fla all. e prop. Machler M.<br \/>\n<strong>Cuccioli femmine:<\/strong> 1\u00b0 mp LISA all. Coop: La Quercia prop. Govi F.<\/p>\n<p><!-- default-view.php -->\n<div\n\tclass=\"ngg-galleryoverview default-view\n\t\t\"\n\tid=\"ngg-gallery-f62517475c01360cfb14755631218494-1\"\n\tdata-nextgen-gallery-id=\"136\"\n\tdata-gallery-id=\"136\"\n\t\tdata-gallery-name=\"expo03\"\n\t>\n\n\t\t<!-- Thumbnails -->\n\t\t\t\t<div id=\"ngg-image-0\" class=\"ngg-gallery-thumbnail-box\n\t\t\t\t\t\t\t\tngg-6-columns\t\t\t\"\n\t\t\t>\n\t\t\t\t\t\t<div class=\"ngg-gallery-thumbnail\">\n\t\t<a href=\"http:\/\/www.lagottoromagnolo.org\/wp-content\/gallery\/expo03\/bagnara03-01.jpg?t=1497027079\"\n\t\t\ttitle=\"Campioni maschi: 1\u00b0 ecc BOBO delle Farnie all. e prop. Bernabei L., 2\u00b0 ecc PALI\u2019 all. Fabbri L. prop. Landi L., 3\u00b0 ecc FIOCCO di Casa Cleo all. Landi L. prop. Scheffel E., 4\u00b0 ecc Scheffelf\u00e4ltets ZILU\u2019 E\u2019 ZIO all. e prop. Scheffel E.\"\n\t\t\tdata-src=\"http:\/\/www.lagottoromagnolo.org\/wp-content\/gallery\/expo03\/bagnara03-01.jpg?t=1497027079\"\n\t\t\tdata-thumbnail=\"http:\/\/www.lagottoromagnolo.org\/wp-content\/gallery\/expo03\/thumbs\/thumbs_bagnara03-01.jpg?t=1497027079\"\n\t\t\tdata-image-id=\"450\"\n\t\t\tdata-image-name=\"bagnara03-01.jpg\"\n\t\t\tdata-title=\"bagnara03-01\"\n\t\t\tdata-description=\"Campioni maschi: 1\u00b0 ecc BOBO delle Farnie all. e prop. Bernabei L., 2\u00b0 ecc PALI\u2019 all. Fabbri L. prop. Landi L., 3\u00b0 ecc FIOCCO di Casa Cleo all. Landi L. prop. Scheffel E., 4\u00b0 ecc Scheffelf\u00e4ltets ZILU\u2019 E\u2019 ZIO all. e prop. Scheffel E.\"\n\t\t\tdata-image-slug=\"bagnara03-01\"\n\t\t\t\t\t\t\t\t\t\t\t\t\t\t\t\t\t\t\t\tclass=\"ngg-fancybox\" rel=\"f62517475c01360cfb14755631218494\">\n\t\t\t\t\t\t\t\t<img\n\t\t\t\t\ttitle=\"bagnara03-01\"\n\t\t\t\t\talt=\"bagnara03-01\"\n\t\t\t\t\tsrc=\"http:\/\/www.lagottoromagnolo.org\/wp-content\/gallery\/expo03\/thumbs\/thumbs_bagnara03-01.jpg?t=1497027079\"\n\t\t\t\t\twidth=\"100\"\n\t\t\t\t\theight=\"75\"\n\t\t\t\t\tstyle=\"max-width:100%;\"\n\t\t\t\t\/>\n\t\t\t<\/a>\n\t\t<\/div>\n\t\t\t\t\t\t\t<\/div>\n\t\t\t\n\t\t\t\t<div id=\"ngg-image-1\" class=\"ngg-gallery-thumbnail-box\n\t\t\t\t\t\t\t\tngg-6-columns\t\t\t\"\n\t\t\t>\n\t\t\t\t\t\t<div class=\"ngg-gallery-thumbnail\">\n\t\t<a href=\"http:\/\/www.lagottoromagnolo.org\/wp-content\/gallery\/expo03\/bagnara03-02.jpg?t=1497025874\"\n\t\t\ttitle=\"Libera maschi: 1\u00b0 ecc cac bos Campione Sociale Scheffelf\u00e4ltets DON DINAMICO all. e prop. Scheffel E., 2\u00b0 ecc ris.cac BARTFARNIE all. e prop. Bernabei L., 3\u00b0 ecc TARTUFO delle Farnie all. Bernabei L. prop. Federici F., 4\u00b0 ecc DYLANDOG delle Farnie all. e prop. Bernabei L.\"\n\t\t\tdata-src=\"http:\/\/www.lagottoromagnolo.org\/wp-content\/gallery\/expo03\/bagnara03-02.jpg?t=1497025874\"\n\t\t\tdata-thumbnail=\"http:\/\/www.lagottoromagnolo.org\/wp-content\/gallery\/expo03\/thumbs\/thumbs_bagnara03-02.jpg?t=1497025874\"\n\t\t\tdata-image-id=\"451\"\n\t\t\tdata-image-name=\"bagnara03-02.jpg\"\n\t\t\tdata-title=\"bagnara03-02\"\n\t\t\tdata-description=\"Libera maschi: 1\u00b0 ecc cac bos Campione Sociale Scheffelf\u00e4ltets DON DINAMICO all. e prop. Scheffel E., 2\u00b0 ecc ris.cac BARTFARNIE all. e prop. Bernabei L., 3\u00b0 ecc TARTUFO delle Farnie all. Bernabei L. prop. Federici F., 4\u00b0 ecc DYLANDOG delle Farnie all. e prop. Bernabei L.\"\n\t\t\tdata-image-slug=\"bagnara03-02-1\"\n\t\t\t\t\t\t\t\t\t\t\t\t\t\t\t\t\t\t\t\tclass=\"ngg-fancybox\" rel=\"f62517475c01360cfb14755631218494\">\n\t\t\t\t\t\t\t\t<img\n\t\t\t\t\ttitle=\"bagnara03-02\"\n\t\t\t\t\talt=\"bagnara03-02\"\n\t\t\t\t\tsrc=\"http:\/\/www.lagottoromagnolo.org\/wp-content\/gallery\/expo03\/thumbs\/thumbs_bagnara03-02.jpg?t=1497025874\"\n\t\t\t\t\twidth=\"100\"\n\t\t\t\t\theight=\"75\"\n\t\t\t\t\tstyle=\"max-width:100%;\"\n\t\t\t\t\/>\n\t\t\t<\/a>\n\t\t<\/div>\n\t\t\t\t\t\t\t<\/div>\n\t\t\t\n\t\t\t\t<div id=\"ngg-image-2\" class=\"ngg-gallery-thumbnail-box\n\t\t\t\t\t\t\t\tngg-6-columns\t\t\t\"\n\t\t\t>\n\t\t\t\t\t\t<div class=\"ngg-gallery-thumbnail\">\n\t\t<a href=\"http:\/\/www.lagottoromagnolo.org\/wp-content\/gallery\/expo03\/bagnara03-03.jpg?t=1497025874\"\n\t\t\ttitle=\"Giovani maschi: 1\u00b0 ecc Campione Sociale Giovani,miglior giovane ELLIOT della Cascinetta all. e prop. Bassi F., 2\u00b0 ecc ARNO delle Farnie all. e prop. Bernabei L., 3\u00b0 ecc SUPER di Casa Cleo all. e prop. Landi L. , 4\u00b0 ecc REY all. e prop. Marinelli C.\"\n\t\t\tdata-src=\"http:\/\/www.lagottoromagnolo.org\/wp-content\/gallery\/expo03\/bagnara03-03.jpg?t=1497025874\"\n\t\t\tdata-thumbnail=\"http:\/\/www.lagottoromagnolo.org\/wp-content\/gallery\/expo03\/thumbs\/thumbs_bagnara03-03.jpg?t=1497025874\"\n\t\t\tdata-image-id=\"452\"\n\t\t\tdata-image-name=\"bagnara03-03.jpg\"\n\t\t\tdata-title=\"bagnara03-03\"\n\t\t\tdata-description=\"Giovani maschi: 1\u00b0 ecc Campione Sociale Giovani,miglior giovane ELLIOT della Cascinetta all. e prop. Bassi F., 2\u00b0 ecc ARNO delle Farnie all. e prop. Bernabei L., 3\u00b0 ecc SUPER di Casa Cleo all. e prop. Landi L. , 4\u00b0 ecc REY all. e prop. Marinelli C.\"\n\t\t\tdata-image-slug=\"bagnara03-03-1\"\n\t\t\t\t\t\t\t\t\t\t\t\t\t\t\t\t\t\t\t\tclass=\"ngg-fancybox\" rel=\"f62517475c01360cfb14755631218494\">\n\t\t\t\t\t\t\t\t<img\n\t\t\t\t\ttitle=\"bagnara03-03\"\n\t\t\t\t\talt=\"bagnara03-03\"\n\t\t\t\t\tsrc=\"http:\/\/www.lagottoromagnolo.org\/wp-content\/gallery\/expo03\/thumbs\/thumbs_bagnara03-03.jpg?t=1497025874\"\n\t\t\t\t\twidth=\"100\"\n\t\t\t\t\theight=\"75\"\n\t\t\t\t\tstyle=\"max-width:100%;\"\n\t\t\t\t\/>\n\t\t\t<\/a>\n\t\t<\/div>\n\t\t\t\t\t\t\t<\/div>\n\t\t\t\n\t\t\t\t<div id=\"ngg-image-3\" class=\"ngg-gallery-thumbnail-box\n\t\t\t\t\t\t\t\tngg-6-columns\t\t\t\"\n\t\t\t>\n\t\t\t\t\t\t<div class=\"ngg-gallery-thumbnail\">\n\t\t<a href=\"http:\/\/www.lagottoromagnolo.org\/wp-content\/gallery\/expo03\/bagnara03-04.jpg?t=1497025874\"\n\t\t\ttitle=\"Cuccioli maschi: 1\u00b0 mp MATT all. e prop. Morara M., 2\u00b0 mp FOX all. Bernardi L. prop. Bassi F., 3\u00b0 mp Tommaso del Ginestreto all. e prop. Zavagli E.\"\n\t\t\tdata-src=\"http:\/\/www.lagottoromagnolo.org\/wp-content\/gallery\/expo03\/bagnara03-04.jpg?t=1497025874\"\n\t\t\tdata-thumbnail=\"http:\/\/www.lagottoromagnolo.org\/wp-content\/gallery\/expo03\/thumbs\/thumbs_bagnara03-04.jpg?t=1497025874\"\n\t\t\tdata-image-id=\"453\"\n\t\t\tdata-image-name=\"bagnara03-04.jpg\"\n\t\t\tdata-title=\"bagnara03-04\"\n\t\t\tdata-description=\"Cuccioli maschi: 1\u00b0 mp MATT all. e prop. Morara M., 2\u00b0 mp FOX all. Bernardi L. prop. Bassi F., 3\u00b0 mp Tommaso del Ginestreto all. e prop. Zavagli E.\"\n\t\t\tdata-image-slug=\"bagnara03-04-1\"\n\t\t\t\t\t\t\t\t\t\t\t\t\t\t\t\t\t\t\t\tclass=\"ngg-fancybox\" rel=\"f62517475c01360cfb14755631218494\">\n\t\t\t\t\t\t\t\t<img\n\t\t\t\t\ttitle=\"bagnara03-04\"\n\t\t\t\t\talt=\"bagnara03-04\"\n\t\t\t\t\tsrc=\"http:\/\/www.lagottoromagnolo.org\/wp-content\/gallery\/expo03\/thumbs\/thumbs_bagnara03-04.jpg?t=1497025874\"\n\t\t\t\t\twidth=\"100\"\n\t\t\t\t\theight=\"75\"\n\t\t\t\t\tstyle=\"max-width:100%;\"\n\t\t\t\t\/>\n\t\t\t<\/a>\n\t\t<\/div>\n\t\t\t\t\t\t\t<\/div>\n\t\t\t\n\t\t\t\t<div id=\"ngg-image-4\" class=\"ngg-gallery-thumbnail-box\n\t\t\t\t\t\t\t\tngg-6-columns\t\t\t\"\n\t\t\t>\n\t\t\t\t\t\t<div class=\"ngg-gallery-thumbnail\">\n\t\t<a href=\"http:\/\/www.lagottoromagnolo.org\/wp-content\/gallery\/expo03\/bagnara03-05.jpg?t=1497025874\"\n\t\t\ttitle=\"Campioni femmine: 1\u00b0 ecc TRETMYSIAFARNIA all. e prop. Bernabei L. , 2\u00b0 ecc Scheffelf\u00e4ltets ELISEA ELEGANTE all. e prop. Scheffel E. , 3\u00b0 ecc MOMO da Tart\u00f2fla all. e prop. Machler M., 4\u00b0 ecc CORA della Cascinetta all. e prop. Bassi F.\"\n\t\t\tdata-src=\"http:\/\/www.lagottoromagnolo.org\/wp-content\/gallery\/expo03\/bagnara03-05.jpg?t=1497025874\"\n\t\t\tdata-thumbnail=\"http:\/\/www.lagottoromagnolo.org\/wp-content\/gallery\/expo03\/thumbs\/thumbs_bagnara03-05.jpg?t=1497025874\"\n\t\t\tdata-image-id=\"454\"\n\t\t\tdata-image-name=\"bagnara03-05.jpg\"\n\t\t\tdata-title=\"bagnara03-05\"\n\t\t\tdata-description=\"Campioni femmine: 1\u00b0 ecc TRETMYSIAFARNIA all. e prop. Bernabei L. , 2\u00b0 ecc Scheffelf\u00e4ltets ELISEA ELEGANTE all. e prop. Scheffel E. , 3\u00b0 ecc MOMO da Tart\u00f2fla all. e prop. Machler M., 4\u00b0 ecc CORA della Cascinetta all. e prop. Bassi F.\"\n\t\t\tdata-image-slug=\"bagnara03-05\"\n\t\t\t\t\t\t\t\t\t\t\t\t\t\t\t\t\t\t\t\tclass=\"ngg-fancybox\" rel=\"f62517475c01360cfb14755631218494\">\n\t\t\t\t\t\t\t\t<img\n\t\t\t\t\ttitle=\"bagnara03-05\"\n\t\t\t\t\talt=\"bagnara03-05\"\n\t\t\t\t\tsrc=\"http:\/\/www.lagottoromagnolo.org\/wp-content\/gallery\/expo03\/thumbs\/thumbs_bagnara03-05.jpg?t=1497025874\"\n\t\t\t\t\twidth=\"100\"\n\t\t\t\t\theight=\"75\"\n\t\t\t\t\tstyle=\"max-width:100%;\"\n\t\t\t\t\/>\n\t\t\t<\/a>\n\t\t<\/div>\n\t\t\t\t\t\t\t<\/div>\n\t\t\t\n\t\t\t\t<div id=\"ngg-image-5\" class=\"ngg-gallery-thumbnail-box\n\t\t\t\t\t\t\t\tngg-6-columns\t\t\t\"\n\t\t\t>\n\t\t\t\t\t\t<div class=\"ngg-gallery-thumbnail\">\n\t\t<a href=\"http:\/\/www.lagottoromagnolo.org\/wp-content\/gallery\/expo03\/bagnara03-06.jpg?t=1497025874\"\n\t\t\ttitle=\"Libera femmine: 1\u00b0 ecc cac bob Campione Sociale COINCIDENZA delle Farnie all. Bernabei L. prop. Dondina P. , 2\u00b0 ecc ris.cac DOMITILLA delle Farnie all. e prop. Bernabei L., 3\u00b0 ecc RIMBA delle Farnie all. Bernabei L. prop. D\u2019Oro A. , 4\u00b0 ecc TUARA di Casa Cleo all. Landi L. prop. Monti F.\"\n\t\t\tdata-src=\"http:\/\/www.lagottoromagnolo.org\/wp-content\/gallery\/expo03\/bagnara03-06.jpg?t=1497025874\"\n\t\t\tdata-thumbnail=\"http:\/\/www.lagottoromagnolo.org\/wp-content\/gallery\/expo03\/thumbs\/thumbs_bagnara03-06.jpg?t=1497025874\"\n\t\t\tdata-image-id=\"455\"\n\t\t\tdata-image-name=\"bagnara03-06.jpg\"\n\t\t\tdata-title=\"bagnara03-06\"\n\t\t\tdata-description=\"Libera femmine: 1\u00b0 ecc cac bob Campione Sociale COINCIDENZA delle Farnie all. Bernabei L. prop. Dondina P. , 2\u00b0 ecc ris.cac DOMITILLA delle Farnie all. e prop. Bernabei L., 3\u00b0 ecc RIMBA delle Farnie all. Bernabei L. prop. D\u2019Oro A. , 4\u00b0 ecc TUARA di Casa Cleo all. Landi L. prop. Monti F.\"\n\t\t\tdata-image-slug=\"bagnara03-06\"\n\t\t\t\t\t\t\t\t\t\t\t\t\t\t\t\t\t\t\t\tclass=\"ngg-fancybox\" rel=\"f62517475c01360cfb14755631218494\">\n\t\t\t\t\t\t\t\t<img\n\t\t\t\t\ttitle=\"bagnara03-06\"\n\t\t\t\t\talt=\"bagnara03-06\"\n\t\t\t\t\tsrc=\"http:\/\/www.lagottoromagnolo.org\/wp-content\/gallery\/expo03\/thumbs\/thumbs_bagnara03-06.jpg?t=1497025874\"\n\t\t\t\t\twidth=\"100\"\n\t\t\t\t\theight=\"75\"\n\t\t\t\t\tstyle=\"max-width:100%;\"\n\t\t\t\t\/>\n\t\t\t<\/a>\n\t\t<\/div>\n\t\t\t\t\t\t\t<\/div>\n\t\t\t\n\t\t\t\t<div id=\"ngg-image-6\" class=\"ngg-gallery-thumbnail-box\n\t\t\t\t\t\t\t\tngg-6-columns\t\t\t\"\n\t\t\t>\n\t\t\t\t\t\t<div class=\"ngg-gallery-thumbnail\">\n\t\t<a href=\"http:\/\/www.lagottoromagnolo.org\/wp-content\/gallery\/expo03\/bagnara03-07.jpg?t=1497025874\"\n\t\t\ttitle=\"Giovani femmine: 1\u00b0 ecc Campione Sociale Giovani BRENNJ delle Farnie all. e prop. Bernabei L., 2\u00b0 ecc MISSDORA all. e prop. Federici F., 3\u00b0 mb DEXIE delle Farnie all. e prop. Bernabei L., 4\u00b0 mb PENELOPE all. Bartolini A. prop. Federici F.\"\n\t\t\tdata-src=\"http:\/\/www.lagottoromagnolo.org\/wp-content\/gallery\/expo03\/bagnara03-07.jpg?t=1497025874\"\n\t\t\tdata-thumbnail=\"http:\/\/www.lagottoromagnolo.org\/wp-content\/gallery\/expo03\/thumbs\/thumbs_bagnara03-07.jpg?t=1497025874\"\n\t\t\tdata-image-id=\"456\"\n\t\t\tdata-image-name=\"bagnara03-07.jpg\"\n\t\t\tdata-title=\"bagnara03-07\"\n\t\t\tdata-description=\"Giovani femmine: 1\u00b0 ecc Campione Sociale Giovani BRENNJ delle Farnie all. e prop. Bernabei L., 2\u00b0 ecc MISSDORA all. e prop. Federici F., 3\u00b0 mb DEXIE delle Farnie all. e prop. Bernabei L., 4\u00b0 mb PENELOPE all. Bartolini A. prop. Federici F.\"\n\t\t\tdata-image-slug=\"bagnara03-07\"\n\t\t\t\t\t\t\t\t\t\t\t\t\t\t\t\t\t\t\t\tclass=\"ngg-fancybox\" rel=\"f62517475c01360cfb14755631218494\">\n\t\t\t\t\t\t\t\t<img\n\t\t\t\t\ttitle=\"bagnara03-07\"\n\t\t\t\t\talt=\"bagnara03-07\"\n\t\t\t\t\tsrc=\"http:\/\/www.lagottoromagnolo.org\/wp-content\/gallery\/expo03\/thumbs\/thumbs_bagnara03-07.jpg?t=1497025874\"\n\t\t\t\t\twidth=\"100\"\n\t\t\t\t\theight=\"75\"\n\t\t\t\t\tstyle=\"max-width:100%;\"\n\t\t\t\t\/>\n\t\t\t<\/a>\n\t\t<\/div>\n\t\t\t\t\t\t\t<\/div>\n\t\t\t\n\t\t\t\t<div id=\"ngg-image-7\" class=\"ngg-gallery-thumbnail-box\n\t\t\t\t\t\t\t\tngg-6-columns\t\t\t\"\n\t\t\t>\n\t\t\t\t\t\t<div class=\"ngg-gallery-thumbnail\">\n\t\t<a href=\"http:\/\/www.lagottoromagnolo.org\/wp-content\/gallery\/expo03\/bagnara03-08.jpg?t=1497025874\"\n\t\t\ttitle=\"Cuccioli femmine: 1\u00b0 mp LISA all. Coop: La Quercia prop. Govi F.\"\n\t\t\tdata-src=\"http:\/\/www.lagottoromagnolo.org\/wp-content\/gallery\/expo03\/bagnara03-08.jpg?t=1497025874\"\n\t\t\tdata-thumbnail=\"http:\/\/www.lagottoromagnolo.org\/wp-content\/gallery\/expo03\/thumbs\/thumbs_bagnara03-08.jpg?t=1497025874\"\n\t\t\tdata-image-id=\"457\"\n\t\t\tdata-image-name=\"bagnara03-08.jpg\"\n\t\t\tdata-title=\"bagnara03-08\"\n\t\t\tdata-description=\"Cuccioli femmine: 1\u00b0 mp LISA all. Coop: La Quercia prop. Govi F.\"\n\t\t\tdata-image-slug=\"bagnara03-08\"\n\t\t\t\t\t\t\t\t\t\t\t\t\t\t\t\t\t\t\t\tclass=\"ngg-fancybox\" rel=\"f62517475c01360cfb14755631218494\">\n\t\t\t\t\t\t\t\t<img\n\t\t\t\t\ttitle=\"bagnara03-08\"\n\t\t\t\t\talt=\"bagnara03-08\"\n\t\t\t\t\tsrc=\"http:\/\/www.lagottoromagnolo.org\/wp-content\/gallery\/expo03\/thumbs\/thumbs_bagnara03-08.jpg?t=1497025874\"\n\t\t\t\t\twidth=\"100\"\n\t\t\t\t\theight=\"75\"\n\t\t\t\t\tstyle=\"max-width:100%;\"\n\t\t\t\t\/>\n\t\t\t<\/a>\n\t\t<\/div>\n\t\t\t\t\t\t\t<\/div>\n\t\t\t\n\t\t\t\t<div id=\"ngg-image-8\" class=\"ngg-gallery-thumbnail-box\n\t\t\t\t\t\t\t\tngg-6-columns\t\t\t\"\n\t\t\t>\n\t\t\t\t\t\t<div class=\"ngg-gallery-thumbnail\">\n\t\t<a href=\"http:\/\/www.lagottoromagnolo.org\/wp-content\/gallery\/expo03\/bagnara03-09.jpg?t=1497025874\"\n\t\t\ttitle=\"Miglior maschio: Scheffelf\u00e4ltets DON DINAMICO all. e prop. Scheffel E.\"\n\t\t\tdata-src=\"http:\/\/www.lagottoromagnolo.org\/wp-content\/gallery\/expo03\/bagnara03-09.jpg?t=1497025874\"\n\t\t\tdata-thumbnail=\"http:\/\/www.lagottoromagnolo.org\/wp-content\/gallery\/expo03\/thumbs\/thumbs_bagnara03-09.jpg?t=1497025874\"\n\t\t\tdata-image-id=\"458\"\n\t\t\tdata-image-name=\"bagnara03-09.jpg\"\n\t\t\tdata-title=\"bagnara03-09\"\n\t\t\tdata-description=\"Miglior maschio: Scheffelf\u00e4ltets DON DINAMICO all. e prop. Scheffel E.\"\n\t\t\tdata-image-slug=\"bagnara03-09\"\n\t\t\t\t\t\t\t\t\t\t\t\t\t\t\t\t\t\t\t\tclass=\"ngg-fancybox\" rel=\"f62517475c01360cfb14755631218494\">\n\t\t\t\t\t\t\t\t<img\n\t\t\t\t\ttitle=\"bagnara03-09\"\n\t\t\t\t\talt=\"bagnara03-09\"\n\t\t\t\t\tsrc=\"http:\/\/www.lagottoromagnolo.org\/wp-content\/gallery\/expo03\/thumbs\/thumbs_bagnara03-09.jpg?t=1497025874\"\n\t\t\t\t\twidth=\"100\"\n\t\t\t\t\theight=\"75\"\n\t\t\t\t\tstyle=\"max-width:100%;\"\n\t\t\t\t\/>\n\t\t\t<\/a>\n\t\t<\/div>\n\t\t\t\t\t\t\t<\/div>\n\t\t\t\n\t\t\t\t<div id=\"ngg-image-9\" class=\"ngg-gallery-thumbnail-box\n\t\t\t\t\t\t\t\tngg-6-columns\t\t\t\"\n\t\t\t>\n\t\t\t\t\t\t<div class=\"ngg-gallery-thumbnail\">\n\t\t<a href=\"http:\/\/www.lagottoromagnolo.org\/wp-content\/gallery\/expo03\/bagnara03-10.jpg?t=1497025874\"\n\t\t\ttitle=\"Miglior femmina: COINCIDENZA delle Farnie all. Bernabei L. prop. Dondina P.\"\n\t\t\tdata-src=\"http:\/\/www.lagottoromagnolo.org\/wp-content\/gallery\/expo03\/bagnara03-10.jpg?t=1497025874\"\n\t\t\tdata-thumbnail=\"http:\/\/www.lagottoromagnolo.org\/wp-content\/gallery\/expo03\/thumbs\/thumbs_bagnara03-10.jpg?t=1497025874\"\n\t\t\tdata-image-id=\"459\"\n\t\t\tdata-image-name=\"bagnara03-10.jpg\"\n\t\t\tdata-title=\"bagnara03-10\"\n\t\t\tdata-description=\"Miglior femmina: COINCIDENZA delle Farnie all. Bernabei L. prop. Dondina P.\"\n\t\t\tdata-image-slug=\"bagnara03-10\"\n\t\t\t\t\t\t\t\t\t\t\t\t\t\t\t\t\t\t\t\tclass=\"ngg-fancybox\" rel=\"f62517475c01360cfb14755631218494\">\n\t\t\t\t\t\t\t\t<img\n\t\t\t\t\ttitle=\"bagnara03-10\"\n\t\t\t\t\talt=\"bagnara03-10\"\n\t\t\t\t\tsrc=\"http:\/\/www.lagottoromagnolo.org\/wp-content\/gallery\/expo03\/thumbs\/thumbs_bagnara03-10.jpg?t=1497025874\"\n\t\t\t\t\twidth=\"100\"\n\t\t\t\t\theight=\"75\"\n\t\t\t\t\tstyle=\"max-width:100%;\"\n\t\t\t\t\/>\n\t\t\t<\/a>\n\t\t<\/div>\n\t\t\t\t\t\t\t<\/div>\n\t\t\t\n\t\t\t\t<div id=\"ngg-image-10\" class=\"ngg-gallery-thumbnail-box\n\t\t\t\t\t\t\t\tngg-6-columns\t\t\t\"\n\t\t\t>\n\t\t\t\t\t\t<div class=\"ngg-gallery-thumbnail\">\n\t\t<a href=\"http:\/\/www.lagottoromagnolo.org\/wp-content\/gallery\/expo03\/bagnara03-12.jpg?t=1497025874\"\n\t\t\ttitle=\"Miglior giovane ELLIOT della Cascinetta all. e prop. Bassi F.\"\n\t\t\tdata-src=\"http:\/\/www.lagottoromagnolo.org\/wp-content\/gallery\/expo03\/bagnara03-12.jpg?t=1497025874\"\n\t\t\tdata-thumbnail=\"http:\/\/www.lagottoromagnolo.org\/wp-content\/gallery\/expo03\/thumbs\/thumbs_bagnara03-12.jpg?t=1497025874\"\n\t\t\tdata-image-id=\"460\"\n\t\t\tdata-image-name=\"bagnara03-12.jpg\"\n\t\t\tdata-title=\"bagnara03-12\"\n\t\t\tdata-description=\"Miglior giovane ELLIOT della Cascinetta all. e prop. Bassi F.\"\n\t\t\tdata-image-slug=\"bagnara03-12\"\n\t\t\t\t\t\t\t\t\t\t\t\t\t\t\t\t\t\t\t\tclass=\"ngg-fancybox\" rel=\"f62517475c01360cfb14755631218494\">\n\t\t\t\t\t\t\t\t<img\n\t\t\t\t\ttitle=\"bagnara03-12\"\n\t\t\t\t\talt=\"bagnara03-12\"\n\t\t\t\t\tsrc=\"http:\/\/www.lagottoromagnolo.org\/wp-content\/gallery\/expo03\/thumbs\/thumbs_bagnara03-12.jpg?t=1497025874\"\n\t\t\t\t\twidth=\"100\"\n\t\t\t\t\theight=\"75\"\n\t\t\t\t\tstyle=\"max-width:100%;\"\n\t\t\t\t\/>\n\t\t\t<\/a>\n\t\t<\/div>\n\t\t\t\t\t\t\t<\/div>\n\t\t\t\n\t\t\t\t<div id=\"ngg-image-11\" class=\"ngg-gallery-thumbnail-box\n\t\t\t\t\t\t\t\tngg-6-columns\t\t\t\"\n\t\t\t>\n\t\t\t\t\t\t<div class=\"ngg-gallery-thumbnail\">\n\t\t<a href=\"http:\/\/www.lagottoromagnolo.org\/wp-content\/gallery\/expo03\/bagnara03-13.jpg?t=1497025874\"\n\t\t\ttitle=\"Miglior coppia: Tartufo delle Farnie - Missdora prop. Federici F.\"\n\t\t\tdata-src=\"http:\/\/www.lagottoromagnolo.org\/wp-content\/gallery\/expo03\/bagnara03-13.jpg?t=1497025874\"\n\t\t\tdata-thumbnail=\"http:\/\/www.lagottoromagnolo.org\/wp-content\/gallery\/expo03\/thumbs\/thumbs_bagnara03-13.jpg?t=1497025874\"\n\t\t\tdata-image-id=\"464\"\n\t\t\tdata-image-name=\"bagnara03-13.jpg\"\n\t\t\tdata-title=\"bagnara03-13\"\n\t\t\tdata-description=\"Miglior coppia: Tartufo delle Farnie - Missdora prop. Federici F.\"\n\t\t\tdata-image-slug=\"bagnara03-13\"\n\t\t\t\t\t\t\t\t\t\t\t\t\t\t\t\t\t\t\t\tclass=\"ngg-fancybox\" rel=\"f62517475c01360cfb14755631218494\">\n\t\t\t\t\t\t\t\t<img\n\t\t\t\t\ttitle=\"bagnara03-13\"\n\t\t\t\t\talt=\"bagnara03-13\"\n\t\t\t\t\tsrc=\"http:\/\/www.lagottoromagnolo.org\/wp-content\/gallery\/expo03\/thumbs\/thumbs_bagnara03-13.jpg?t=1497025874\"\n\t\t\t\t\twidth=\"100\"\n\t\t\t\t\theight=\"75\"\n\t\t\t\t\tstyle=\"max-width:100%;\"\n\t\t\t\t\/>\n\t\t\t<\/a>\n\t\t<\/div>\n\t\t\t\t\t\t\t<\/div>\n\t\t\t\n\t\t\t\t<div id=\"ngg-image-12\" class=\"ngg-gallery-thumbnail-box\n\t\t\t\t\t\t\t\tngg-6-columns\t\t\t\"\n\t\t\t>\n\t\t\t\t\t\t<div class=\"ngg-gallery-thumbnail\">\n\t\t<a href=\"http:\/\/www.lagottoromagnolo.org\/wp-content\/gallery\/expo03\/bagnara03-14.jpg?t=1497025874\"\n\t\t\ttitle=\"Miglior gruppo: Diabolik delle Farnie, Tretmysiafarnia, Dreamysotta delle Farnie prop. Bernabei L.\"\n\t\t\tdata-src=\"http:\/\/www.lagottoromagnolo.org\/wp-content\/gallery\/expo03\/bagnara03-14.jpg?t=1497025874\"\n\t\t\tdata-thumbnail=\"http:\/\/www.lagottoromagnolo.org\/wp-content\/gallery\/expo03\/thumbs\/thumbs_bagnara03-14.jpg?t=1497025874\"\n\t\t\tdata-image-id=\"465\"\n\t\t\tdata-image-name=\"bagnara03-14.jpg\"\n\t\t\tdata-title=\"bagnara03-14\"\n\t\t\tdata-description=\"Miglior gruppo: Diabolik delle Farnie, Tretmysiafarnia, Dreamysotta delle Farnie prop. Bernabei L.\"\n\t\t\tdata-image-slug=\"bagnara03-14\"\n\t\t\t\t\t\t\t\t\t\t\t\t\t\t\t\t\t\t\t\tclass=\"ngg-fancybox\" rel=\"f62517475c01360cfb14755631218494\">\n\t\t\t\t\t\t\t\t<img\n\t\t\t\t\ttitle=\"bagnara03-14\"\n\t\t\t\t\talt=\"bagnara03-14\"\n\t\t\t\t\tsrc=\"http:\/\/www.lagottoromagnolo.org\/wp-content\/gallery\/expo03\/thumbs\/thumbs_bagnara03-14.jpg?t=1497025874\"\n\t\t\t\t\twidth=\"100\"\n\t\t\t\t\theight=\"75\"\n\t\t\t\t\tstyle=\"max-width:100%;\"\n\t\t\t\t\/>\n\t\t\t<\/a>\n\t\t<\/div>\n\t\t\t\t\t\t\t<\/div>\n\t\t\t\n\t\t\t\t<div id=\"ngg-image-13\" class=\"ngg-gallery-thumbnail-box\n\t\t\t\t\t\t\t\tngg-6-columns\t\t\t\"\n\t\t\t>\n\t\t\t\t\t\t<div class=\"ngg-gallery-thumbnail\">\n\t\t<a href=\"http:\/\/www.lagottoromagnolo.org\/wp-content\/gallery\/expo03\/bagnara03-15.jpg?t=1553033891\"\n\t\t\ttitle=\"bob - COINCIDENZA delle Farnie, all. Bernabei L. prop. Dondina P.\"\n\t\t\tdata-src=\"http:\/\/www.lagottoromagnolo.org\/wp-content\/gallery\/expo03\/bagnara03-15.jpg?t=1553033891\"\n\t\t\tdata-thumbnail=\"http:\/\/www.lagottoromagnolo.org\/wp-content\/gallery\/expo03\/thumbs\/thumbs_bagnara03-15.jpg?t=1553033891\"\n\t\t\tdata-image-id=\"466\"\n\t\t\tdata-image-name=\"bagnara03-15.jpg\"\n\t\t\tdata-title=\"bagnara03-15\"\n\t\t\tdata-description=\"bob - COINCIDENZA delle Farnie, all. Bernabei L. prop. Dondina P.\"\n\t\t\tdata-image-slug=\"bagnara03-15\"\n\t\t\t\t\t\t\t\t\t\t\t\t\t\t\t\t\t\t\t\tclass=\"ngg-fancybox\" rel=\"f62517475c01360cfb14755631218494\">\n\t\t\t\t\t\t\t\t<img\n\t\t\t\t\ttitle=\"bagnara03-15\"\n\t\t\t\t\talt=\"bagnara03-15\"\n\t\t\t\t\tsrc=\"http:\/\/www.lagottoromagnolo.org\/wp-content\/gallery\/expo03\/thumbs\/thumbs_bagnara03-15.jpg?t=1553033891\"\n\t\t\t\t\twidth=\"100\"\n\t\t\t\t\theight=\"75\"\n\t\t\t\t\tstyle=\"max-width:100%;\"\n\t\t\t\t\/>\n\t\t\t<\/a>\n\t\t<\/div>\n\t\t\t\t\t\t\t<\/div>\n\t\t\t\n\t\t\t\t<div id=\"ngg-image-14\" class=\"ngg-gallery-thumbnail-box\n\t\t\t\t\t\t\t\tngg-6-columns\t\t\t\"\n\t\t\t>\n\t\t\t\t\t\t<div class=\"ngg-gallery-thumbnail\">\n\t\t<a href=\"http:\/\/www.lagottoromagnolo.org\/wp-content\/gallery\/expo03\/bagnara03-16.jpg?t=1553033891\"\n\t\t\ttitle=\"Gruppo concorrenti\"\n\t\t\tdata-src=\"http:\/\/www.lagottoromagnolo.org\/wp-content\/gallery\/expo03\/bagnara03-16.jpg?t=1553033891\"\n\t\t\tdata-thumbnail=\"http:\/\/www.lagottoromagnolo.org\/wp-content\/gallery\/expo03\/thumbs\/thumbs_bagnara03-16.jpg?t=1553033891\"\n\t\t\tdata-image-id=\"467\"\n\t\t\tdata-image-name=\"bagnara03-16.jpg\"\n\t\t\tdata-title=\"bagnara03-16\"\n\t\t\tdata-description=\"Gruppo concorrenti\"\n\t\t\tdata-image-slug=\"bagnara03-16\"\n\t\t\t\t\t\t\t\t\t\t\t\t\t\t\t\t\t\t\t\tclass=\"ngg-fancybox\" rel=\"f62517475c01360cfb14755631218494\">\n\t\t\t\t\t\t\t\t<img\n\t\t\t\t\ttitle=\"bagnara03-16\"\n\t\t\t\t\talt=\"bagnara03-16\"\n\t\t\t\t\tsrc=\"http:\/\/www.lagottoromagnolo.org\/wp-content\/gallery\/expo03\/thumbs\/thumbs_bagnara03-16.jpg?t=1553033891\"\n\t\t\t\t\twidth=\"100\"\n\t\t\t\t\theight=\"75\"\n\t\t\t\t\tstyle=\"max-width:100%;\"\n\t\t\t\t\/>\n\t\t\t<\/a>\n\t\t<\/div>\n\t\t\t\t\t\t\t<\/div>\n\t\t\t\n\t\n\t<br style=\"clear: both\" \/>\n\n\t\n\t\t<div class=\"ngg-clear\"><\/div>\n\t<\/div>\n<\/p>\n<p style=\"text-align: center;\">La Combinata<\/p>\n<p style=\"text-align: center;\">ngg_shortcode_8_placeholder<\/p>\n<p style=\"text-align: center;\"><strong>BRENNJ delle Farnie<\/strong> all. e prop. Bernabei L, con un 1\u00b0 ecc in bellezza ed un 3\u00b0 ecc in lavoro ha conquistato il Trofeo <strong>\u201cMemorial Quintino Toschi\u201d<\/strong> tradizionalmente messo in palio in questa occasione.<\/p>\n<blockquote><p>Ben 17 soggetti si sono cimentati nelle due giornate di gare, aiutati dall\u2019aver svolto la prova di bellezza il giorno prima di quella di lavoro e quindi a Valpiana si potevano sporcare tranquillamente senza la preoccupazione di doverli \u201dripulire\u201d nella notte. Il numero per\u00f2 non deve aver portato molta fortuna, infatti un solo soggetto ha ottenuto la massima qualifica nelle due giornate, a conferma della selettivit\u00e0 di questo tipo di prova.<\/p><\/blockquote>\n<p><a href=\"http:\/\/www.lagottoromagnolo.org\/?page_id=161\">&gt;Indietro<\/a><\/p>\n<p>&nbsp;<\/p>\n","protected":false},"excerpt":{"rendered":"<p>&gt;Indietro . ESPOSIZIONE INTERNAZIONALE \u2013 MOSTRA SPECIALE MILANO 26 gennaio 2003 Giudice: Francesco Balducci, 16 iscritti Campioni maschi: 1\u00b0 ecc FRIZ all. Castellini S. prop. Landi L. Libera maschi: 1\u00b0 ecc cac bob TIM delle Farnie all. e prop. Bernabei <span class=\"excerpt-dots\">&hellip;<\/span> <a class=\"more-link\" href=\"http:\/\/www.lagottoromagnolo.org\/?p=972\"><span class=\"more-msg\">Continua a leggere &rarr;<\/span><\/a><\/p>\n","protected":false},"author":2,"featured_media":0,"comment_status":"closed","ping_status":"closed","sticky":false,"template":"","format":"standard","meta":{"ngg_post_thumbnail":0,"footnotes":""},"categories":[1],"tags":[13,29,30,32,31],"class_list":["post-972","post","type-post","status-publish","format-standard","hentry","category-bellezza","tag-13","tag-expo","tag-mondiale","tag-mostra-speciale","tag-raduno"],"_links":{"self":[{"href":"http:\/\/www.lagottoromagnolo.org\/index.php?rest_route=\/wp\/v2\/posts\/972","targetHints":{"allow":["GET"]}}],"collection":[{"href":"http:\/\/www.lagottoromagnolo.org\/index.php?rest_route=\/wp\/v2\/posts"}],"about":[{"href":"http:\/\/www.lagottoromagnolo.org\/index.php?rest_route=\/wp\/v2\/types\/post"}],"author":[{"embeddable":true,"href":"http:\/\/www.lagottoromagnolo.org\/index.php?rest_route=\/wp\/v2\/users\/2"}],"replies":[{"embeddable":true,"href":"http:\/\/www.lagottoromagnolo.org\/index.php?rest_route=%2Fwp%2Fv2%2Fcomments&post=972"}],"version-history":[{"count":17,"href":"http:\/\/www.lagottoromagnolo.org\/index.php?rest_route=\/wp\/v2\/posts\/972\/revisions"}],"predecessor-version":[{"id":2478,"href":"http:\/\/www.lagottoromagnolo.org\/index.php?rest_route=\/wp\/v2\/posts\/972\/revisions\/2478"}],"wp:attachment":[{"href":"http:\/\/www.lagottoromagnolo.org\/index.php?rest_route=%2Fwp%2Fv2%2Fmedia&parent=972"}],"wp:term":[{"taxonomy":"category","embeddable":true,"href":"http:\/\/www.lagottoromagnolo.org\/index.php?rest_route=%2Fwp%2Fv2%2Fcategories&post=972"},{"taxonomy":"post_tag","embeddable":true,"href":"http:\/\/www.lagottoromagnolo.org\/index.php?rest_route=%2Fwp%2Fv2%2Ftags&post=972"}],"curies":[{"name":"wp","href":"https:\/\/api.w.org\/{rel}","templated":true}]}}